{"id":41945,"date":"2025-05-27T14:03:33","date_gmt":"2025-05-27T20:03:33","guid":{"rendered":"https:\/\/contextoanalisisperiodistico.com\/?p=41945"},"modified":"2025-05-27T14:04:50","modified_gmt":"2025-05-27T20:04:50","slug":"salgamos-a-votar-por-el-derecho-a-una-justicia-pronta-verdadera-e-imparcial-convoca-el-regidor-alvarez-martinez","status":"publish","type":"post","link":"https:\/\/contextoanalisisperiodistico.com\/index.php\/2025\/05\/27\/salgamos-a-votar-por-el-derecho-a-una-justicia-pronta-verdadera-e-imparcial-convoca-el-regidor-alvarez-martinez\/","title":{"rendered":"A votar por el derecho a una justicia pronta, verdadera e imparcial, convoca el regidor \u00c1lvarez Mart\u00ednez"},"content":{"rendered":"<div id=\"fb-root\"><\/div>\n\n<p>(Comunicado) Al considerar lo trascendental para nuestra sociedad la elecci\u00f3n extraordinaria del Poder Judicial de la Federaci\u00f3n, el proximo domingo, el Regidor de Oaxaca de Ju\u00e1rez, Antonio \u00c1lvarez Mart\u00ednez, convoc\u00f3 a la ciudadan\u00eda para acudir a las urnas y cumplir con una obligaci\u00f3n ciudadana.<\/p>\n\n\n\n<p>Destac\u00f3 \u00abestamos viviendo un momento hist\u00f3rico en nuestro pa\u00eds. Por primera vez, la ciudadan\u00eda tendr\u00e1 la oportunidad de elegir, mediante su voto directo, a las y los que ser\u00e1n&nbsp; responsables de impartir justicia desde los distintos \u00f3rganos que integran el Poder Judical Federal.<\/p>\n\n\n\n<p>En Sesion de Cabildo, celebrada est\u00e1 ma\u00f1ana, reconoci\u00f3 que se ha discutido mucho, m\u00e1s de la cuenta, sobre la trascendencia e importancia de esta reforma constitucional del Poder Judicial de la Naci\u00f3n, no s\u00f3lo en el contexto hist\u00f3rico, sino pol\u00edtico, puesto que ha sido una exigencia de nuestra sociedad, el contar con Tribunales que garanticen plenamente el acceso a la verdadera justicia, a una justicia pronta, completa e imparcial.<\/p>\n\n\n\n<p>Puntualiz\u00f3 sobre la existencia de voces incentivando el abstencionismo por lo qu\u00e9 preciso: \u00abla izquierda en nuestro pa\u00eds, en su lucha hist\u00f3rica, logr\u00f3 el reconocimiento pleno de los derechos pol\u00edtico electorales para todas las personas y que el sufragio se convirtiera en un verdadero instrumento de poder para la ciudadan\u00eda\u00bb.<\/p>\n\n\n\n<p>Destac\u00f3: \u00abel pr\u00f3ximo primero de junio celebraremos una jornada hist\u00f3rica, en la que, en total civilidad, saldremos a votar dentro del marco legal e institucional, para sufragar por las personas a las que consideremos los mejores perfiles en los diferentes cargos dentro del Poder Judicial de la Federaci\u00f3n, lo que sin duda, favorecer\u00e1 a la independencia del Poder Judicial\u00bb, agreg\u00f3.<\/p>\n\n\n\n<figure class=\"wp-block-video\"><\/figure>\n\n\n\n<figure class=\"wp-block-video\"><video controls src=\"https:\/\/contextoanalisisperiodistico.com\/wp-content\/uploads\/2025\/05\/VID-20250527-WA0074.mp4\"><\/video><\/figure>\n","protected":false},"excerpt":{"rendered":"<p>(Comunicado) Al considerar lo trascendental para nuestra sociedad la elecci\u00f3n extraordinaria del Poder Judicial de&#8230;<\/p>\n","protected":false},"author":4,"featured_media":41944,"comment_status":"closed","ping_status":"open","sticky":false,"template":"","format":"standard","meta":{"footnotes":""},"categories":[9],"tags":[],"jetpack_sharing_enabled":true,"featured_image_urls":{"full":["https:\/\/contextoanalisisperiodistico.com\/wp-content\/uploads\/2025\/05\/IMG-20250527-WA0068.jpg",1280,855,false],"thumbnail":["https:\/\/contextoanalisisperiodistico.com\/wp-content\/uploads\/2025\/05\/IMG-20250527-WA0068-150x150.jpg",150,150,true],"medium":["https:\/\/contextoanalisisperiodistico.com\/wp-content\/uploads\/2025\/05\/IMG-20250527-WA0068-300x200.jpg",300,200,true],"medium_large":["https:\/\/contextoanalisisperiodistico.com\/wp-content\/uploads\/2025\/05\/IMG-20250527-WA0068-768x513.jpg",640,428,true],"large":["https:\/\/contextoanalisisperiodistico.com\/wp-content\/uploads\/2025\/05\/IMG-20250527-WA0068-1024x684.jpg",640,428,true],"1536x1536":["https:\/\/contextoanalisisperiodistico.com\/wp-content\/uploads\/2025\/05\/IMG-20250527-WA0068.jpg",1280,855,false],"2048x2048":["https:\/\/contextoanalisisperiodistico.com\/wp-content\/uploads\/2025\/05\/IMG-20250527-WA0068.jpg",1280,855,false],"covernews-slider-full":["https:\/\/contextoanalisisperiodistico.com\/wp-content\/uploads\/2025\/05\/IMG-20250527-WA0068-1115x715.jpg",1115,715,true],"covernews-slider-center":["https:\/\/contextoanalisisperiodistico.com\/wp-content\/uploads\/2025\/05\/IMG-20250527-WA0068-800x500.jpg",800,500,true],"covernews-featured":["https:\/\/contextoanalisisperiodistico.com\/wp-content\/uploads\/2025\/05\/IMG-20250527-WA0068-1024x684.jpg",1024,684,true],"covernews-medium":["https:\/\/contextoanalisisperiodistico.com\/wp-content\/uploads\/2025\/05\/IMG-20250527-WA0068-540x340.jpg",540,340,true],"covernews-medium-square":["https:\/\/contextoanalisisperiodistico.com\/wp-content\/uploads\/2025\/05\/IMG-20250527-WA0068-400x250.jpg",400,250,true]},"author_info":{"display_name":"Mario Gir\u00f3n","author_link":"https:\/\/contextoanalisisperiodistico.com\/index.php\/author\/director\/"},"category_info":"<a href=\"https:\/\/contextoanalisisperiodistico.com\/index.php\/category\/politica\/\" rel=\"category tag\">Pol\u00edtica<\/a>","tag_info":"Pol\u00edtica","comment_count":"0","jetpack_featured_media_url":"https:\/\/contextoanalisisperiodistico.com\/wp-content\/uploads\/2025\/05\/IMG-20250527-WA0068.jpg","_links":{"self":[{"href":"https:\/\/contextoanalisisperiodistico.com\/index.php\/wp-json\/wp\/v2\/posts\/41945"}],"collection":[{"href":"https:\/\/contextoanalisisperiodistico.com\/index.php\/wp-json\/wp\/v2\/posts"}],"about":[{"href":"https:\/\/contextoanalisisperiodistico.com\/index.php\/wp-json\/wp\/v2\/types\/post"}],"author":[{"embeddable":true,"href":"https:\/\/contextoanalisisperiodistico.com\/index.php\/wp-json\/wp\/v2\/users\/4"}],"replies":[{"embeddable":true,"href":"https:\/\/contextoanalisisperiodistico.com\/index.php\/wp-json\/wp\/v2\/comments?post=41945"}],"version-history":[{"count":2,"href":"https:\/\/contextoanalisisperiodistico.com\/index.php\/wp-json\/wp\/v2\/posts\/41945\/revisions"}],"predecessor-version":[{"id":41948,"href":"https:\/\/contextoanalisisperiodistico.com\/index.php\/wp-json\/wp\/v2\/posts\/41945\/revisions\/41948"}],"wp:featuredmedia":[{"embeddable":true,"href":"https:\/\/contextoanalisisperiodistico.com\/index.php\/wp-json\/wp\/v2\/media\/41944"}],"wp:attachment":[{"href":"https:\/\/contextoanalisisperiodistico.com\/index.php\/wp-json\/wp\/v2\/media?parent=41945"}],"wp:term":[{"taxonomy":"category","embeddable":true,"href":"https:\/\/contextoanalisisperiodistico.com\/index.php\/wp-json\/wp\/v2\/categories?post=41945"},{"taxonomy":"post_tag","embeddable":true,"href":"https:\/\/contextoanalisisperiodistico.com\/index.php\/wp-json\/wp\/v2\/tags?post=41945"}],"curies":[{"name":"wp","href":"https:\/\/api.w.org\/{rel}","templated":true}]}}