{"id":41922,"date":"2025-05-26T23:29:58","date_gmt":"2025-05-27T05:29:58","guid":{"rendered":"https:\/\/contextoanalisisperiodistico.com\/?p=41922"},"modified":"2025-05-26T23:30:08","modified_gmt":"2025-05-27T05:30:08","slug":"diferencia-real-y-palpable-la-construccion-de-una-ciudad-mas-segura-ray-chagoya","status":"publish","type":"post","link":"https:\/\/contextoanalisisperiodistico.com\/index.php\/2025\/05\/26\/diferencia-real-y-palpable-la-construccion-de-una-ciudad-mas-segura-ray-chagoya\/","title":{"rendered":"Diferencia real y palpable la construcci\u00f3n de una ciudad m\u00e1s segura: Ray Chagoya"},"content":{"rendered":"<div id=\"fb-root\"><\/div>\n\n<p>(*) Devolver la tranquilidad y el orden a las calles de la capital oaxaque\u00f1a, el compromiso<\/p>\n\n\n\n<p>Mario GIR\u00d3N<\/p>\n\n\n\n<p>Que la poblaci\u00f3n se sienta en una ciudad m\u00e1s segura, es meta de trabajo en Oaxaca de Ju\u00e1rez, asegura el presidente municipal, Ray Chagoya. \u201cCon la fuerza de los capitalinos y el apoyo incondicional del gobernador, Salom\u00f3n Jara y de la presidenta, Claudia Sheinbaum, entre todos seguimos en la construcci\u00f3n de una ciudad m\u00e1s segura\u201d, agrega el joven edil capitalino.<\/p>\n\n\n\n<p><br>Explica. \u201cMe refiero a los tequios ciudadanos y jornadas de territorio, cuando destaco la fuerza capitalina que no ha dejado solo a un gobierno municipal con trabajo de territorio. Cercano a la comunidad, a la base social, desde donde estamos resolviendo los retos principales para poder hablar de una ciudad segura\u201d, destaca Ray Chagoya.<\/p>\n\n\n\n<p><br>\u201cTenemos resultados\u201d, asegura. Por ejemplo, informa: \u201cde acuerdo con datos del Secretariado Ejecutivo del Sistema Nacional de Seguridad P\u00fablica, en comparaci\u00f3n con la administraci\u00f3n anterior, se ha reducido en casi 30% los delitos contra la vida; 15% en delitos sexuales; 55% en robos y abuso de confianza; 58% en violencia familiar y de g\u00e9nero y 48% en delitos como trata de personas\u201d.<\/p>\n\n\n\n<p><br>Subraya: \u201clos resultados del Secretariado Ejecutivo del Sistema Nacional de Seguridad P\u00fablica indican que en Oaxaca de Ju\u00e1rez estamos cumpliendo con nuestra palabra empe\u00f1ada en el sentido de mejorar la seguridad. Entre todos seguimos en la tarea de construir una ciudad m\u00e1s segura para todos\u201d, manifest\u00f3 Ray Chagoya.<\/p>\n\n\n\n<p><br>\u201cAsumimos el compromiso: devolver la tranquilidad y el orden a las calles de la capital oaxaque\u00f1a. Que todos nos sintamos seguros en la v\u00eda p\u00fablica. Para lograrlo, contamos con el respaldo del gobernador Jara y la presidenta Sheinbaum. Estamos impulsando una Estrategia de Seguridad Integral que ha comenzado a marcar una diferencia concreta, real y palpable en la vida de la ciudadan\u00eda.<\/p>\n\n\n\n<p><br>Explic\u00f3 que m\u00e1s equipamiento, mayor capacitaci\u00f3n, m\u00e1s polic\u00edas y tecnolog\u00eda, atenci\u00f3n a las causas sociales, trabajo territorial con la ciudadan\u00eda, as\u00ed como una coordinaci\u00f3n hist\u00f3rica entre los tres niveles de gobierno, significa la Estrategia de Seguridad Integral en Oaxaca de Ju\u00e1rez.<br>Equipamiento renovado, desde el primer d\u00eda<\/p>\n\n\n\n<p>Desde el arranque de la administraci\u00f3n municipal, afirma, atender una de las principales carencias fue lo que concretamos: atender el deteriorado parque vehicular de las corporaciones de seguridad. Con una inversi\u00f3n decidida, se adquirieron 31 nuevas patrullas, incluyendo 6 camionetas, que han permitido ampliar la cobertura territorial y fortalecer la presencia policiaca en zonas estrat\u00e9gicas. Esta acci\u00f3n fue ejecutada en los primeros d\u00edas de gobierno como una se\u00f1al clara de que la seguridad es una prioridad.<\/p>\n\n\n\n<p>Capacitaci\u00f3n policial para alcanzar grado de corporaci\u00f3n profesional<\/p>\n\n\n\n<p>En contraste con lo que ocurr\u00eda en administraciones anteriores \u2014donde ni siquiera se contaba con elementos certificados\u2014, inform\u00f3 que actualmente la Polic\u00eda Municipal se encuentra en un proceso constante de profesionalizaci\u00f3n. Las y los elementos reciben formaci\u00f3n en derechos humanos, proximidad social, intervenci\u00f3n t\u00e1ctica y otras competencias que les permiten actuar con legalidad, eficacia y cercan\u00eda con la ciudadan\u00eda.<\/p>\n\n\n\n<p>M\u00e1s elementos, m\u00e1s presencia, m\u00e1s equidad<\/p>\n\n\n\n<p>Consider\u00f3 que uno de los retos m\u00e1s grandes era el envejecimiento del cuerpo policial, debido a la falta de convocatorias en a\u00f1os anteriores. Hoy, por primera vez en mucho tiempo abrimos una convocatoria p\u00fablica para integrar nuevos elementos, priorizando el perfil, la formaci\u00f3n y la incorporaci\u00f3n de mujeres a las filas policiales. Esta acci\u00f3n busca rejuvenecer, profesionalizar y equilibrar la fuerza p\u00fablica con visi\u00f3n de largo plazo.<\/p>\n\n\n\n<p>Tecnolog\u00eda y presencia estrat\u00e9gica<\/p>\n\n\n\n<p>El uso de herramientas tecnol\u00f3gicas tambi\u00e9n es clave en esta estrategia. Se han instalado arcos de seguridad con c\u00e1maras de videovigilancia en puntos clave, que permiten monitorear, disuadir y responder con rapidez ante posibles delitos. Adem\u00e1s, se recuperaron m\u00f3dulos m\u00f3viles de seguridad, que fueron rehabilitados, equipados y ubicados estrat\u00e9gicamente en espacios p\u00fablicos de alta circulaci\u00f3n, como mercados, centros comerciales y zonas bancarias.<\/p>\n\n\n\n<p>Una ciudad iluminada, una ciudad m\u00e1s segura<\/p>\n\n\n\n<p>Destac\u00f3 que la estrategia va m\u00e1s all\u00e1 de la fuerza p\u00fablica. Involucra a distintas \u00e1reas del gobierno municipal. Una de ellas es el \u00e1rea de iluminaci\u00f3n, que ha desarrollado acciones contundentes para mejorar la visibilidad en espacios p\u00fablicos. Un ejemplo de ello es la reciente intervenci\u00f3n en la Central de Abasto, donde se rehabilit\u00f3 el sistema de luminarias, transformando una zona que antes estaba completamente a oscuras en un \u00e1rea segura y funcional.<\/p>\n\n\n\n<p>Recuperaci\u00f3n de espacios p\u00fablicos: teor\u00eda y pr\u00e1ctica contra el delito<\/p>\n\n\n\n<p>Otra l\u00ednea de acci\u00f3n, subray\u00f3, es el rescate de espacios p\u00fablicos. La poda de \u00e1rboles, la limpieza de calles, y el mantenimiento de parques y jardines no solo mejora el paisaje urbano, sino que cumple una funci\u00f3n preventiva: una ciudad ordenada y limpia transmite autoridad, disuade delitos y mejora la convivencia.<\/p>\n\n\n\n<p>Adem\u00e1s, se han impulsado programas para el fomento al deporte y la recreaci\u00f3n, con el objetivo de ofrecer a ni\u00f1as, ni\u00f1os y j\u00f3venes alternativas saludables para el uso del tiempo libre, alej\u00e1ndolos de los riesgos de la violencia y la delincuencia. El Instituto Municipal del Deporte promueve torneos, actividades f\u00edsicas y entrenamientos en distintos puntos de la ciudad, recuperando espacios comunitarios y fomentando la cohesi\u00f3n social.<\/p>\n\n\n\n<p>El Tequio: ciudadan\u00eda activa contra el abandono<\/p>\n\n\n\n<p>Resalt\u00f3 que la participaci\u00f3n ciudadana tambi\u00e9n ha sido fundamental. A trav\u00e9s de los Tequios Vecinales, se recuperan zonas en abandono \u2014donde proliferaban autos chatarra, basura y delincuencia\u2014 para devolverles vida, limpieza e iluminaci\u00f3n. Esta estrategia se basa en la teor\u00eda de las ventanas rotas, que afirma que el deterioro urbano genera una percepci\u00f3n de impunidad y facilita la comisi\u00f3n de delitos. Por ello, el retiro de veh\u00edculos abandonados, la mejora de fachadas y la limpieza de terrenos bald\u00edos son parte del trabajo cotidiano.<\/p>\n\n\n\n<p>Coordinaci\u00f3n institucional: tres niveles de gobierno por una sola seguridad<\/p>\n\n\n\n<p>Inform\u00f3 que un hecho sin precedentes recientes es la coordinaci\u00f3n efectiva entre el gobierno federal, estatal y municipal. Bajo el liderazgo de la presidenta de la Rep\u00fablica, doctora Claudia Sheinbaum, del gobernador del estado, ingeniero Salom\u00f3n Jara Cruz, y del presidente municipal Ray Chagoya, se han alineado esfuerzos y recursos para garantizar resultados.<\/p>\n\n\n\n<p>El gabinete de seguridad sesiona semanalmente, y en \u00e9l participan representantes de la SEDENA, Guardia Nacional, Fiscal\u00eda, Polic\u00eda Estatal y Municipal. Esta coordinaci\u00f3n permite tener una visi\u00f3n metropolitana de la seguridad, integrando a los municipios vecinos en acciones conjuntas y evitando que las estrategias se queden aisladas.<\/p>\n\n\n\n<p>Escuchar para resolver: los Di\u00e1logos Vecinales y Jueves y Viernes de Territorio<\/p>\n\n\n\n<p>El gobierno de Ray Chagoya ha instaurado un nuevo modelo de proximidad ciudadana. A trav\u00e9s de los Di\u00e1logos Vecinales y los Jueves y Viernes de Territorio, las autoridades visitan colonias, barrios y agencias municipales para escuchar directamente a la ciudadan\u00eda.<\/p>\n\n\n\n<p>En estos ejercicios se detectan, en voz de los vecinos, los focos de inseguridad: calles sin luz, zonas abandonadas, calles sin vigilancia o con presencia de pandillas. All\u00ed mismo se dise\u00f1an soluciones con las diferentes \u00e1reas del gobierno municipal: desde obras p\u00fablicas hasta servicios de limpieza y seguridad vecinal. La consigna es clara: \u201cPara resolver, hay que recorrer.\u201d<\/p>\n\n\n\n<p>Resultados que se reflejan en la calle<\/p>\n\n\n\n<p>Resultado de esta estrategia articulada, los indicadores delictivos muestran una tendencia a la baja en delitos patrimoniales y de alto impacto. Aunque el reto es grande, el municipio avanza con una visi\u00f3n integral que no descansa \u00fanicamente en la polic\u00eda, sino que entiende que la seguridad se construye desde el orden, la participaci\u00f3n, la iluminaci\u00f3n y la justicia social.<\/p>\n\n\n\n<figure class=\"wp-block-video\"><\/figure>\n\n\n\n<figure class=\"wp-block-video\"><video controls src=\"https:\/\/contextoanalisisperiodistico.com\/wp-content\/uploads\/2025\/05\/VID-20250526-WA0174.mp4\"><\/video><\/figure>\n\n\n\n<figure class=\"wp-block-video\"><\/figure>\n\n\n\n<figure class=\"wp-block-image size-large\"><img decoding=\"async\" src=\"file:\/\/\/data\/user\/0\/org.wordpress.android\/cache\/d7f764f9-933e-4111-895b-b0bf7e342ad1-1_all_661247013846316555292078.jpg\" alt=\"\" class=\"wp-image-21020\"\/><\/figure>\n\n\n\n<figure class=\"wp-block-image\"><img decoding=\"async\" src=\"file:\/\/\/data\/user\/0\/org.wordpress.android\/cache\/d7f764f9-933e-4111-895b-b0bf7e342ad1-1_all_661254505234774096212539.jpg\" alt=\"\" class=\"wp-image-21021\"\/><\/figure>\n\n\n\n<figure class=\"wp-block-image\"><img decoding=\"async\" src=\"file:\/\/\/data\/user\/0\/org.wordpress.android\/cache\/d7f764f9-933e-4111-895b-b0bf7e342ad1-1_all_661264687532296345891777.jpg\" alt=\"\" class=\"wp-image-21022\"\/><\/figure>\n\n\n\n<figure class=\"wp-block-image\"><img decoding=\"async\" src=\"file:\/\/\/data\/user\/0\/org.wordpress.android\/cache\/d7f764f9-933e-4111-895b-b0bf7e342ad1-1_all_661235881023134959361856.jpg\" alt=\"\" class=\"wp-image-21023\"\/><\/figure>\n\n\n\n<figure class=\"wp-block-image\"><img decoding=\"async\" src=\"file:\/\/\/data\/user\/0\/org.wordpress.android\/cache\/d7f764f9-933e-4111-895b-b0bf7e342ad1-1_all_661229003912417005439070.jpg\" alt=\"\" class=\"wp-image-21024\"\/><\/figure>\n\n\n\n<figure class=\"wp-block-image\"><img decoding=\"async\" src=\"file:\/\/\/data\/user\/0\/org.wordpress.android\/cache\/d7f764f9-933e-4111-895b-b0bf7e342ad1-1_all_661204596244356434556052.jpg\" alt=\"\" class=\"wp-image-21025\"\/><\/figure>\n\n\n\n<figure class=\"wp-block-video\"><\/figure>\n","protected":false},"excerpt":{"rendered":"<p>(*) Devolver la tranquilidad y el orden a las calles de la capital oaxaque\u00f1a, el&#8230;<\/p>\n","protected":false},"author":4,"featured_media":41921,"comment_status":"closed","ping_status":"open","sticky":false,"template":"","format":"standard","meta":{"footnotes":""},"categories":[9],"tags":[178,235,234,45],"jetpack_sharing_enabled":true,"featured_image_urls":{"full":["https:\/\/contextoanalisisperiodistico.com\/wp-content\/uploads\/2025\/05\/d7f764f9-933e-4111-895b-b0bf7e342ad1-1_all_66121.jpg",2048,1366,false],"thumbnail":["https:\/\/contextoanalisisperiodistico.com\/wp-content\/uploads\/2025\/05\/d7f764f9-933e-4111-895b-b0bf7e342ad1-1_all_66121-150x150.jpg",150,150,true],"medium":["https:\/\/contextoanalisisperiodistico.com\/wp-content\/uploads\/2025\/05\/d7f764f9-933e-4111-895b-b0bf7e342ad1-1_all_66121-300x200.jpg",300,200,true],"medium_large":["https:\/\/contextoanalisisperiodistico.com\/wp-content\/uploads\/2025\/05\/d7f764f9-933e-4111-895b-b0bf7e342ad1-1_all_66121-768x512.jpg",640,427,true],"large":["https:\/\/contextoanalisisperiodistico.com\/wp-content\/uploads\/2025\/05\/d7f764f9-933e-4111-895b-b0bf7e342ad1-1_all_66121-1024x683.jpg",640,427,true],"1536x1536":["https:\/\/contextoanalisisperiodistico.com\/wp-content\/uploads\/2025\/05\/d7f764f9-933e-4111-895b-b0bf7e342ad1-1_all_66121-1536x1025.jpg",1536,1025,true],"2048x2048":["https:\/\/contextoanalisisperiodistico.com\/wp-content\/uploads\/2025\/05\/d7f764f9-933e-4111-895b-b0bf7e342ad1-1_all_66121.jpg",2048,1366,false],"covernews-slider-full":["https:\/\/contextoanalisisperiodistico.com\/wp-content\/uploads\/2025\/05\/d7f764f9-933e-4111-895b-b0bf7e342ad1-1_all_66121-1115x715.jpg",1115,715,true],"covernews-slider-center":["https:\/\/contextoanalisisperiodistico.com\/wp-content\/uploads\/2025\/05\/d7f764f9-933e-4111-895b-b0bf7e342ad1-1_all_66121-800x500.jpg",800,500,true],"covernews-featured":["https:\/\/contextoanalisisperiodistico.com\/wp-content\/uploads\/2025\/05\/d7f764f9-933e-4111-895b-b0bf7e342ad1-1_all_66121-1024x683.jpg",1024,683,true],"covernews-medium":["https:\/\/contextoanalisisperiodistico.com\/wp-content\/uploads\/2025\/05\/d7f764f9-933e-4111-895b-b0bf7e342ad1-1_all_66121-540x340.jpg",540,340,true],"covernews-medium-square":["https:\/\/contextoanalisisperiodistico.com\/wp-content\/uploads\/2025\/05\/d7f764f9-933e-4111-895b-b0bf7e342ad1-1_all_66121-400x250.jpg",400,250,true]},"author_info":{"display_name":"Mario Gir\u00f3n","author_link":"https:\/\/contextoanalisisperiodistico.com\/index.php\/author\/director\/"},"category_info":"<a href=\"https:\/\/contextoanalisisperiodistico.com\/index.php\/category\/politica\/\" rel=\"category tag\">Pol\u00edtica<\/a>","tag_info":"Pol\u00edtica","comment_count":"0","jetpack_featured_media_url":"https:\/\/contextoanalisisperiodistico.com\/wp-content\/uploads\/2025\/05\/d7f764f9-933e-4111-895b-b0bf7e342ad1-1_all_66121.jpg","_links":{"self":[{"href":"https:\/\/contextoanalisisperiodistico.com\/index.php\/wp-json\/wp\/v2\/posts\/41922"}],"collection":[{"href":"https:\/\/contextoanalisisperiodistico.com\/index.php\/wp-json\/wp\/v2\/posts"}],"about":[{"href":"https:\/\/contextoanalisisperiodistico.com\/index.php\/wp-json\/wp\/v2\/types\/post"}],"author":[{"embeddable":true,"href":"https:\/\/contextoanalisisperiodistico.com\/index.php\/wp-json\/wp\/v2\/users\/4"}],"replies":[{"embeddable":true,"href":"https:\/\/contextoanalisisperiodistico.com\/index.php\/wp-json\/wp\/v2\/comments?post=41922"}],"version-history":[{"count":1,"href":"https:\/\/contextoanalisisperiodistico.com\/index.php\/wp-json\/wp\/v2\/posts\/41922\/revisions"}],"predecessor-version":[{"id":41930,"href":"https:\/\/contextoanalisisperiodistico.com\/index.php\/wp-json\/wp\/v2\/posts\/41922\/revisions\/41930"}],"wp:featuredmedia":[{"embeddable":true,"href":"https:\/\/contextoanalisisperiodistico.com\/index.php\/wp-json\/wp\/v2\/media\/41921"}],"wp:attachment":[{"href":"https:\/\/contextoanalisisperiodistico.com\/index.php\/wp-json\/wp\/v2\/media?parent=41922"}],"wp:term":[{"taxonomy":"category","embeddable":true,"href":"https:\/\/contextoanalisisperiodistico.com\/index.php\/wp-json\/wp\/v2\/categories?post=41922"},{"taxonomy":"post_tag","embeddable":true,"href":"https:\/\/contextoanalisisperiodistico.com\/index.php\/wp-json\/wp\/v2\/tags?post=41922"}],"curies":[{"name":"wp","href":"https:\/\/api.w.org\/{rel}","templated":true}]}}