{"id":41920,"date":"2025-05-26T18:07:41","date_gmt":"2025-05-27T00:07:41","guid":{"rendered":"https:\/\/contextoanalisisperiodistico.com\/index.php\/2025\/05\/26\/policia-municipal-asegura-vehiculo-con-reporte-de-robo-y-detiene-a-conductor\/"},"modified":"2025-05-26T18:07:41","modified_gmt":"2025-05-27T00:07:41","slug":"policia-municipal-asegura-vehiculo-con-reporte-de-robo-y-detiene-a-conductor","status":"publish","type":"post","link":"https:\/\/contextoanalisisperiodistico.com\/index.php\/2025\/05\/26\/policia-municipal-asegura-vehiculo-con-reporte-de-robo-y-detiene-a-conductor\/","title":{"rendered":"Polic\u00eda Municipal asegura veh\u00edculo con reporte de robo y detiene a conductor"},"content":{"rendered":"<div id=\"fb-root\"><\/div>\n\n<p>Oaxaca de Ju\u00e1rez, Oax., 26 de mayo de 2025.- Personal de la Secretar\u00eda de Seguridad Vecinal efectu\u00f3 la detenci\u00f3n del conductor de un veh\u00edculo de modelo reciente al resultar con reporte de robo activo, as\u00ed como el autom\u00f3vil tambi\u00e9n fue asegurado.<\/p>\n\n\n\n<figure class=\"wp-block-image size-large\"><img fetchpriority=\"high\" decoding=\"async\" width=\"695\" height=\"1024\" src=\"https:\/\/contextoanalisisperiodistico.com\/wp-content\/uploads\/2025\/05\/img-20250526-wa00957116825836211944990-695x1024.jpg\" alt=\"\" class=\"wp-image-41919\" srcset=\"https:\/\/contextoanalisisperiodistico.com\/wp-content\/uploads\/2025\/05\/img-20250526-wa00957116825836211944990-695x1024.jpg 695w, https:\/\/contextoanalisisperiodistico.com\/wp-content\/uploads\/2025\/05\/img-20250526-wa00957116825836211944990-204x300.jpg 204w, https:\/\/contextoanalisisperiodistico.com\/wp-content\/uploads\/2025\/05\/img-20250526-wa00957116825836211944990-768x1132.jpg 768w, https:\/\/contextoanalisisperiodistico.com\/wp-content\/uploads\/2025\/05\/img-20250526-wa00957116825836211944990-1042x1536.jpg 1042w, https:\/\/contextoanalisisperiodistico.com\/wp-content\/uploads\/2025\/05\/img-20250526-wa00957116825836211944990-1024x1509.jpg 1024w, https:\/\/contextoanalisisperiodistico.com\/wp-content\/uploads\/2025\/05\/img-20250526-wa00957116825836211944990.jpg 1085w\" sizes=\"(max-width: 695px) 100vw, 695px\" \/><\/figure>\n\n\n\n<p>Este lunes a las 07:10 horas, el Mando Coordinado Metropolitano alert\u00f3 a los elementos de Proximidad Social sobre el veh\u00edculo marca Nissan tipo Sentra, color gris, con placas de Oaxaca, el cual activ\u00f3 el Arco del Registro P\u00fablico de Veh\u00edculos (Repuve) al ingresar a la ciudad.<\/p>\n\n\n\n<p>El C-4 alert\u00f3 que el veh\u00edculo circulaba en la calzada H\u00e9roes de Chapultepec, de Crespo hacia el estado de b\u00e9isbol.<\/p>\n\n\n\n<p>Ante ello, implementaron un operativo de b\u00fasqueda e instantes despu\u00e9s, observaron un veh\u00edculo con dichas caracter\u00edsticas en el crucero de Fonapas, por lo cual abordaron al conductor, quien acept\u00f3 la inspecci\u00f3n al autom\u00f3vil.<\/p>\n\n\n\n<p>Los elementos observaron que se trataba de un veh\u00edculo Nissan tipo Sentra color gris, modelo 2024 y al verificar el n\u00famero de serie y placas con la Unidad de An\u00e1lisis de esta Secretar\u00eda, confirmaron que se trataba del mismo veh\u00edculo.<\/p>\n\n\n\n<p>Debido a ello, procedieron a la detenci\u00f3n del conductor E. P. P. C., de 38 a\u00f1os de edad, as\u00ed como el veh\u00edculo tambi\u00e9n fue puesto a disposici\u00f3n de la Fiscal\u00eda General del Estado para determinar su situaci\u00f3n jur\u00eddica.<\/p>\n","protected":false},"excerpt":{"rendered":"<p>Oaxaca de Ju\u00e1rez, Oax., 26 de mayo de 2025.- Personal de la Secretar\u00eda de Seguridad&#8230;<\/p>\n","protected":false},"author":4,"featured_media":41918,"comment_status":"","ping_status":"open","sticky":false,"template":"","format":"standard","meta":{"footnotes":""},"categories":[10],"tags":[178,235,234,45],"jetpack_sharing_enabled":true,"featured_image_urls":{"full":["https:\/\/contextoanalisisperiodistico.com\/wp-content\/uploads\/2025\/05\/IMG-20250526-WA0096.jpg",1341,800,false],"thumbnail":["https:\/\/contextoanalisisperiodistico.com\/wp-content\/uploads\/2025\/05\/IMG-20250526-WA0096-150x150.jpg",150,150,true],"medium":["https:\/\/contextoanalisisperiodistico.com\/wp-content\/uploads\/2025\/05\/IMG-20250526-WA0096-300x179.jpg",300,179,true],"medium_large":["https:\/\/contextoanalisisperiodistico.com\/wp-content\/uploads\/2025\/05\/IMG-20250526-WA0096-768x458.jpg",640,382,true],"large":["https:\/\/contextoanalisisperiodistico.com\/wp-content\/uploads\/2025\/05\/IMG-20250526-WA0096-1024x611.jpg",640,382,true],"1536x1536":["https:\/\/contextoanalisisperiodistico.com\/wp-content\/uploads\/2025\/05\/IMG-20250526-WA0096.jpg",1341,800,false],"2048x2048":["https:\/\/contextoanalisisperiodistico.com\/wp-content\/uploads\/2025\/05\/IMG-20250526-WA0096.jpg",1341,800,false],"covernews-slider-full":["https:\/\/contextoanalisisperiodistico.com\/wp-content\/uploads\/2025\/05\/IMG-20250526-WA0096-1115x715.jpg",1115,715,true],"covernews-slider-center":["https:\/\/contextoanalisisperiodistico.com\/wp-content\/uploads\/2025\/05\/IMG-20250526-WA0096-800x500.jpg",800,500,true],"covernews-featured":["https:\/\/contextoanalisisperiodistico.com\/wp-content\/uploads\/2025\/05\/IMG-20250526-WA0096-1024x611.jpg",1024,611,true],"covernews-medium":["https:\/\/contextoanalisisperiodistico.com\/wp-content\/uploads\/2025\/05\/IMG-20250526-WA0096-540x340.jpg",540,340,true],"covernews-medium-square":["https:\/\/contextoanalisisperiodistico.com\/wp-content\/uploads\/2025\/05\/IMG-20250526-WA0096-400x250.jpg",400,250,true]},"author_info":{"display_name":"Mario Gir\u00f3n","author_link":"https:\/\/contextoanalisisperiodistico.com\/index.php\/author\/director\/"},"category_info":"<a href=\"https:\/\/contextoanalisisperiodistico.com\/index.php\/category\/seguridad\/\" rel=\"category tag\">Seguridad<\/a>","tag_info":"Seguridad","comment_count":"0","jetpack_featured_media_url":"https:\/\/contextoanalisisperiodistico.com\/wp-content\/uploads\/2025\/05\/IMG-20250526-WA0096.jpg","_links":{"self":[{"href":"https:\/\/contextoanalisisperiodistico.com\/index.php\/wp-json\/wp\/v2\/posts\/41920"}],"collection":[{"href":"https:\/\/contextoanalisisperiodistico.com\/index.php\/wp-json\/wp\/v2\/posts"}],"about":[{"href":"https:\/\/contextoanalisisperiodistico.com\/index.php\/wp-json\/wp\/v2\/types\/post"}],"author":[{"embeddable":true,"href":"https:\/\/contextoanalisisperiodistico.com\/index.php\/wp-json\/wp\/v2\/users\/4"}],"replies":[{"embeddable":true,"href":"https:\/\/contextoanalisisperiodistico.com\/index.php\/wp-json\/wp\/v2\/comments?post=41920"}],"version-history":[{"count":0,"href":"https:\/\/contextoanalisisperiodistico.com\/index.php\/wp-json\/wp\/v2\/posts\/41920\/revisions"}],"wp:featuredmedia":[{"embeddable":true,"href":"https:\/\/contextoanalisisperiodistico.com\/index.php\/wp-json\/wp\/v2\/media\/41918"}],"wp:attachment":[{"href":"https:\/\/contextoanalisisperiodistico.com\/index.php\/wp-json\/wp\/v2\/media?parent=41920"}],"wp:term":[{"taxonomy":"category","embeddable":true,"href":"https:\/\/contextoanalisisperiodistico.com\/index.php\/wp-json\/wp\/v2\/categories?post=41920"},{"taxonomy":"post_tag","embeddable":true,"href":"https:\/\/contextoanalisisperiodistico.com\/index.php\/wp-json\/wp\/v2\/tags?post=41920"}],"curies":[{"name":"wp","href":"https:\/\/api.w.org\/{rel}","templated":true}]}}