{"id":41917,"date":"2025-05-26T17:55:42","date_gmt":"2025-05-26T23:55:42","guid":{"rendered":"https:\/\/contextoanalisisperiodistico.com\/index.php\/2025\/05\/26\/para-garantizar-orden-y-seguridad-operacion-pescador-se-ejecuto-con-apego-a-derechos-humanos-sego\/"},"modified":"2025-05-26T17:55:42","modified_gmt":"2025-05-26T23:55:42","slug":"para-garantizar-orden-y-seguridad-operacion-pescador-se-ejecuto-con-apego-a-derechos-humanos-sego","status":"publish","type":"post","link":"https:\/\/contextoanalisisperiodistico.com\/index.php\/2025\/05\/26\/para-garantizar-orden-y-seguridad-operacion-pescador-se-ejecuto-con-apego-a-derechos-humanos-sego\/","title":{"rendered":"Para garantizar orden y seguridad, Operaci\u00f3n Pescador se ejecut\u00f3 con apego a derechos humanos: Sego"},"content":{"rendered":"<div id=\"fb-root\"><\/div>\n\n<p>\u2022 Actualmente 303 personas se encuentran en proceso de reinserci\u00f3n social. Tambi\u00e9n se han egresado a 17 con el acompa\u00f1amiento de la CADH, CLB y CEAV<\/p>\n\n\n\n<p>Oaxaca de Ju\u00e1rez, Oax. 26 de mayo de 2025.- La Secretar\u00eda de Gobierno (Sego) puntualiz\u00f3 que, durante la Operaci\u00f3n Pescador realizada en inmediaciones de la Central de Abasto, los cuerpos de seguridad actuaron, en todo momento, apegados a los protocolos establecidos en materia de derechos humanos.<\/p>\n\n\n\n<p>En el marco de la conferencia de prensa ma\u00f1anera que encabeza el Gobernador Salom\u00f3n Jara Cruz; el titular de la Sego, Jes\u00fas Romero L\u00f3pez indic\u00f3 que en estas acciones tambi\u00e9n participaron instituciones de derechos humanos del estado, a fin de fortalecer la atenci\u00f3n y seguimiento de quienes fueron canalizados a distintos espacios.<\/p>\n\n\n\n<p>Inform\u00f3 que actualmente 303 personas se encuentran en proceso de reinserci\u00f3n social, de las cuales: 283 no cuentan con redes familiares o de apoyo; 121 presentan enfermedades ven\u00e9reas o de transmisi\u00f3n sexual; 258 dependencia a alg\u00fan tipo de drogas duras; 45 dependencia al alcohol; tres tienen discapacidad psicosocial. Adem\u00e1s de una mujer embarazada que recibe atenci\u00f3n m\u00e9dica.<\/p>\n\n\n\n<p>Tambi\u00e9n se han egresado a 17 personas con acompa\u00f1amiento de la Coordinaci\u00f3n para la Atenci\u00f3n de los Derechos Humanos (CADH) y las comisiones Estatal de B\u00fasqueda de Personas Desaparecidas (CLB) y Ejecutiva de Atenci\u00f3n a V\u00edctimas (CEAV). Asimismo, se atienden a familias de 20 personas que decidieron mantenerlas en dichos centros; mientras que, 14 se comprometieron a continuar el proceso de rehabilitaci\u00f3n en otros espacios.<\/p>\n\n\n\n<p>Del total de personas, 267 son originarias de Oaxaca, 72 provienen de otros estados y 14 no tienen dato confirmado; asegurando acompa\u00f1amiento institucional a cada una.<\/p>\n\n\n\n<p>Por otro lado, Romero L\u00f3pez refiri\u00f3 que en coordinaci\u00f3n con la Secretar\u00eda de la Defensa Nacional (Defensa), Guardia Nacional (GN), Secretar\u00eda de Seguridad y Protecci\u00f3n Ciudadana (SSPC), Fiscal\u00eda General del Estado de Oaxaca (FGEO) y Polic\u00eda Municipal de Oaxaca de Ju\u00e1rez; se mantienen acciones coordinadas en establecimientos para garantizar la seguridad, as\u00ed como despliegues para identificar autos robados y prevenir hechos delictivos.<\/p>\n\n\n\n<p>\u201cSe trata de acciones integrales que garanticen el orden y la recuperaci\u00f3n de la seguridad en la capital oaxaque\u00f1a, para beneficiar a la ciudadan\u00eda y seguir consolidando a Oaxaca como una de las entidades m\u00e1s seguras del pa\u00eds\u201d, dijo.<\/p>\n\n\n\n<p>De esta manera, se refrenda el compromiso de la Sego por trabajar en beneficio de la seguridad y salud de la poblaci\u00f3n m\u00e1s vulnerable, desde una visi\u00f3n humanista impulsada por el Gobernador del Estado, en la que el di\u00e1logo y la atenci\u00f3n a las causas son la principal herramienta para la resoluci\u00f3n de conflictos y problem\u00e1ticas sociales.<\/p>\n\n\n\n<p>-0-<\/p>\n","protected":false},"excerpt":{"rendered":"<p>\u2022 Actualmente 303 personas se encuentran en proceso de reinserci\u00f3n social. Tambi\u00e9n se han egresado&#8230;<\/p>\n","protected":false},"author":4,"featured_media":41916,"comment_status":"","ping_status":"open","sticky":false,"template":"","format":"standard","meta":{"footnotes":""},"categories":[9],"tags":[],"jetpack_sharing_enabled":true,"featured_image_urls":{"full":["https:\/\/contextoanalisisperiodistico.com\/wp-content\/uploads\/2025\/05\/IMG-20250526-WA0098.jpg",1600,1066,false],"thumbnail":["https:\/\/contextoanalisisperiodistico.com\/wp-content\/uploads\/2025\/05\/IMG-20250526-WA0098-150x150.jpg",150,150,true],"medium":["https:\/\/contextoanalisisperiodistico.com\/wp-content\/uploads\/2025\/05\/IMG-20250526-WA0098-300x200.jpg",300,200,true],"medium_large":["https:\/\/contextoanalisisperiodistico.com\/wp-content\/uploads\/2025\/05\/IMG-20250526-WA0098-768x512.jpg",640,427,true],"large":["https:\/\/contextoanalisisperiodistico.com\/wp-content\/uploads\/2025\/05\/IMG-20250526-WA0098-1024x682.jpg",640,426,true],"1536x1536":["https:\/\/contextoanalisisperiodistico.com\/wp-content\/uploads\/2025\/05\/IMG-20250526-WA0098-1536x1023.jpg",1536,1023,true],"2048x2048":["https:\/\/contextoanalisisperiodistico.com\/wp-content\/uploads\/2025\/05\/IMG-20250526-WA0098.jpg",1600,1066,false],"covernews-slider-full":["https:\/\/contextoanalisisperiodistico.com\/wp-content\/uploads\/2025\/05\/IMG-20250526-WA0098-1115x715.jpg",1115,715,true],"covernews-slider-center":["https:\/\/contextoanalisisperiodistico.com\/wp-content\/uploads\/2025\/05\/IMG-20250526-WA0098-800x500.jpg",800,500,true],"covernews-featured":["https:\/\/contextoanalisisperiodistico.com\/wp-content\/uploads\/2025\/05\/IMG-20250526-WA0098-1024x682.jpg",1024,682,true],"covernews-medium":["https:\/\/contextoanalisisperiodistico.com\/wp-content\/uploads\/2025\/05\/IMG-20250526-WA0098-540x340.jpg",540,340,true],"covernews-medium-square":["https:\/\/contextoanalisisperiodistico.com\/wp-content\/uploads\/2025\/05\/IMG-20250526-WA0098-400x250.jpg",400,250,true]},"author_info":{"display_name":"Mario Gir\u00f3n","author_link":"https:\/\/contextoanalisisperiodistico.com\/index.php\/author\/director\/"},"category_info":"<a href=\"https:\/\/contextoanalisisperiodistico.com\/index.php\/category\/politica\/\" rel=\"category tag\">Pol\u00edtica<\/a>","tag_info":"Pol\u00edtica","comment_count":"0","jetpack_featured_media_url":"https:\/\/contextoanalisisperiodistico.com\/wp-content\/uploads\/2025\/05\/IMG-20250526-WA0098.jpg","_links":{"self":[{"href":"https:\/\/contextoanalisisperiodistico.com\/index.php\/wp-json\/wp\/v2\/posts\/41917"}],"collection":[{"href":"https:\/\/contextoanalisisperiodistico.com\/index.php\/wp-json\/wp\/v2\/posts"}],"about":[{"href":"https:\/\/contextoanalisisperiodistico.com\/index.php\/wp-json\/wp\/v2\/types\/post"}],"author":[{"embeddable":true,"href":"https:\/\/contextoanalisisperiodistico.com\/index.php\/wp-json\/wp\/v2\/users\/4"}],"replies":[{"embeddable":true,"href":"https:\/\/contextoanalisisperiodistico.com\/index.php\/wp-json\/wp\/v2\/comments?post=41917"}],"version-history":[{"count":0,"href":"https:\/\/contextoanalisisperiodistico.com\/index.php\/wp-json\/wp\/v2\/posts\/41917\/revisions"}],"wp:featuredmedia":[{"embeddable":true,"href":"https:\/\/contextoanalisisperiodistico.com\/index.php\/wp-json\/wp\/v2\/media\/41916"}],"wp:attachment":[{"href":"https:\/\/contextoanalisisperiodistico.com\/index.php\/wp-json\/wp\/v2\/media?parent=41917"}],"wp:term":[{"taxonomy":"category","embeddable":true,"href":"https:\/\/contextoanalisisperiodistico.com\/index.php\/wp-json\/wp\/v2\/categories?post=41917"},{"taxonomy":"post_tag","embeddable":true,"href":"https:\/\/contextoanalisisperiodistico.com\/index.php\/wp-json\/wp\/v2\/tags?post=41917"}],"curies":[{"name":"wp","href":"https:\/\/api.w.org\/{rel}","templated":true}]}}