{"id":41912,"date":"2025-05-26T14:55:05","date_gmt":"2025-05-26T20:55:05","guid":{"rendered":"https:\/\/contextoanalisisperiodistico.com\/index.php\/2025\/05\/26\/invita-sso-a-completar-esquemas-de-vacunacion-contra-la-tos-ferina\/"},"modified":"2025-05-26T14:55:05","modified_gmt":"2025-05-26T20:55:05","slug":"invita-sso-a-completar-esquemas-de-vacunacion-contra-la-tos-ferina","status":"publish","type":"post","link":"https:\/\/contextoanalisisperiodistico.com\/index.php\/2025\/05\/26\/invita-sso-a-completar-esquemas-de-vacunacion-contra-la-tos-ferina\/","title":{"rendered":"Invita SSO a completar esquemas de vacunaci\u00f3n contra la tos ferina"},"content":{"rendered":"<div id=\"fb-root\"><\/div>\n\n<p>\u2022 Exhorta a fortalecer acciones preventivas contra esta enfermedad<\/p>\n\n\n\n<figure class=\"wp-block-image size-large\"><img fetchpriority=\"high\" decoding=\"async\" width=\"900\" height=\"600\" src=\"https:\/\/contextoanalisisperiodistico.com\/wp-content\/uploads\/2025\/05\/img-20250526-wa00875789559529112599412.jpg\" alt=\"\" class=\"wp-image-41910\" srcset=\"https:\/\/contextoanalisisperiodistico.com\/wp-content\/uploads\/2025\/05\/img-20250526-wa00875789559529112599412.jpg 900w, https:\/\/contextoanalisisperiodistico.com\/wp-content\/uploads\/2025\/05\/img-20250526-wa00875789559529112599412-300x200.jpg 300w, https:\/\/contextoanalisisperiodistico.com\/wp-content\/uploads\/2025\/05\/img-20250526-wa00875789559529112599412-768x512.jpg 768w\" sizes=\"(max-width: 900px) 100vw, 900px\" \/><\/figure>\n\n\n\n<figure class=\"wp-block-image\"><img decoding=\"async\" width=\"300\" height=\"200\" src=\"https:\/\/contextoanalisisperiodistico.com\/wp-content\/uploads\/2025\/05\/img-20250526-wa00861889379925559460768-300x200.jpg\" alt=\"\" class=\"wp-image-41911\" srcset=\"https:\/\/contextoanalisisperiodistico.com\/wp-content\/uploads\/2025\/05\/img-20250526-wa00861889379925559460768-300x200.jpg 300w, https:\/\/contextoanalisisperiodistico.com\/wp-content\/uploads\/2025\/05\/img-20250526-wa00861889379925559460768-768x512.jpg 768w, https:\/\/contextoanalisisperiodistico.com\/wp-content\/uploads\/2025\/05\/img-20250526-wa00861889379925559460768.jpg 900w\" sizes=\"(max-width: 300px) 100vw, 300px\" \/><\/figure>\n\n\n\n<p>Oaxaca de Ju\u00e1rez, Oax. 26 de mayo de 2025.- Servicios de Salud de Oaxaca (SSO) hace un llamado a madres, padres y personas cuidadoras a completar los esquemas de vacunaci\u00f3n contra la tos ferina, enfermedad respiratoria altamente contagiosa que puede poner en riesgo la vida, especialmente a la poblaci\u00f3n infantil y gestantes.<\/p>\n\n\n\n<p>Esta enfermedad inicia con s\u00edntomas similares a los de un resfriado com\u00fan, pero puede evolucionar hacia una tos intensa y prolongada, dificultad para respirar e incluso episodios de coloraci\u00f3n azulada en la piel. No obstante, es prevenible mediante la vacunaci\u00f3n oportuna.<\/p>\n\n\n\n<p>SSO informa que las dosis necesarias para prevenir esta enfermedad se encuentran disponibles de forma gratuita en todas las unidades m\u00e9dicas del sector salud, como son: Hexavalente, que se aplica a los 2, 4 y 6 meses de edad, con refuerzo a los 18 meses.<\/p>\n\n\n\n<p>Tambi\u00e9n, DPT (Difteria, Tos Ferina y T\u00e9tanos), refuerzo a los 4 a\u00f1os. As\u00ed como a embarazadas, con una dosis de refuerzo a partir de la semana 20 de gestaci\u00f3n, preferentemente entre las 27 y 36 semanas. La vacuna es gratuita, segura y salva vidas.<\/p>\n\n\n\n<p>Hasta la semana epidemiol\u00f3gica n\u00famero 20, en Oaxaca se tiene el registro de 34 casos de tos ferina confirmados, de los cuales 29 se localizan en la Jurisdicci\u00f3n Sanitaria 1 Valles Centrales, dos en Tuxtepec y un caso en la Costa, Mixteca y Sierra, respectivamente.<\/p>\n\n\n\n<p>Por grupo de edad, siete pacientes se registran en los grupos menores de 1 a\u00f1o; as\u00ed como siete de 10 a 14 a\u00f1os de edad; seguido de seis casos en los grupos de 1 a 4 a\u00f1os y seis m\u00e1s de 5 a 9 a\u00f1os, cinco casos en el grupo de 25 a 44 a\u00f1os, dos casos en el grupo de 15 a 19 a\u00f1os y un caso en el de 65 y m\u00e1s. Del total, 18 casos corresponden al sexo femenino y 16 al masculino.<\/p>\n\n\n\n<p>Ante s\u00edntomas como congesti\u00f3n nasal, tos persistente, dificultad respiratoria o cambios de coloraci\u00f3n en la piel, es fundamental acudir de inmediato a la unidad de salud m\u00e1s cercana para evaluaci\u00f3n m\u00e9dica.<\/p>\n\n\n\n<p>Adem\u00e1s, la autoridad sanitaria exhorta a reforzar las medidas preventivas, tales como: lavado frecuente de manos con agua y jab\u00f3n, uso de cubrebocas en caso de presentar s\u00edntomas respiratorios, evitar el contacto cercano con personas enfermas, cubrirse al toser o estornudar, desinfectar superficies de uso com\u00fan y aislar a personas con diagn\u00f3stico positivo hasta que lo indique el personal m\u00e9dico.<br \/>-0-<\/p>\n","protected":false},"excerpt":{"rendered":"<p>\u2022 Exhorta a fortalecer acciones preventivas contra esta enfermedad Oaxaca de Ju\u00e1rez, Oax. 26 de&#8230;<\/p>\n","protected":false},"author":4,"featured_media":41909,"comment_status":"","ping_status":"open","sticky":false,"template":"","format":"standard","meta":{"footnotes":""},"categories":[92],"tags":[],"jetpack_sharing_enabled":true,"featured_image_urls":{"full":["https:\/\/contextoanalisisperiodistico.com\/wp-content\/uploads\/2025\/05\/IMG-20250526-WA0085.jpg",900,600,false],"thumbnail":["https:\/\/contextoanalisisperiodistico.com\/wp-content\/uploads\/2025\/05\/IMG-20250526-WA0085-150x150.jpg",150,150,true],"medium":["https:\/\/contextoanalisisperiodistico.com\/wp-content\/uploads\/2025\/05\/IMG-20250526-WA0085-300x200.jpg",300,200,true],"medium_large":["https:\/\/contextoanalisisperiodistico.com\/wp-content\/uploads\/2025\/05\/IMG-20250526-WA0085-768x512.jpg",640,427,true],"large":["https:\/\/contextoanalisisperiodistico.com\/wp-content\/uploads\/2025\/05\/IMG-20250526-WA0085.jpg",640,427,false],"1536x1536":["https:\/\/contextoanalisisperiodistico.com\/wp-content\/uploads\/2025\/05\/IMG-20250526-WA0085.jpg",900,600,false],"2048x2048":["https:\/\/contextoanalisisperiodistico.com\/wp-content\/uploads\/2025\/05\/IMG-20250526-WA0085.jpg",900,600,false],"covernews-slider-full":["https:\/\/contextoanalisisperiodistico.com\/wp-content\/uploads\/2025\/05\/IMG-20250526-WA0085.jpg",900,600,false],"covernews-slider-center":["https:\/\/contextoanalisisperiodistico.com\/wp-content\/uploads\/2025\/05\/IMG-20250526-WA0085-800x500.jpg",800,500,true],"covernews-featured":["https:\/\/contextoanalisisperiodistico.com\/wp-content\/uploads\/2025\/05\/IMG-20250526-WA0085.jpg",900,600,false],"covernews-medium":["https:\/\/contextoanalisisperiodistico.com\/wp-content\/uploads\/2025\/05\/IMG-20250526-WA0085-540x340.jpg",540,340,true],"covernews-medium-square":["https:\/\/contextoanalisisperiodistico.com\/wp-content\/uploads\/2025\/05\/IMG-20250526-WA0085-400x250.jpg",400,250,true]},"author_info":{"display_name":"Mario Gir\u00f3n","author_link":"https:\/\/contextoanalisisperiodistico.com\/index.php\/author\/director\/"},"category_info":"<a href=\"https:\/\/contextoanalisisperiodistico.com\/index.php\/category\/salud\/\" rel=\"category tag\">Salud<\/a>","tag_info":"Salud","comment_count":"0","jetpack_featured_media_url":"https:\/\/contextoanalisisperiodistico.com\/wp-content\/uploads\/2025\/05\/IMG-20250526-WA0085.jpg","_links":{"self":[{"href":"https:\/\/contextoanalisisperiodistico.com\/index.php\/wp-json\/wp\/v2\/posts\/41912"}],"collection":[{"href":"https:\/\/contextoanalisisperiodistico.com\/index.php\/wp-json\/wp\/v2\/posts"}],"about":[{"href":"https:\/\/contextoanalisisperiodistico.com\/index.php\/wp-json\/wp\/v2\/types\/post"}],"author":[{"embeddable":true,"href":"https:\/\/contextoanalisisperiodistico.com\/index.php\/wp-json\/wp\/v2\/users\/4"}],"replies":[{"embeddable":true,"href":"https:\/\/contextoanalisisperiodistico.com\/index.php\/wp-json\/wp\/v2\/comments?post=41912"}],"version-history":[{"count":0,"href":"https:\/\/contextoanalisisperiodistico.com\/index.php\/wp-json\/wp\/v2\/posts\/41912\/revisions"}],"wp:featuredmedia":[{"embeddable":true,"href":"https:\/\/contextoanalisisperiodistico.com\/index.php\/wp-json\/wp\/v2\/media\/41909"}],"wp:attachment":[{"href":"https:\/\/contextoanalisisperiodistico.com\/index.php\/wp-json\/wp\/v2\/media?parent=41912"}],"wp:term":[{"taxonomy":"category","embeddable":true,"href":"https:\/\/contextoanalisisperiodistico.com\/index.php\/wp-json\/wp\/v2\/categories?post=41912"},{"taxonomy":"post_tag","embeddable":true,"href":"https:\/\/contextoanalisisperiodistico.com\/index.php\/wp-json\/wp\/v2\/tags?post=41912"}],"curies":[{"name":"wp","href":"https:\/\/api.w.org\/{rel}","templated":true}]}}