{"id":41884,"date":"2025-05-26T08:46:13","date_gmt":"2025-05-26T14:46:13","guid":{"rendered":"https:\/\/contextoanalisisperiodistico.com\/index.php\/2025\/05\/26\/otorga-gobernador-de-oaxaca-apoyos-por-mas-de-10-mdp-al-campo-y-la-ganaderia-de-loma-bonita\/"},"modified":"2025-05-26T08:46:13","modified_gmt":"2025-05-26T14:46:13","slug":"otorga-gobernador-de-oaxaca-apoyos-por-mas-de-10-mdp-al-campo-y-la-ganaderia-de-loma-bonita","status":"publish","type":"post","link":"https:\/\/contextoanalisisperiodistico.com\/index.php\/2025\/05\/26\/otorga-gobernador-de-oaxaca-apoyos-por-mas-de-10-mdp-al-campo-y-la-ganaderia-de-loma-bonita\/","title":{"rendered":"Otorga Gobernador de Oaxaca apoyos por m\u00e1s de 10 mdp al campo y la ganader\u00eda de Loma Bonita"},"content":{"rendered":"<div id=\"fb-root\"><\/div>\n\n<p>\u2022 Salom\u00f3n Jara Cruz inaugur\u00f3 la Feria de la Pi\u00f1a 2025 y destac\u00f3 la vocaci\u00f3n productiva de esta localidad<\/p>\n\n\n\n<figure class=\"wp-block-image size-large\"><img fetchpriority=\"high\" decoding=\"async\" width=\"1024\" height=\"674\" src=\"https:\/\/contextoanalisisperiodistico.com\/wp-content\/uploads\/2025\/05\/img-20250524-wa01297931062385631663855-1024x674.jpg\" alt=\"\" class=\"wp-image-41880\" srcset=\"https:\/\/contextoanalisisperiodistico.com\/wp-content\/uploads\/2025\/05\/img-20250524-wa01297931062385631663855-1024x674.jpg 1024w, https:\/\/contextoanalisisperiodistico.com\/wp-content\/uploads\/2025\/05\/img-20250524-wa01297931062385631663855-300x197.jpg 300w, https:\/\/contextoanalisisperiodistico.com\/wp-content\/uploads\/2025\/05\/img-20250524-wa01297931062385631663855-768x505.jpg 768w, https:\/\/contextoanalisisperiodistico.com\/wp-content\/uploads\/2025\/05\/img-20250524-wa01297931062385631663855.jpg 1280w\" sizes=\"(max-width: 1024px) 100vw, 1024px\" \/><\/figure>\n\n\n\n<figure class=\"wp-block-image\"><img decoding=\"async\" width=\"1024\" height=\"682\" src=\"https:\/\/contextoanalisisperiodistico.com\/wp-content\/uploads\/2025\/05\/img-20250524-wa01253543884975397645219-1024x682.jpg\" alt=\"\" class=\"wp-image-41879\" srcset=\"https:\/\/contextoanalisisperiodistico.com\/wp-content\/uploads\/2025\/05\/img-20250524-wa01253543884975397645219-1024x682.jpg 1024w, https:\/\/contextoanalisisperiodistico.com\/wp-content\/uploads\/2025\/05\/img-20250524-wa01253543884975397645219-300x200.jpg 300w, https:\/\/contextoanalisisperiodistico.com\/wp-content\/uploads\/2025\/05\/img-20250524-wa01253543884975397645219-768x512.jpg 768w, https:\/\/contextoanalisisperiodistico.com\/wp-content\/uploads\/2025\/05\/img-20250524-wa01253543884975397645219.jpg 1280w\" sizes=\"(max-width: 1024px) 100vw, 1024px\" \/><\/figure>\n\n\n\n<figure class=\"wp-block-image\"><img decoding=\"async\" width=\"1024\" height=\"682\" src=\"https:\/\/contextoanalisisperiodistico.com\/wp-content\/uploads\/2025\/05\/img-20250524-wa01244658430549069736762-1024x682.jpg\" alt=\"\" class=\"wp-image-41882\" srcset=\"https:\/\/contextoanalisisperiodistico.com\/wp-content\/uploads\/2025\/05\/img-20250524-wa01244658430549069736762-1024x682.jpg 1024w, https:\/\/contextoanalisisperiodistico.com\/wp-content\/uploads\/2025\/05\/img-20250524-wa01244658430549069736762-300x200.jpg 300w, https:\/\/contextoanalisisperiodistico.com\/wp-content\/uploads\/2025\/05\/img-20250524-wa01244658430549069736762-768x512.jpg 768w, https:\/\/contextoanalisisperiodistico.com\/wp-content\/uploads\/2025\/05\/img-20250524-wa01244658430549069736762.jpg 1280w\" sizes=\"(max-width: 1024px) 100vw, 1024px\" \/><\/figure>\n\n\n\n<figure class=\"wp-block-image\"><img loading=\"lazy\" decoding=\"async\" width=\"1024\" height=\"682\" src=\"https:\/\/contextoanalisisperiodistico.com\/wp-content\/uploads\/2025\/05\/img-20250524-wa0128635047384772465436-1024x682.jpg\" alt=\"\" class=\"wp-image-41881\" srcset=\"https:\/\/contextoanalisisperiodistico.com\/wp-content\/uploads\/2025\/05\/img-20250524-wa0128635047384772465436-1024x682.jpg 1024w, https:\/\/contextoanalisisperiodistico.com\/wp-content\/uploads\/2025\/05\/img-20250524-wa0128635047384772465436-300x200.jpg 300w, https:\/\/contextoanalisisperiodistico.com\/wp-content\/uploads\/2025\/05\/img-20250524-wa0128635047384772465436-768x512.jpg 768w, https:\/\/contextoanalisisperiodistico.com\/wp-content\/uploads\/2025\/05\/img-20250524-wa0128635047384772465436.jpg 1280w\" sizes=\"(max-width: 1024px) 100vw, 1024px\" \/><\/figure>\n\n\n\n<figure class=\"wp-block-image\"><img loading=\"lazy\" decoding=\"async\" width=\"1024\" height=\"575\" src=\"https:\/\/contextoanalisisperiodistico.com\/wp-content\/uploads\/2025\/05\/img-20250524-wa01271265311191367057840-1024x575.jpg\" alt=\"\" class=\"wp-image-41883\" srcset=\"https:\/\/contextoanalisisperiodistico.com\/wp-content\/uploads\/2025\/05\/img-20250524-wa01271265311191367057840-1024x575.jpg 1024w, https:\/\/contextoanalisisperiodistico.com\/wp-content\/uploads\/2025\/05\/img-20250524-wa01271265311191367057840-300x169.jpg 300w, https:\/\/contextoanalisisperiodistico.com\/wp-content\/uploads\/2025\/05\/img-20250524-wa01271265311191367057840-768x431.jpg 768w, https:\/\/contextoanalisisperiodistico.com\/wp-content\/uploads\/2025\/05\/img-20250524-wa01271265311191367057840.jpg 1280w\" sizes=\"(max-width: 1024px) 100vw, 1024px\" \/><\/figure>\n\n\n\n<p>\u2022 Asever\u00f3 que su gobierno destina 705 millones de pesos en apoyo al campo en todo el estado, as\u00ed como recursos por m\u00e1s de 30 millones de pesos para la sanidad animal y vegetal en este a\u00f1o<\/p>\n\n\n\n<p>Loma Bonita, Oax. 24 de mayo de 2025. Al encabezar la inauguraci\u00f3n de la Feria de la Pi\u00f1a 2025 en esta localidad de la Cuenca del Papaloapan, el Gobernador Salom\u00f3n Jara Cruz expres\u00f3 su determinaci\u00f3n de fortalecer el campo, y como prueba de ello, realiz\u00f3 la entrega de apoyos a personas productoras y ganaderas, por m\u00e1s 10 millones de pesos.<\/p>\n\n\n\n<p>Junto al presidente municipal de Loma Bonita, Edgar Omar Lara Palma; el titular del Poder Ejecutivo estatal destac\u00f3 la producci\u00f3n emblem\u00e1tica de esta localidad, que permite a Oaxaca ocupar el segundo lugar nacional en producci\u00f3n de pi\u00f1a, solo despu\u00e9s de Veracruz.<\/p>\n\n\n\n<p>\u201cLoma Bonita no solo es tierra f\u00e9rtil y generosa, sino tambi\u00e9n orgullo nacional. Gracias a esta vocaci\u00f3n productiva, la pi\u00f1a oaxaque\u00f1a ha logrado llegar a m\u00e1s mercados nacionales e internacionales, generando empleos, dinamizando la econom\u00eda regional y posicionando a la entidad en los m\u00e1s altos est\u00e1ndares de calidad dentro del sector agropecuario\u201d, afirm\u00f3 Jara Cruz, al tiempo de desear el mejor de los \u00e9xitos a esta feria en su edici\u00f3n 64.<\/p>\n\n\n\n<p>En el marco de esta celebraci\u00f3n, Jara Cruz realiz\u00f3 la dotaci\u00f3n simb\u00f3lica de apoyos que benefician a 340 productoras y productores que cultivan 661 hect\u00e1reas, como parte del programa Abasto Seguro de Ma\u00edz, entre ellos: fertilizantes, semillas e insumos a la comunidad de Tierra Alta; y paquetes de insumos agr\u00edcolas a las comunidades El Triunfo, Jobal Nuevo y Arroyo Metate.<\/p>\n\n\n\n<p>\u201cReitero el compromiso de nuestro gobierno para seguir respaldando al campo con inversiones, capacitaci\u00f3n, infraestructura y pol\u00edtica p\u00fablicas que garanticen la sustentabilidad y el crecimiento del sector\u201d, expres\u00f3.<\/p>\n\n\n\n<p>En todo el estado, el Gobierno de la Primavera Oaxaque\u00f1a destina 705 millones de pesos en apoyo al campo, as\u00ed como recursos por m\u00e1s de 30 millones de pesos para la sanidad animal y vegetal en este a\u00f1o. Tambi\u00e9n se cuenta con 329 t\u00e9cnicas y t\u00e9cnicos en 401 municipios de la entidad.<\/p>\n\n\n\n<p>En este evento, se entregaron apoyos como parte del arranque del programa de Mejoramiento Gen\u00e9tico de Inseminaci\u00f3n Artificial en bovinos; la notificaci\u00f3n de cr\u00e9ditos de capital de trabajo para la engorda de becerros y la notificaci\u00f3n de subsidios para la adquisici\u00f3n de equipo de l\u00edneas de procesamiento para enlatar pi\u00f1a.<\/p>\n\n\n\n<p>El titular de la Secretar\u00eda de Fomento Agroalimentario y Desarrollo Rural (Sefader), V\u00edctor L\u00f3pez Leyva expres\u00f3 que en la Cuenca del Papaloapan, el principal productor de alimentos de ganader\u00eda es el municipio de San Juan Bautista Tuxtepec, y el segundo Loma Bonita. A nivel nacional, a\u00f1adi\u00f3, Oaxaca ocupa el quinto lugar en inventario de bovinos con alrededor de 1.9 millones. El sector ganadero estatal env\u00eda m\u00e1s de 200 mil becerros al destete a los estados del centro y norte del pa\u00eds, para despu\u00e9s ser enviados a los Estados Unidos.<\/p>\n\n\n\n<p>Asimismo, y ante la alerta por la presencia del gusano barrenador en el pa\u00eds, el funcionario exhort\u00f3 a las y los ganaderos a estar al pendiente y en caso de detectar cualquier gusanera, informarlo al Comit\u00e9 Estatal de Fomento y Protecci\u00f3n Pecuaria y al Servicio Nacional de Sanidad, Inocuidad y Calidad Agroalimentaria (Senasica), para recibir atenci\u00f3n de manera gratuita.<\/p>\n\n\n\n<p>-0-<\/p>\n","protected":false},"excerpt":{"rendered":"<p>\u2022 Salom\u00f3n Jara Cruz inaugur\u00f3 la Feria de la Pi\u00f1a 2025 y destac\u00f3 la vocaci\u00f3n&#8230;<\/p>\n","protected":false},"author":4,"featured_media":41878,"comment_status":"","ping_status":"open","sticky":false,"template":"","format":"standard","meta":{"footnotes":""},"categories":[7],"tags":[],"jetpack_sharing_enabled":true,"featured_image_urls":{"full":["https:\/\/contextoanalisisperiodistico.com\/wp-content\/uploads\/2025\/05\/IMG-20250524-WA0126.jpg",1280,853,false],"thumbnail":["https:\/\/contextoanalisisperiodistico.com\/wp-content\/uploads\/2025\/05\/IMG-20250524-WA0126-150x150.jpg",150,150,true],"medium":["https:\/\/contextoanalisisperiodistico.com\/wp-content\/uploads\/2025\/05\/IMG-20250524-WA0126-300x200.jpg",300,200,true],"medium_large":["https:\/\/contextoanalisisperiodistico.com\/wp-content\/uploads\/2025\/05\/IMG-20250524-WA0126-768x512.jpg",640,427,true],"large":["https:\/\/contextoanalisisperiodistico.com\/wp-content\/uploads\/2025\/05\/IMG-20250524-WA0126-1024x682.jpg",640,426,true],"1536x1536":["https:\/\/contextoanalisisperiodistico.com\/wp-content\/uploads\/2025\/05\/IMG-20250524-WA0126.jpg",1280,853,false],"2048x2048":["https:\/\/contextoanalisisperiodistico.com\/wp-content\/uploads\/2025\/05\/IMG-20250524-WA0126.jpg",1280,853,false],"covernews-slider-full":["https:\/\/contextoanalisisperiodistico.com\/wp-content\/uploads\/2025\/05\/IMG-20250524-WA0126-1115x715.jpg",1115,715,true],"covernews-slider-center":["https:\/\/contextoanalisisperiodistico.com\/wp-content\/uploads\/2025\/05\/IMG-20250524-WA0126-800x500.jpg",800,500,true],"covernews-featured":["https:\/\/contextoanalisisperiodistico.com\/wp-content\/uploads\/2025\/05\/IMG-20250524-WA0126-1024x682.jpg",1024,682,true],"covernews-medium":["https:\/\/contextoanalisisperiodistico.com\/wp-content\/uploads\/2025\/05\/IMG-20250524-WA0126-540x340.jpg",540,340,true],"covernews-medium-square":["https:\/\/contextoanalisisperiodistico.com\/wp-content\/uploads\/2025\/05\/IMG-20250524-WA0126-400x250.jpg",400,250,true]},"author_info":{"display_name":"Mario Gir\u00f3n","author_link":"https:\/\/contextoanalisisperiodistico.com\/index.php\/author\/director\/"},"category_info":"<a href=\"https:\/\/contextoanalisisperiodistico.com\/index.php\/category\/municipios\/\" rel=\"category tag\">Municipios<\/a>","tag_info":"Municipios","comment_count":"0","jetpack_featured_media_url":"https:\/\/contextoanalisisperiodistico.com\/wp-content\/uploads\/2025\/05\/IMG-20250524-WA0126.jpg","_links":{"self":[{"href":"https:\/\/contextoanalisisperiodistico.com\/index.php\/wp-json\/wp\/v2\/posts\/41884"}],"collection":[{"href":"https:\/\/contextoanalisisperiodistico.com\/index.php\/wp-json\/wp\/v2\/posts"}],"about":[{"href":"https:\/\/contextoanalisisperiodistico.com\/index.php\/wp-json\/wp\/v2\/types\/post"}],"author":[{"embeddable":true,"href":"https:\/\/contextoanalisisperiodistico.com\/index.php\/wp-json\/wp\/v2\/users\/4"}],"replies":[{"embeddable":true,"href":"https:\/\/contextoanalisisperiodistico.com\/index.php\/wp-json\/wp\/v2\/comments?post=41884"}],"version-history":[{"count":0,"href":"https:\/\/contextoanalisisperiodistico.com\/index.php\/wp-json\/wp\/v2\/posts\/41884\/revisions"}],"wp:featuredmedia":[{"embeddable":true,"href":"https:\/\/contextoanalisisperiodistico.com\/index.php\/wp-json\/wp\/v2\/media\/41878"}],"wp:attachment":[{"href":"https:\/\/contextoanalisisperiodistico.com\/index.php\/wp-json\/wp\/v2\/media?parent=41884"}],"wp:term":[{"taxonomy":"category","embeddable":true,"href":"https:\/\/contextoanalisisperiodistico.com\/index.php\/wp-json\/wp\/v2\/categories?post=41884"},{"taxonomy":"post_tag","embeddable":true,"href":"https:\/\/contextoanalisisperiodistico.com\/index.php\/wp-json\/wp\/v2\/tags?post=41884"}],"curies":[{"name":"wp","href":"https:\/\/api.w.org\/{rel}","templated":true}]}}