{"id":41852,"date":"2025-05-24T17:31:00","date_gmt":"2025-05-24T23:31:00","guid":{"rendered":"https:\/\/contextoanalisisperiodistico.com\/?p=41852"},"modified":"2025-05-24T17:35:56","modified_gmt":"2025-05-24T23:35:56","slug":"recuperan-espacio-publico-en-el-ejido-guadalupe-victoria-con-tequio-vecinal","status":"publish","type":"post","link":"https:\/\/contextoanalisisperiodistico.com\/index.php\/2025\/05\/24\/recuperan-espacio-publico-en-el-ejido-guadalupe-victoria-con-tequio-vecinal\/","title":{"rendered":"Recuperan espacio p\u00fablico en el Ejido Guadalupe Victoria con Tequio Vecinal"},"content":{"rendered":"<div id=\"fb-root\"><\/div>\n\n<ul class=\"wp-block-list\">\n<li>Estrategia del gobierno municipal para combatir las causas de la inseguridad<\/li>\n<\/ul>\n\n\n\n<p>Oaxaca de Ju\u00e1rez, Oax., 24 de mayo de 2025.\u2013 Por instrucci\u00f3n del presidente municipal Ray Chagoya, se llev\u00f3 a cabo un Tequio Vecinal en el Ejido Guadalupe Victoria, donde se recuper\u00f3 un espacio que hab\u00eda sido utilizado como tiradero clandestino, afectando la seguridad y el bienestar de las familias de la zona.<\/p>\n\n\n\n<p>En esta jornada, realizada sobre la carretera al pante\u00f3n de dicha agencia se retiraron toneladas de basura, pl\u00e1sticos y desechos, llenando varios camiones recolectores. Gracias al esfuerzo colectivo, el sitio qued\u00f3 limpio y recuperado para uso comunitario, con el firme prop\u00f3sito de que no vuelva a ser utilizado como un punto de acumulaci\u00f3n de residuos.<\/p>\n\n\n\n<p>Desde el inicio de la administraci\u00f3n, esta estrategia de Tequios Vecinales se ha replicado en distintas agencias y colonias del municipio con el objetivo de atender las causas de la inseguridad mediante la recuperaci\u00f3n de espacios p\u00fablicos.<\/p>\n\n\n\n<p>Estas acciones reafirman el compromiso del Gobierno Municipal de Oaxaca de Ju\u00e1rez con la seguridad y el bienestar de las familias, fomentando la participaci\u00f3n ciudadana como motor de transformaci\u00f3n social.<\/p>\n\n\n","protected":false},"excerpt":{"rendered":"<p>Oaxaca de Ju\u00e1rez, Oax., 24 de mayo de 2025.\u2013 Por instrucci\u00f3n del presidente municipal Ray&#8230;<\/p>\n","protected":false},"author":4,"featured_media":41854,"comment_status":"closed","ping_status":"open","sticky":false,"template":"","format":"standard","meta":{"footnotes":""},"categories":[3,9],"tags":[178,235,234,45],"jetpack_sharing_enabled":true,"featured_image_urls":{"full":["https:\/\/contextoanalisisperiodistico.com\/wp-content\/uploads\/2025\/05\/IMG-20250524-WA0037-scaled.jpg",2560,1441,false],"thumbnail":["https:\/\/contextoanalisisperiodistico.com\/wp-content\/uploads\/2025\/05\/IMG-20250524-WA0037-150x150.jpg",150,150,true],"medium":["https:\/\/contextoanalisisperiodistico.com\/wp-content\/uploads\/2025\/05\/IMG-20250524-WA0037-300x169.jpg",300,169,true],"medium_large":["https:\/\/contextoanalisisperiodistico.com\/wp-content\/uploads\/2025\/05\/IMG-20250524-WA0037-768x432.jpg",640,360,true],"large":["https:\/\/contextoanalisisperiodistico.com\/wp-content\/uploads\/2025\/05\/IMG-20250524-WA0037-1024x576.jpg",640,360,true],"1536x1536":["https:\/\/contextoanalisisperiodistico.com\/wp-content\/uploads\/2025\/05\/IMG-20250524-WA0037-1536x865.jpg",1536,865,true],"2048x2048":["https:\/\/contextoanalisisperiodistico.com\/wp-content\/uploads\/2025\/05\/IMG-20250524-WA0037-2048x1153.jpg",2048,1153,true],"covernews-slider-full":["https:\/\/contextoanalisisperiodistico.com\/wp-content\/uploads\/2025\/05\/IMG-20250524-WA0037-1115x715.jpg",1115,715,true],"covernews-slider-center":["https:\/\/contextoanalisisperiodistico.com\/wp-content\/uploads\/2025\/05\/IMG-20250524-WA0037-800x500.jpg",800,500,true],"covernews-featured":["https:\/\/contextoanalisisperiodistico.com\/wp-content\/uploads\/2025\/05\/IMG-20250524-WA0037-1024x576.jpg",1024,576,true],"covernews-medium":["https:\/\/contextoanalisisperiodistico.com\/wp-content\/uploads\/2025\/05\/IMG-20250524-WA0037-540x340.jpg",540,340,true],"covernews-medium-square":["https:\/\/contextoanalisisperiodistico.com\/wp-content\/uploads\/2025\/05\/IMG-20250524-WA0037-400x250.jpg",400,250,true]},"author_info":{"display_name":"Mario Gir\u00f3n","author_link":"https:\/\/contextoanalisisperiodistico.com\/index.php\/author\/director\/"},"category_info":"<a href=\"https:\/\/contextoanalisisperiodistico.com\/index.php\/category\/ciudad\/\" rel=\"category tag\">Ciudad<\/a> <a href=\"https:\/\/contextoanalisisperiodistico.com\/index.php\/category\/politica\/\" rel=\"category tag\">Pol\u00edtica<\/a>","tag_info":"Pol\u00edtica","comment_count":"0","jetpack_featured_media_url":"https:\/\/contextoanalisisperiodistico.com\/wp-content\/uploads\/2025\/05\/IMG-20250524-WA0037-scaled.jpg","_links":{"self":[{"href":"https:\/\/contextoanalisisperiodistico.com\/index.php\/wp-json\/wp\/v2\/posts\/41852"}],"collection":[{"href":"https:\/\/contextoanalisisperiodistico.com\/index.php\/wp-json\/wp\/v2\/posts"}],"about":[{"href":"https:\/\/contextoanalisisperiodistico.com\/index.php\/wp-json\/wp\/v2\/types\/post"}],"author":[{"embeddable":true,"href":"https:\/\/contextoanalisisperiodistico.com\/index.php\/wp-json\/wp\/v2\/users\/4"}],"replies":[{"embeddable":true,"href":"https:\/\/contextoanalisisperiodistico.com\/index.php\/wp-json\/wp\/v2\/comments?post=41852"}],"version-history":[{"count":1,"href":"https:\/\/contextoanalisisperiodistico.com\/index.php\/wp-json\/wp\/v2\/posts\/41852\/revisions"}],"predecessor-version":[{"id":41853,"href":"https:\/\/contextoanalisisperiodistico.com\/index.php\/wp-json\/wp\/v2\/posts\/41852\/revisions\/41853"}],"wp:featuredmedia":[{"embeddable":true,"href":"https:\/\/contextoanalisisperiodistico.com\/index.php\/wp-json\/wp\/v2\/media\/41854"}],"wp:attachment":[{"href":"https:\/\/contextoanalisisperiodistico.com\/index.php\/wp-json\/wp\/v2\/media?parent=41852"}],"wp:term":[{"taxonomy":"category","embeddable":true,"href":"https:\/\/contextoanalisisperiodistico.com\/index.php\/wp-json\/wp\/v2\/categories?post=41852"},{"taxonomy":"post_tag","embeddable":true,"href":"https:\/\/contextoanalisisperiodistico.com\/index.php\/wp-json\/wp\/v2\/tags?post=41852"}],"curies":[{"name":"wp","href":"https:\/\/api.w.org\/{rel}","templated":true}]}}