{"id":41850,"date":"2025-05-23T19:25:16","date_gmt":"2025-05-24T01:25:16","guid":{"rendered":"https:\/\/contextoanalisisperiodistico.com\/index.php\/2025\/05\/23\/policia-municipal-capitalina-en-coordinacion-con-la-estatal-fgeo-y-c4-frustra-asalto-armado-en-la-colonia-reforma-hay-tres-detenidos\/"},"modified":"2025-05-23T19:32:03","modified_gmt":"2025-05-24T01:32:03","slug":"policia-municipal-capitalina-en-coordinacion-con-la-estatal-fgeo-y-c4-frustra-asalto-armado-en-la-colonia-reforma-hay-tres-detenidos","status":"publish","type":"post","link":"https:\/\/contextoanalisisperiodistico.com\/index.php\/2025\/05\/23\/policia-municipal-capitalina-en-coordinacion-con-la-estatal-fgeo-y-c4-frustra-asalto-armado-en-la-colonia-reforma-hay-tres-detenidos\/","title":{"rendered":"Polic\u00eda Municipal capitalina, en coordinaci\u00f3n con la Estatal, FGEO y C4, frustra asalto armado en la colonia Reforma"},"content":{"rendered":"<div id=\"fb-root\"><\/div>\n\n<p>\u2022Tres detenidos <\/p>\n\n\n\n<p>\u2022Dos de los presuntos responsables son originarios de la Ciudad de M\u00e9xico y uno del Estado de M\u00e9xico; quedaron a disposici\u00f3n del Ministerio P\u00fablico<\/p>\n\n\n\n<p>Oaxaca de Ju\u00e1rez, Oax., 23 de mayo de 2025.- La oportuna intervenci\u00f3n de la Polic\u00eda Municipal de Oaxaca de Ju\u00e1rez, en estrecha coordinaci\u00f3n con la Polic\u00eda Estatal, la Fiscal\u00eda General del Estado de Oaxaca (FGEO) y el Centro de Control, Comando y Comunicaci\u00f3n (C4), permiti\u00f3 la detenci\u00f3n de tres personas por su probable participaci\u00f3n en un violento asalto ocurrido la tarde de este viernes en calles de la colonia Reforma.<\/p>\n\n\n\n<p>El hecho se registr\u00f3 en una zona de alta afluencia bancaria, donde sujetos armados despojaron con violencia a un cuentahabiente. De inmediato, se activaron los protocolos del Mando Coordinado de Seguridad Metropolitana, lo que deriv\u00f3 en una persecuci\u00f3n t\u00e1ctica y la localizaci\u00f3n de los presuntos agresores.<\/p>\n\n\n\n<p>Los detenidos \u2014dos originarios de la Ciudad de M\u00e9xico y uno del Estado de M\u00e9xico\u2014 fueron puestos a disposici\u00f3n del Ministerio P\u00fablico. En el lugar se aseguraron cinco puntos con indicios bal\u00edsticos (casquillos percutidos), los cuales ya son parte de los actos de investigaci\u00f3n para robustecer las l\u00edneas ministeriales del caso.<\/p>\n\n\n\n<p>El presidente municipal de Oaxaca de Ju\u00e1rez, Ray Chagoya reconoci\u00f3 p\u00fablicamente la valent\u00eda y efectividad del operativo, destacando el compromiso de la Polic\u00eda Municipal con la seguridad de la capital.<\/p>\n\n\n\n<p>\u201cMi reconocimiento a las y los elementos que actuaron con firmeza y profesionalismo. Esta acci\u00f3n demuestra que estamos preparados para responder ante situaciones de riesgo y proteger a la ciudadan\u00eda con eficacia\u201d, afirm\u00f3.<\/p>\n\n\n\n<p>Cabe se\u00f1alar que los elementos de la Polic\u00eda Municipal reciben formaci\u00f3n continua en t\u00e1cticas de intervenci\u00f3n, manejo de crisis, uso leg\u00edtimo de la fuerza y proximidad social, lo que ha fortalecido su capacidad operativa como parte de la estrategia integral de seguridad en el municipio.<\/p>\n\n\n\n<p>El Gobierno Municipal de Oaxaca de Ju\u00e1rez reitera su compromiso con la tranquilidad de las y los oaxaque\u00f1os, a trav\u00e9s de la acci\u00f3n coordinada, la preparaci\u00f3n constante de su cuerpo policial y el combate frontal a la delincuencia.<\/p>\n\n\n\n<figure class=\"wp-block-image size-large\"><img fetchpriority=\"high\" decoding=\"async\" width=\"1024\" height=\"577\" src=\"https:\/\/contextoanalisisperiodistico.com\/wp-content\/uploads\/2025\/05\/img-20250523-wa01951832103783088129671-1024x577.jpg\" alt=\"\" class=\"wp-image-41847\" srcset=\"https:\/\/contextoanalisisperiodistico.com\/wp-content\/uploads\/2025\/05\/img-20250523-wa01951832103783088129671-1024x577.jpg 1024w, https:\/\/contextoanalisisperiodistico.com\/wp-content\/uploads\/2025\/05\/img-20250523-wa01951832103783088129671-300x169.jpg 300w, https:\/\/contextoanalisisperiodistico.com\/wp-content\/uploads\/2025\/05\/img-20250523-wa01951832103783088129671-768x432.jpg 768w, https:\/\/contextoanalisisperiodistico.com\/wp-content\/uploads\/2025\/05\/img-20250523-wa01951832103783088129671-1536x865.jpg 1536w, https:\/\/contextoanalisisperiodistico.com\/wp-content\/uploads\/2025\/05\/img-20250523-wa01951832103783088129671.jpg 2000w\" sizes=\"(max-width: 1024px) 100vw, 1024px\" \/><\/figure>\n\n\n\n<figure class=\"wp-block-image\"><img decoding=\"async\" width=\"1024\" height=\"577\" src=\"https:\/\/contextoanalisisperiodistico.com\/wp-content\/uploads\/2025\/05\/img-20250523-wa01961217135459752969581-1024x577.jpg\" alt=\"\" class=\"wp-image-41849\" srcset=\"https:\/\/contextoanalisisperiodistico.com\/wp-content\/uploads\/2025\/05\/img-20250523-wa01961217135459752969581-1024x577.jpg 1024w, https:\/\/contextoanalisisperiodistico.com\/wp-content\/uploads\/2025\/05\/img-20250523-wa01961217135459752969581-300x169.jpg 300w, https:\/\/contextoanalisisperiodistico.com\/wp-content\/uploads\/2025\/05\/img-20250523-wa01961217135459752969581-768x432.jpg 768w, https:\/\/contextoanalisisperiodistico.com\/wp-content\/uploads\/2025\/05\/img-20250523-wa01961217135459752969581-1536x865.jpg 1536w, https:\/\/contextoanalisisperiodistico.com\/wp-content\/uploads\/2025\/05\/img-20250523-wa01961217135459752969581.jpg 2000w\" sizes=\"(max-width: 1024px) 100vw, 1024px\" \/><\/figure>\n\n\n\n<figure class=\"wp-block-image\"><img decoding=\"async\" width=\"1024\" height=\"577\" src=\"https:\/\/contextoanalisisperiodistico.com\/wp-content\/uploads\/2025\/05\/img-20250523-wa01972660497834664198543-1024x577.jpg\" alt=\"\" class=\"wp-image-41846\" srcset=\"https:\/\/contextoanalisisperiodistico.com\/wp-content\/uploads\/2025\/05\/img-20250523-wa01972660497834664198543-1024x577.jpg 1024w, https:\/\/contextoanalisisperiodistico.com\/wp-content\/uploads\/2025\/05\/img-20250523-wa01972660497834664198543-300x169.jpg 300w, https:\/\/contextoanalisisperiodistico.com\/wp-content\/uploads\/2025\/05\/img-20250523-wa01972660497834664198543-768x432.jpg 768w, https:\/\/contextoanalisisperiodistico.com\/wp-content\/uploads\/2025\/05\/img-20250523-wa01972660497834664198543-1536x865.jpg 1536w, https:\/\/contextoanalisisperiodistico.com\/wp-content\/uploads\/2025\/05\/img-20250523-wa01972660497834664198543.jpg 2000w\" sizes=\"(max-width: 1024px) 100vw, 1024px\" \/><\/figure>\n\n\n\n<figure class=\"wp-block-image\"><img loading=\"lazy\" decoding=\"async\" width=\"1024\" height=\"577\" src=\"https:\/\/contextoanalisisperiodistico.com\/wp-content\/uploads\/2025\/05\/img-20250523-wa01981611386737753207580-1024x577.jpg\" alt=\"\" class=\"wp-image-41848\" srcset=\"https:\/\/contextoanalisisperiodistico.com\/wp-content\/uploads\/2025\/05\/img-20250523-wa01981611386737753207580-1024x577.jpg 1024w, https:\/\/contextoanalisisperiodistico.com\/wp-content\/uploads\/2025\/05\/img-20250523-wa01981611386737753207580-300x169.jpg 300w, https:\/\/contextoanalisisperiodistico.com\/wp-content\/uploads\/2025\/05\/img-20250523-wa01981611386737753207580-768x432.jpg 768w, https:\/\/contextoanalisisperiodistico.com\/wp-content\/uploads\/2025\/05\/img-20250523-wa01981611386737753207580-1536x865.jpg 1536w, https:\/\/contextoanalisisperiodistico.com\/wp-content\/uploads\/2025\/05\/img-20250523-wa01981611386737753207580.jpg 2000w\" sizes=\"(max-width: 1024px) 100vw, 1024px\" \/><\/figure>\n\n\n\n<figure class=\"wp-block-image\"><img loading=\"lazy\" decoding=\"async\" width=\"1024\" height=\"576\" src=\"https:\/\/contextoanalisisperiodistico.com\/wp-content\/uploads\/2025\/05\/img-20250523-wa01382481759402186267620-1024x576.jpg\" alt=\"\" class=\"wp-image-41845\" srcset=\"https:\/\/contextoanalisisperiodistico.com\/wp-content\/uploads\/2025\/05\/img-20250523-wa01382481759402186267620-1024x576.jpg 1024w, https:\/\/contextoanalisisperiodistico.com\/wp-content\/uploads\/2025\/05\/img-20250523-wa01382481759402186267620-300x169.jpg 300w, https:\/\/contextoanalisisperiodistico.com\/wp-content\/uploads\/2025\/05\/img-20250523-wa01382481759402186267620-768x432.jpg 768w, https:\/\/contextoanalisisperiodistico.com\/wp-content\/uploads\/2025\/05\/img-20250523-wa01382481759402186267620.jpg 1280w\" sizes=\"(max-width: 1024px) 100vw, 1024px\" \/><\/figure>\n","protected":false},"excerpt":{"rendered":"<p>\u2022Tres detenidos \u2022Dos de los presuntos responsables son originarios de la Ciudad de M\u00e9xico y&#8230;<\/p>\n","protected":false},"author":4,"featured_media":41844,"comment_status":"closed","ping_status":"open","sticky":false,"template":"","format":"standard","meta":{"footnotes":""},"categories":[3],"tags":[178,235,234,45],"jetpack_sharing_enabled":true,"featured_image_urls":{"full":["https:\/\/contextoanalisisperiodistico.com\/wp-content\/uploads\/2025\/05\/IMG-20250523-WA0194.jpg",1599,899,false],"thumbnail":["https:\/\/contextoanalisisperiodistico.com\/wp-content\/uploads\/2025\/05\/IMG-20250523-WA0194-150x150.jpg",150,150,true],"medium":["https:\/\/contextoanalisisperiodistico.com\/wp-content\/uploads\/2025\/05\/IMG-20250523-WA0194-300x169.jpg",300,169,true],"medium_large":["https:\/\/contextoanalisisperiodistico.com\/wp-content\/uploads\/2025\/05\/IMG-20250523-WA0194-768x432.jpg",640,360,true],"large":["https:\/\/contextoanalisisperiodistico.com\/wp-content\/uploads\/2025\/05\/IMG-20250523-WA0194-1024x576.jpg",640,360,true],"1536x1536":["https:\/\/contextoanalisisperiodistico.com\/wp-content\/uploads\/2025\/05\/IMG-20250523-WA0194-1536x864.jpg",1536,864,true],"2048x2048":["https:\/\/contextoanalisisperiodistico.com\/wp-content\/uploads\/2025\/05\/IMG-20250523-WA0194.jpg",1599,899,false],"covernews-slider-full":["https:\/\/contextoanalisisperiodistico.com\/wp-content\/uploads\/2025\/05\/IMG-20250523-WA0194-1115x715.jpg",1115,715,true],"covernews-slider-center":["https:\/\/contextoanalisisperiodistico.com\/wp-content\/uploads\/2025\/05\/IMG-20250523-WA0194-800x500.jpg",800,500,true],"covernews-featured":["https:\/\/contextoanalisisperiodistico.com\/wp-content\/uploads\/2025\/05\/IMG-20250523-WA0194-1024x576.jpg",1024,576,true],"covernews-medium":["https:\/\/contextoanalisisperiodistico.com\/wp-content\/uploads\/2025\/05\/IMG-20250523-WA0194-540x340.jpg",540,340,true],"covernews-medium-square":["https:\/\/contextoanalisisperiodistico.com\/wp-content\/uploads\/2025\/05\/IMG-20250523-WA0194-400x250.jpg",400,250,true]},"author_info":{"display_name":"Mario Gir\u00f3n","author_link":"https:\/\/contextoanalisisperiodistico.com\/index.php\/author\/director\/"},"category_info":"<a href=\"https:\/\/contextoanalisisperiodistico.com\/index.php\/category\/ciudad\/\" rel=\"category tag\">Ciudad<\/a>","tag_info":"Ciudad","comment_count":"0","jetpack_featured_media_url":"https:\/\/contextoanalisisperiodistico.com\/wp-content\/uploads\/2025\/05\/IMG-20250523-WA0194.jpg","_links":{"self":[{"href":"https:\/\/contextoanalisisperiodistico.com\/index.php\/wp-json\/wp\/v2\/posts\/41850"}],"collection":[{"href":"https:\/\/contextoanalisisperiodistico.com\/index.php\/wp-json\/wp\/v2\/posts"}],"about":[{"href":"https:\/\/contextoanalisisperiodistico.com\/index.php\/wp-json\/wp\/v2\/types\/post"}],"author":[{"embeddable":true,"href":"https:\/\/contextoanalisisperiodistico.com\/index.php\/wp-json\/wp\/v2\/users\/4"}],"replies":[{"embeddable":true,"href":"https:\/\/contextoanalisisperiodistico.com\/index.php\/wp-json\/wp\/v2\/comments?post=41850"}],"version-history":[{"count":1,"href":"https:\/\/contextoanalisisperiodistico.com\/index.php\/wp-json\/wp\/v2\/posts\/41850\/revisions"}],"predecessor-version":[{"id":41851,"href":"https:\/\/contextoanalisisperiodistico.com\/index.php\/wp-json\/wp\/v2\/posts\/41850\/revisions\/41851"}],"wp:featuredmedia":[{"embeddable":true,"href":"https:\/\/contextoanalisisperiodistico.com\/index.php\/wp-json\/wp\/v2\/media\/41844"}],"wp:attachment":[{"href":"https:\/\/contextoanalisisperiodistico.com\/index.php\/wp-json\/wp\/v2\/media?parent=41850"}],"wp:term":[{"taxonomy":"category","embeddable":true,"href":"https:\/\/contextoanalisisperiodistico.com\/index.php\/wp-json\/wp\/v2\/categories?post=41850"},{"taxonomy":"post_tag","embeddable":true,"href":"https:\/\/contextoanalisisperiodistico.com\/index.php\/wp-json\/wp\/v2\/tags?post=41850"}],"curies":[{"name":"wp","href":"https:\/\/api.w.org\/{rel}","templated":true}]}}