{"id":41793,"date":"2025-05-22T17:15:21","date_gmt":"2025-05-22T23:15:21","guid":{"rendered":"https:\/\/contextoanalisisperiodistico.com\/index.php\/2025\/05\/22\/con-acciones-reales-se-transforma-pueblo-nuevo-ray-chagoya\/"},"modified":"2025-05-22T17:15:21","modified_gmt":"2025-05-22T23:15:21","slug":"con-acciones-reales-se-transforma-pueblo-nuevo-ray-chagoya","status":"publish","type":"post","link":"https:\/\/contextoanalisisperiodistico.com\/index.php\/2025\/05\/22\/con-acciones-reales-se-transforma-pueblo-nuevo-ray-chagoya\/","title":{"rendered":"Con acciones reales se transforma Pueblo Nuevo: Ray Chagoya"},"content":{"rendered":"<div id=\"fb-root\"><\/div>\n\n<p>\u2022 Gobierno municipal y estatal trabajan por el bienestar de ni\u00f1as y ni\u00f1os de Oaxaca de Ju\u00e1rez<\/p>\n\n\n\n<figure class=\"wp-block-image size-large\"><img fetchpriority=\"high\" decoding=\"async\" width=\"1024\" height=\"683\" src=\"https:\/\/contextoanalisisperiodistico.com\/wp-content\/uploads\/2025\/05\/img-20250522-wa00652498164447038359660-1024x683.jpg\" alt=\"\" class=\"wp-image-41790\" srcset=\"https:\/\/contextoanalisisperiodistico.com\/wp-content\/uploads\/2025\/05\/img-20250522-wa00652498164447038359660-1024x683.jpg 1024w, https:\/\/contextoanalisisperiodistico.com\/wp-content\/uploads\/2025\/05\/img-20250522-wa00652498164447038359660-300x200.jpg 300w, https:\/\/contextoanalisisperiodistico.com\/wp-content\/uploads\/2025\/05\/img-20250522-wa00652498164447038359660-768x512.jpg 768w, https:\/\/contextoanalisisperiodistico.com\/wp-content\/uploads\/2025\/05\/img-20250522-wa00652498164447038359660.jpg 1080w\" sizes=\"(max-width: 1024px) 100vw, 1024px\" \/><\/figure>\n\n\n\n<figure class=\"wp-block-image\"><img decoding=\"async\" width=\"1024\" height=\"682\" src=\"https:\/\/contextoanalisisperiodistico.com\/wp-content\/uploads\/2025\/05\/img-20250522-wa00646525713608871370319-1024x682.jpg\" alt=\"\" class=\"wp-image-41789\" srcset=\"https:\/\/contextoanalisisperiodistico.com\/wp-content\/uploads\/2025\/05\/img-20250522-wa00646525713608871370319-1024x682.jpg 1024w, https:\/\/contextoanalisisperiodistico.com\/wp-content\/uploads\/2025\/05\/img-20250522-wa00646525713608871370319-300x200.jpg 300w, https:\/\/contextoanalisisperiodistico.com\/wp-content\/uploads\/2025\/05\/img-20250522-wa00646525713608871370319-768x511.jpg 768w, https:\/\/contextoanalisisperiodistico.com\/wp-content\/uploads\/2025\/05\/img-20250522-wa00646525713608871370319.jpg 1080w\" sizes=\"(max-width: 1024px) 100vw, 1024px\" \/><\/figure>\n\n\n\n<figure class=\"wp-block-image\"><img decoding=\"async\" width=\"1024\" height=\"682\" src=\"https:\/\/contextoanalisisperiodistico.com\/wp-content\/uploads\/2025\/05\/img-20250522-wa00675363828693109563956-1024x682.jpg\" alt=\"\" class=\"wp-image-41791\" srcset=\"https:\/\/contextoanalisisperiodistico.com\/wp-content\/uploads\/2025\/05\/img-20250522-wa00675363828693109563956-1024x682.jpg 1024w, https:\/\/contextoanalisisperiodistico.com\/wp-content\/uploads\/2025\/05\/img-20250522-wa00675363828693109563956-300x200.jpg 300w, https:\/\/contextoanalisisperiodistico.com\/wp-content\/uploads\/2025\/05\/img-20250522-wa00675363828693109563956-768x511.jpg 768w, https:\/\/contextoanalisisperiodistico.com\/wp-content\/uploads\/2025\/05\/img-20250522-wa00675363828693109563956.jpg 1080w\" sizes=\"(max-width: 1024px) 100vw, 1024px\" \/><\/figure>\n\n\n\n<figure class=\"wp-block-image\"><img loading=\"lazy\" decoding=\"async\" width=\"1024\" height=\"682\" src=\"https:\/\/contextoanalisisperiodistico.com\/wp-content\/uploads\/2025\/05\/img-20250522-wa00683322869456699422417-1024x682.jpg\" alt=\"\" class=\"wp-image-41792\" srcset=\"https:\/\/contextoanalisisperiodistico.com\/wp-content\/uploads\/2025\/05\/img-20250522-wa00683322869456699422417-1024x682.jpg 1024w, https:\/\/contextoanalisisperiodistico.com\/wp-content\/uploads\/2025\/05\/img-20250522-wa00683322869456699422417-300x200.jpg 300w, https:\/\/contextoanalisisperiodistico.com\/wp-content\/uploads\/2025\/05\/img-20250522-wa00683322869456699422417-768x511.jpg 768w, https:\/\/contextoanalisisperiodistico.com\/wp-content\/uploads\/2025\/05\/img-20250522-wa00683322869456699422417.jpg 1080w\" sizes=\"(max-width: 1024px) 100vw, 1024px\" \/><\/figure>\n\n\n\n<p>Oaxaca de Ju\u00e1rez, Oax. 22 de mayo de 2025.- Como resultado de los acuerdos establecidos durante la reciente gira de trabajo realizada junto al gobernador del estado, Salom\u00f3n Jara Cruz, el presidente municipal Ray Chagoya sostuvo un encuentro con madres, padres de familia y vecinas y vecinos de la colonia San Isidro, en Pueblo Nuevo, reafirmando su compromiso con el fortalecimiento de la infraestructura educativa en esta zona.<\/p>\n\n\n\n<p>Como parte de la estrategia Trabajo que Transforma tu Municipio, impulsada en estrecha coordinaci\u00f3n con el gobierno estatal, que respalda cada una de las acciones emprendidas en favor del desarrollo y bienestar de las comunidades.<\/p>\n\n\n\n<p>Durante el encuentro, acompa\u00f1ado de personal del IEEPO, Ray Chagoya destac\u00f3 que invertir en educaci\u00f3n es tambi\u00e9n garantizar entornos seguros, en paz y con futuro para las ni\u00f1as y ni\u00f1os de Oaxaca de Ju\u00e1rez.<\/p>\n\n\n\n<p>\u201cLa transformaci\u00f3n comienza desde las aulas\u201d, subray\u00f3, al reconocer que la mejora de los espacios escolares es una prioridad para construir una ciudad con igualdad de oportunidades desde la infancia.<\/p>\n\n\n\n<p>Con estas acciones, el gobierno municipal y estatal trabajan en unidad para llevar soluciones reales a las agencias y colonias, escuchando de frente a la ciudadan\u00eda y actuando en consecuencia.<\/p>\n","protected":false},"excerpt":{"rendered":"<p>\u2022 Gobierno municipal y estatal trabajan por el bienestar de ni\u00f1as y ni\u00f1os de Oaxaca&#8230;<\/p>\n","protected":false},"author":4,"featured_media":41788,"comment_status":"","ping_status":"open","sticky":false,"template":"","format":"standard","meta":{"footnotes":""},"categories":[9],"tags":[178,235,234,45],"jetpack_sharing_enabled":true,"featured_image_urls":{"full":["https:\/\/contextoanalisisperiodistico.com\/wp-content\/uploads\/2025\/05\/IMG-20250522-WA0066.jpg",1080,719,false],"thumbnail":["https:\/\/contextoanalisisperiodistico.com\/wp-content\/uploads\/2025\/05\/IMG-20250522-WA0066-150x150.jpg",150,150,true],"medium":["https:\/\/contextoanalisisperiodistico.com\/wp-content\/uploads\/2025\/05\/IMG-20250522-WA0066-300x200.jpg",300,200,true],"medium_large":["https:\/\/contextoanalisisperiodistico.com\/wp-content\/uploads\/2025\/05\/IMG-20250522-WA0066-768x511.jpg",640,426,true],"large":["https:\/\/contextoanalisisperiodistico.com\/wp-content\/uploads\/2025\/05\/IMG-20250522-WA0066-1024x682.jpg",640,426,true],"1536x1536":["https:\/\/contextoanalisisperiodistico.com\/wp-content\/uploads\/2025\/05\/IMG-20250522-WA0066.jpg",1080,719,false],"2048x2048":["https:\/\/contextoanalisisperiodistico.com\/wp-content\/uploads\/2025\/05\/IMG-20250522-WA0066.jpg",1080,719,false],"covernews-slider-full":["https:\/\/contextoanalisisperiodistico.com\/wp-content\/uploads\/2025\/05\/IMG-20250522-WA0066-1080x715.jpg",1080,715,true],"covernews-slider-center":["https:\/\/contextoanalisisperiodistico.com\/wp-content\/uploads\/2025\/05\/IMG-20250522-WA0066-800x500.jpg",800,500,true],"covernews-featured":["https:\/\/contextoanalisisperiodistico.com\/wp-content\/uploads\/2025\/05\/IMG-20250522-WA0066-1024x682.jpg",1024,682,true],"covernews-medium":["https:\/\/contextoanalisisperiodistico.com\/wp-content\/uploads\/2025\/05\/IMG-20250522-WA0066-540x340.jpg",540,340,true],"covernews-medium-square":["https:\/\/contextoanalisisperiodistico.com\/wp-content\/uploads\/2025\/05\/IMG-20250522-WA0066-400x250.jpg",400,250,true]},"author_info":{"display_name":"Mario Gir\u00f3n","author_link":"https:\/\/contextoanalisisperiodistico.com\/index.php\/author\/director\/"},"category_info":"<a href=\"https:\/\/contextoanalisisperiodistico.com\/index.php\/category\/politica\/\" rel=\"category tag\">Pol\u00edtica<\/a>","tag_info":"Pol\u00edtica","comment_count":"0","jetpack_featured_media_url":"https:\/\/contextoanalisisperiodistico.com\/wp-content\/uploads\/2025\/05\/IMG-20250522-WA0066.jpg","_links":{"self":[{"href":"https:\/\/contextoanalisisperiodistico.com\/index.php\/wp-json\/wp\/v2\/posts\/41793"}],"collection":[{"href":"https:\/\/contextoanalisisperiodistico.com\/index.php\/wp-json\/wp\/v2\/posts"}],"about":[{"href":"https:\/\/contextoanalisisperiodistico.com\/index.php\/wp-json\/wp\/v2\/types\/post"}],"author":[{"embeddable":true,"href":"https:\/\/contextoanalisisperiodistico.com\/index.php\/wp-json\/wp\/v2\/users\/4"}],"replies":[{"embeddable":true,"href":"https:\/\/contextoanalisisperiodistico.com\/index.php\/wp-json\/wp\/v2\/comments?post=41793"}],"version-history":[{"count":0,"href":"https:\/\/contextoanalisisperiodistico.com\/index.php\/wp-json\/wp\/v2\/posts\/41793\/revisions"}],"wp:featuredmedia":[{"embeddable":true,"href":"https:\/\/contextoanalisisperiodistico.com\/index.php\/wp-json\/wp\/v2\/media\/41788"}],"wp:attachment":[{"href":"https:\/\/contextoanalisisperiodistico.com\/index.php\/wp-json\/wp\/v2\/media?parent=41793"}],"wp:term":[{"taxonomy":"category","embeddable":true,"href":"https:\/\/contextoanalisisperiodistico.com\/index.php\/wp-json\/wp\/v2\/categories?post=41793"},{"taxonomy":"post_tag","embeddable":true,"href":"https:\/\/contextoanalisisperiodistico.com\/index.php\/wp-json\/wp\/v2\/tags?post=41793"}],"curies":[{"name":"wp","href":"https:\/\/api.w.org\/{rel}","templated":true}]}}