{"id":41779,"date":"2025-05-22T11:29:32","date_gmt":"2025-05-22T17:29:32","guid":{"rendered":"https:\/\/contextoanalisisperiodistico.com\/index.php\/2025\/05\/22\/recuperan-vialidades-en-la-colonia-libertad-tras-mas-de-seis-anos-de-cierre\/"},"modified":"2025-05-22T11:31:10","modified_gmt":"2025-05-22T17:31:10","slug":"recuperan-vialidades-en-la-colonia-libertad-tras-mas-de-seis-anos-de-cierre","status":"publish","type":"post","link":"https:\/\/contextoanalisisperiodistico.com\/index.php\/2025\/05\/22\/recuperan-vialidades-en-la-colonia-libertad-tras-mas-de-seis-anos-de-cierre\/","title":{"rendered":"Recuperan vialidades en la colonia Libertad tras m\u00e1s de seis a\u00f1os cerrada"},"content":{"rendered":"<div id=\"fb-root\"><\/div>\n\n<p>\u2022 Gracias al trabajo coordinado con vecinas y vecinos, se fortalece la seguridad y movilidad en la zona<\/p>\n\n\n\n<figure class=\"wp-block-image size-large\"><img fetchpriority=\"high\" decoding=\"async\" width=\"1024\" height=\"768\" src=\"https:\/\/contextoanalisisperiodistico.com\/wp-content\/uploads\/2025\/05\/img-20250522-wa0047102975641618345777-1024x768.jpg\" alt=\"\" class=\"wp-image-41777\" srcset=\"https:\/\/contextoanalisisperiodistico.com\/wp-content\/uploads\/2025\/05\/img-20250522-wa0047102975641618345777-1024x768.jpg 1024w, https:\/\/contextoanalisisperiodistico.com\/wp-content\/uploads\/2025\/05\/img-20250522-wa0047102975641618345777-300x225.jpg 300w, https:\/\/contextoanalisisperiodistico.com\/wp-content\/uploads\/2025\/05\/img-20250522-wa0047102975641618345777-768x576.jpg 768w, https:\/\/contextoanalisisperiodistico.com\/wp-content\/uploads\/2025\/05\/img-20250522-wa0047102975641618345777.jpg 1080w\" sizes=\"(max-width: 1024px) 100vw, 1024px\" \/><\/figure>\n\n\n\n<figure class=\"wp-block-image\"><img decoding=\"async\" width=\"1024\" height=\"576\" src=\"https:\/\/contextoanalisisperiodistico.com\/wp-content\/uploads\/2025\/05\/img-20250522-wa00484026748666438027283-1024x576.jpg\" alt=\"\" class=\"wp-image-41778\" srcset=\"https:\/\/contextoanalisisperiodistico.com\/wp-content\/uploads\/2025\/05\/img-20250522-wa00484026748666438027283-1024x576.jpg 1024w, https:\/\/contextoanalisisperiodistico.com\/wp-content\/uploads\/2025\/05\/img-20250522-wa00484026748666438027283-300x169.jpg 300w, https:\/\/contextoanalisisperiodistico.com\/wp-content\/uploads\/2025\/05\/img-20250522-wa00484026748666438027283-768x432.jpg 768w, https:\/\/contextoanalisisperiodistico.com\/wp-content\/uploads\/2025\/05\/img-20250522-wa00484026748666438027283.jpg 1080w\" sizes=\"(max-width: 1024px) 100vw, 1024px\" \/><\/figure>\n\n\n\n<figure class=\"wp-block-image\"><img decoding=\"async\" width=\"1024\" height=\"576\" src=\"https:\/\/contextoanalisisperiodistico.com\/wp-content\/uploads\/2025\/05\/img-20250522-wa00451203460741291152523-1024x576.jpg\" alt=\"\" class=\"wp-image-41776\" srcset=\"https:\/\/contextoanalisisperiodistico.com\/wp-content\/uploads\/2025\/05\/img-20250522-wa00451203460741291152523-1024x576.jpg 1024w, https:\/\/contextoanalisisperiodistico.com\/wp-content\/uploads\/2025\/05\/img-20250522-wa00451203460741291152523-300x169.jpg 300w, https:\/\/contextoanalisisperiodistico.com\/wp-content\/uploads\/2025\/05\/img-20250522-wa00451203460741291152523-768x432.jpg 768w, https:\/\/contextoanalisisperiodistico.com\/wp-content\/uploads\/2025\/05\/img-20250522-wa00451203460741291152523.jpg 1080w\" sizes=\"(max-width: 1024px) 100vw, 1024px\" \/><\/figure>\n\n\n\n<p>Oaxaca de Ju\u00e1rez, Oax. 22 de mayo de 2025.- Con el firme compromiso del presidente municipal Ray Chagoya de recuperar espacios p\u00fablicos y garantizar entornos m\u00e1s seguros, el Ayuntamiento de Oaxaca de Ju\u00e1rez logr\u00f3 la liberaci\u00f3n de las calles Heriberto y Vi\u00f1a del Mar en la colonia Libertad, las cuales permanecieron cerradas por m\u00e1s de seis a\u00f1os.<\/p>\n\n\n\n<p>Gracias al di\u00e1logo directo con habitantes y al respaldo del Comit\u00e9 de Vida Vecinal (Comvive), estas vialidades fueron reabiertas tras haber sido obstruidas con cadenas, afectando la movilidad y representando un riesgo para la seguridad p\u00fablica.<\/p>\n\n\n\n<p>Con esta acci\u00f3n, no solo se restablece el libre tr\u00e1nsito y la conectividad de la zona, sino que tambi\u00e9n se recuperan espacios que hab\u00edan sido aislados, lo que representa un avance significativo en la estrategia municipal de seguridad y orden urbano.<\/p>\n\n\n\n<p>El logro fue posible gracias a la intervenci\u00f3n conjunta de la Direcci\u00f3n de Gobierno y Gesti\u00f3n, la Direcci\u00f3n de la Polic\u00eda Vial Municipal, la Direcci\u00f3n de Proximidad Social y la Secretar\u00eda de Servicios Vecinales, bajo la coordinaci\u00f3n de la Secretar\u00eda de Gobierno y Territorio.<\/p>\n\n\n\n<p>El gobierno municipal reitera que seguir\u00e1 trabajando desde el territorio, impulsando soluciones reales a trav\u00e9s de la organizaci\u00f3n ciudadana y el trabajo en equipo con las y los vecinos de Oaxaca de Ju\u00e1rez.<\/p>\n","protected":false},"excerpt":{"rendered":"<p>\u2022 Gracias al trabajo coordinado con vecinas y vecinos, se fortalece la seguridad y movilidad&#8230;<\/p>\n","protected":false},"author":4,"featured_media":41775,"comment_status":"closed","ping_status":"open","sticky":false,"template":"","format":"standard","meta":{"footnotes":""},"categories":[3],"tags":[178,235,234,45],"jetpack_sharing_enabled":true,"featured_image_urls":{"full":["https:\/\/contextoanalisisperiodistico.com\/wp-content\/uploads\/2025\/05\/IMG-20250522-WA0046.jpg",1080,810,false],"thumbnail":["https:\/\/contextoanalisisperiodistico.com\/wp-content\/uploads\/2025\/05\/IMG-20250522-WA0046-150x150.jpg",150,150,true],"medium":["https:\/\/contextoanalisisperiodistico.com\/wp-content\/uploads\/2025\/05\/IMG-20250522-WA0046-300x225.jpg",300,225,true],"medium_large":["https:\/\/contextoanalisisperiodistico.com\/wp-content\/uploads\/2025\/05\/IMG-20250522-WA0046-768x576.jpg",640,480,true],"large":["https:\/\/contextoanalisisperiodistico.com\/wp-content\/uploads\/2025\/05\/IMG-20250522-WA0046-1024x768.jpg",640,480,true],"1536x1536":["https:\/\/contextoanalisisperiodistico.com\/wp-content\/uploads\/2025\/05\/IMG-20250522-WA0046.jpg",1080,810,false],"2048x2048":["https:\/\/contextoanalisisperiodistico.com\/wp-content\/uploads\/2025\/05\/IMG-20250522-WA0046.jpg",1080,810,false],"covernews-slider-full":["https:\/\/contextoanalisisperiodistico.com\/wp-content\/uploads\/2025\/05\/IMG-20250522-WA0046-1080x715.jpg",1080,715,true],"covernews-slider-center":["https:\/\/contextoanalisisperiodistico.com\/wp-content\/uploads\/2025\/05\/IMG-20250522-WA0046-800x500.jpg",800,500,true],"covernews-featured":["https:\/\/contextoanalisisperiodistico.com\/wp-content\/uploads\/2025\/05\/IMG-20250522-WA0046-1024x768.jpg",1024,768,true],"covernews-medium":["https:\/\/contextoanalisisperiodistico.com\/wp-content\/uploads\/2025\/05\/IMG-20250522-WA0046-540x340.jpg",540,340,true],"covernews-medium-square":["https:\/\/contextoanalisisperiodistico.com\/wp-content\/uploads\/2025\/05\/IMG-20250522-WA0046-400x250.jpg",400,250,true]},"author_info":{"display_name":"Mario Gir\u00f3n","author_link":"https:\/\/contextoanalisisperiodistico.com\/index.php\/author\/director\/"},"category_info":"<a href=\"https:\/\/contextoanalisisperiodistico.com\/index.php\/category\/ciudad\/\" rel=\"category tag\">Ciudad<\/a>","tag_info":"Ciudad","comment_count":"0","jetpack_featured_media_url":"https:\/\/contextoanalisisperiodistico.com\/wp-content\/uploads\/2025\/05\/IMG-20250522-WA0046.jpg","_links":{"self":[{"href":"https:\/\/contextoanalisisperiodistico.com\/index.php\/wp-json\/wp\/v2\/posts\/41779"}],"collection":[{"href":"https:\/\/contextoanalisisperiodistico.com\/index.php\/wp-json\/wp\/v2\/posts"}],"about":[{"href":"https:\/\/contextoanalisisperiodistico.com\/index.php\/wp-json\/wp\/v2\/types\/post"}],"author":[{"embeddable":true,"href":"https:\/\/contextoanalisisperiodistico.com\/index.php\/wp-json\/wp\/v2\/users\/4"}],"replies":[{"embeddable":true,"href":"https:\/\/contextoanalisisperiodistico.com\/index.php\/wp-json\/wp\/v2\/comments?post=41779"}],"version-history":[{"count":1,"href":"https:\/\/contextoanalisisperiodistico.com\/index.php\/wp-json\/wp\/v2\/posts\/41779\/revisions"}],"predecessor-version":[{"id":41780,"href":"https:\/\/contextoanalisisperiodistico.com\/index.php\/wp-json\/wp\/v2\/posts\/41779\/revisions\/41780"}],"wp:featuredmedia":[{"embeddable":true,"href":"https:\/\/contextoanalisisperiodistico.com\/index.php\/wp-json\/wp\/v2\/media\/41775"}],"wp:attachment":[{"href":"https:\/\/contextoanalisisperiodistico.com\/index.php\/wp-json\/wp\/v2\/media?parent=41779"}],"wp:term":[{"taxonomy":"category","embeddable":true,"href":"https:\/\/contextoanalisisperiodistico.com\/index.php\/wp-json\/wp\/v2\/categories?post=41779"},{"taxonomy":"post_tag","embeddable":true,"href":"https:\/\/contextoanalisisperiodistico.com\/index.php\/wp-json\/wp\/v2\/tags?post=41779"}],"curies":[{"name":"wp","href":"https:\/\/api.w.org\/{rel}","templated":true}]}}