{"id":41675,"date":"2025-05-19T14:10:09","date_gmt":"2025-05-19T20:10:09","guid":{"rendered":"https:\/\/contextoanalisisperiodistico.com\/index.php\/2025\/05\/19\/saldo-blanco-mas-de-400-personas-rescatadas-resultados-del-operativo-de-seguridad-pescador-en-central-de-abasto\/"},"modified":"2025-05-19T14:10:09","modified_gmt":"2025-05-19T20:10:09","slug":"saldo-blanco-mas-de-400-personas-rescatadas-resultados-del-operativo-de-seguridad-pescador-en-central-de-abasto","status":"publish","type":"post","link":"https:\/\/contextoanalisisperiodistico.com\/index.php\/2025\/05\/19\/saldo-blanco-mas-de-400-personas-rescatadas-resultados-del-operativo-de-seguridad-pescador-en-central-de-abasto\/","title":{"rendered":"Saldo blanco; m\u00e1s de 400 personas rescatadas: resultados del Operativo de Seguridad \u00abPescador\u00bb en Central de Abasto"},"content":{"rendered":"<div id=\"fb-root\"><\/div>\n\n<ul class=\"wp-block-list\">\n<li>Se trata de una estrategia continua y coordinada para recuperar el orden y promover un entorno seguro en la Central de Abasto.<\/li>\n<\/ul>\n\n\n\n<p>Oaxaca de Ju\u00e1rez, Oax., 19 de mayo de 2025.- Durante la conferencia de prensa encabezada por el gobernador del Estado, Salom\u00f3n Jara Cruz, el presidente municipal de Oaxaca de Ju\u00e1rez, Ray Chagoya, inform\u00f3 los resultados del Operativo Pescador, realizado en la Central de Abasto, uno de los centros comerciales m\u00e1s importantes del sureste del pa\u00eds.<\/p>\n\n\n\n<p>El edil capitalino detall\u00f3 que el operativo arroj\u00f3 un saldo blanco y permiti\u00f3 el rescate de 426 personas en situaci\u00f3n de calle, quienes se encontraban en condiciones de riesgo para su salud o integridad f\u00edsica. De este total, se identificaron 21 mujeres y 4 personas extranjeras. Asimismo, se logr\u00f3 la detenci\u00f3n de personas vinculadas con diversos delitos, conforme al informe presentado por la Fiscal\u00eda General del Estado.<\/p>\n\n\n\n<p>Ray Chagoya subray\u00f3 que esta intervenci\u00f3n no es un hecho aislado, sino parte de una estrategia continua y coordinada para recuperar el orden y promover un entorno seguro en la Central de Abasto. En este sentido, anunci\u00f3 que las acciones preventivas continuar\u00e1n con una etapa de reconstrucci\u00f3n del tejido social, incluyendo la realizaci\u00f3n de un megatequio comunitario, as\u00ed como el fortalecimiento de senderos seguros, infraestructura tur\u00edstica y econ\u00f3mica.<\/p>\n\n\n\n<p>\u201cLa Central de Abasto es un punto clave para la econom\u00eda familiar y el turismo; queremos que las familias oaxaque\u00f1as acudan con confianza, a comprar su despensa y a disfrutar de un entorno ordenado y limpio, como lo han solicitado las y los comerciantes\u201d, afirm\u00f3 el presidente municipal.<\/p>\n\n\n\n<p>Asimismo, agradeci\u00f3 la participaci\u00f3n de la Defensor\u00eda de los Derechos Humanos del Pueblo de Oaxaca, que acompa\u00f1\u00f3 en todo momento el procedimiento de atenci\u00f3n a las personas rescatadas, y asegur\u00f3 que el patrullaje y vigilancia en otras zonas de la ciudad continu\u00f3 sin interrupciones.<\/p>\n\n\n\n<p>Finalmente, Ray Chagoya reconoci\u00f3 el trabajo de la Fiscal\u00eda del Estado y de todas las instituciones que integran el Mando Metropolitano, reiterando que el gobierno municipal seguir\u00e1 trabajando de manera coordinada con el estado y la federacion para mantener la seguridad, el orden y el bienestar de las y los capitalinos.<\/p>\n\n\n\n<figure class=\"wp-block-image size-large\"><img fetchpriority=\"high\" decoding=\"async\" width=\"1024\" height=\"683\" src=\"https:\/\/contextoanalisisperiodistico.com\/wp-content\/uploads\/2025\/05\/img-20250519-wa00683613118694065487132-1024x683.jpg\" alt=\"\" class=\"wp-image-41673\" srcset=\"https:\/\/contextoanalisisperiodistico.com\/wp-content\/uploads\/2025\/05\/img-20250519-wa00683613118694065487132-1024x683.jpg 1024w, https:\/\/contextoanalisisperiodistico.com\/wp-content\/uploads\/2025\/05\/img-20250519-wa00683613118694065487132-300x200.jpg 300w, https:\/\/contextoanalisisperiodistico.com\/wp-content\/uploads\/2025\/05\/img-20250519-wa00683613118694065487132-768x512.jpg 768w, https:\/\/contextoanalisisperiodistico.com\/wp-content\/uploads\/2025\/05\/img-20250519-wa00683613118694065487132-1536x1025.jpg 1536w, https:\/\/contextoanalisisperiodistico.com\/wp-content\/uploads\/2025\/05\/img-20250519-wa00683613118694065487132.jpg 2000w\" sizes=\"(max-width: 1024px) 100vw, 1024px\" \/><\/figure>\n\n\n\n<figure class=\"wp-block-image\"><img decoding=\"async\" width=\"1024\" height=\"683\" src=\"https:\/\/contextoanalisisperiodistico.com\/wp-content\/uploads\/2025\/05\/img-20250519-wa0067815880724348858092-1024x683.jpg\" alt=\"\" class=\"wp-image-41672\" srcset=\"https:\/\/contextoanalisisperiodistico.com\/wp-content\/uploads\/2025\/05\/img-20250519-wa0067815880724348858092-1024x683.jpg 1024w, https:\/\/contextoanalisisperiodistico.com\/wp-content\/uploads\/2025\/05\/img-20250519-wa0067815880724348858092-300x200.jpg 300w, https:\/\/contextoanalisisperiodistico.com\/wp-content\/uploads\/2025\/05\/img-20250519-wa0067815880724348858092-768x512.jpg 768w, https:\/\/contextoanalisisperiodistico.com\/wp-content\/uploads\/2025\/05\/img-20250519-wa0067815880724348858092-1536x1025.jpg 1536w, https:\/\/contextoanalisisperiodistico.com\/wp-content\/uploads\/2025\/05\/img-20250519-wa0067815880724348858092.jpg 2000w\" sizes=\"(max-width: 1024px) 100vw, 1024px\" \/><\/figure>\n\n\n\n<figure class=\"wp-block-image\"><img decoding=\"async\" width=\"1024\" height=\"683\" src=\"https:\/\/contextoanalisisperiodistico.com\/wp-content\/uploads\/2025\/05\/img-20250519-wa00655722833532243046500-1024x683.jpg\" alt=\"\" class=\"wp-image-41674\" srcset=\"https:\/\/contextoanalisisperiodistico.com\/wp-content\/uploads\/2025\/05\/img-20250519-wa00655722833532243046500-1024x683.jpg 1024w, https:\/\/contextoanalisisperiodistico.com\/wp-content\/uploads\/2025\/05\/img-20250519-wa00655722833532243046500-300x200.jpg 300w, https:\/\/contextoanalisisperiodistico.com\/wp-content\/uploads\/2025\/05\/img-20250519-wa00655722833532243046500-768x512.jpg 768w, https:\/\/contextoanalisisperiodistico.com\/wp-content\/uploads\/2025\/05\/img-20250519-wa00655722833532243046500-1536x1025.jpg 1536w, https:\/\/contextoanalisisperiodistico.com\/wp-content\/uploads\/2025\/05\/img-20250519-wa00655722833532243046500.jpg 2000w\" sizes=\"(max-width: 1024px) 100vw, 1024px\" \/><\/figure>\n","protected":false},"excerpt":{"rendered":"<p>Oaxaca de Ju\u00e1rez, Oax., 19 de mayo de 2025.- Durante la conferencia de prensa encabezada&#8230;<\/p>\n","protected":false},"author":4,"featured_media":41671,"comment_status":"","ping_status":"open","sticky":false,"template":"","format":"standard","meta":{"footnotes":""},"categories":[9],"tags":[178,235,234,45],"jetpack_sharing_enabled":true,"featured_image_urls":{"full":["https:\/\/contextoanalisisperiodistico.com\/wp-content\/uploads\/2025\/05\/IMG-20250519-WA0066-scaled.jpg",2560,1706,false],"thumbnail":["https:\/\/contextoanalisisperiodistico.com\/wp-content\/uploads\/2025\/05\/IMG-20250519-WA0066-150x150.jpg",150,150,true],"medium":["https:\/\/contextoanalisisperiodistico.com\/wp-content\/uploads\/2025\/05\/IMG-20250519-WA0066-300x200.jpg",300,200,true],"medium_large":["https:\/\/contextoanalisisperiodistico.com\/wp-content\/uploads\/2025\/05\/IMG-20250519-WA0066-768x512.jpg",640,427,true],"large":["https:\/\/contextoanalisisperiodistico.com\/wp-content\/uploads\/2025\/05\/IMG-20250519-WA0066-1024x683.jpg",640,427,true],"1536x1536":["https:\/\/contextoanalisisperiodistico.com\/wp-content\/uploads\/2025\/05\/IMG-20250519-WA0066-1536x1024.jpg",1536,1024,true],"2048x2048":["https:\/\/contextoanalisisperiodistico.com\/wp-content\/uploads\/2025\/05\/IMG-20250519-WA0066-2048x1365.jpg",2048,1365,true],"covernews-slider-full":["https:\/\/contextoanalisisperiodistico.com\/wp-content\/uploads\/2025\/05\/IMG-20250519-WA0066-1115x715.jpg",1115,715,true],"covernews-slider-center":["https:\/\/contextoanalisisperiodistico.com\/wp-content\/uploads\/2025\/05\/IMG-20250519-WA0066-scaled.jpg",750,500,false],"covernews-featured":["https:\/\/contextoanalisisperiodistico.com\/wp-content\/uploads\/2025\/05\/IMG-20250519-WA0066-scaled.jpg",1024,682,false],"covernews-medium":["https:\/\/contextoanalisisperiodistico.com\/wp-content\/uploads\/2025\/05\/IMG-20250519-WA0066-scaled.jpg",510,340,false],"covernews-medium-square":["https:\/\/contextoanalisisperiodistico.com\/wp-content\/uploads\/2025\/05\/IMG-20250519-WA0066-scaled.jpg",375,250,false]},"author_info":{"display_name":"Mario Gir\u00f3n","author_link":"https:\/\/contextoanalisisperiodistico.com\/index.php\/author\/director\/"},"category_info":"<a href=\"https:\/\/contextoanalisisperiodistico.com\/index.php\/category\/politica\/\" rel=\"category tag\">Pol\u00edtica<\/a>","tag_info":"Pol\u00edtica","comment_count":"0","jetpack_featured_media_url":"https:\/\/contextoanalisisperiodistico.com\/wp-content\/uploads\/2025\/05\/IMG-20250519-WA0066-scaled.jpg","_links":{"self":[{"href":"https:\/\/contextoanalisisperiodistico.com\/index.php\/wp-json\/wp\/v2\/posts\/41675"}],"collection":[{"href":"https:\/\/contextoanalisisperiodistico.com\/index.php\/wp-json\/wp\/v2\/posts"}],"about":[{"href":"https:\/\/contextoanalisisperiodistico.com\/index.php\/wp-json\/wp\/v2\/types\/post"}],"author":[{"embeddable":true,"href":"https:\/\/contextoanalisisperiodistico.com\/index.php\/wp-json\/wp\/v2\/users\/4"}],"replies":[{"embeddable":true,"href":"https:\/\/contextoanalisisperiodistico.com\/index.php\/wp-json\/wp\/v2\/comments?post=41675"}],"version-history":[{"count":0,"href":"https:\/\/contextoanalisisperiodistico.com\/index.php\/wp-json\/wp\/v2\/posts\/41675\/revisions"}],"wp:featuredmedia":[{"embeddable":true,"href":"https:\/\/contextoanalisisperiodistico.com\/index.php\/wp-json\/wp\/v2\/media\/41671"}],"wp:attachment":[{"href":"https:\/\/contextoanalisisperiodistico.com\/index.php\/wp-json\/wp\/v2\/media?parent=41675"}],"wp:term":[{"taxonomy":"category","embeddable":true,"href":"https:\/\/contextoanalisisperiodistico.com\/index.php\/wp-json\/wp\/v2\/categories?post=41675"},{"taxonomy":"post_tag","embeddable":true,"href":"https:\/\/contextoanalisisperiodistico.com\/index.php\/wp-json\/wp\/v2\/tags?post=41675"}],"curies":[{"name":"wp","href":"https:\/\/api.w.org\/{rel}","templated":true}]}}