{"id":41660,"date":"2025-05-18T18:21:12","date_gmt":"2025-05-19T00:21:12","guid":{"rendered":"https:\/\/contextoanalisisperiodistico.com\/index.php\/2025\/05\/18\/ray-chagoya-fortalece-el-trabajo-territorial-en-santa-rosa-pueblo-nuevo-donaji-y-dolores\/"},"modified":"2025-05-18T18:21:12","modified_gmt":"2025-05-19T00:21:12","slug":"ray-chagoya-fortalece-el-trabajo-territorial-en-santa-rosa-pueblo-nuevo-donaji-y-dolores","status":"publish","type":"post","link":"https:\/\/contextoanalisisperiodistico.com\/index.php\/2025\/05\/18\/ray-chagoya-fortalece-el-trabajo-territorial-en-santa-rosa-pueblo-nuevo-donaji-y-dolores\/","title":{"rendered":"Ray Chagoya fortalece el trabajo territorial en Santa Rosa, Pueblo Nuevo, Donaj\u00ed y Dolores"},"content":{"rendered":"<div id=\"fb-root\"><\/div>\n\n<ul class=\"wp-block-list\">\n<li>Obras y apoyos llegan a las agencias municipales gracias a la estrategia Trabajo que Transforma tu Municipio, impulsada por el Gobierno del Estado que encabeza Salom\u00f3n Jara Cruz<\/li>\n\n\n\n<li>Se anunciaron obras y acciones concretas en materia de seguridad, infraestructura social, servicios b\u00e1sicos, educaci\u00f3n y salud<\/li>\n<\/ul>\n\n\n\n<figure class=\"wp-block-image size-large\"><img fetchpriority=\"high\" decoding=\"async\" width=\"1024\" height=\"685\" src=\"https:\/\/contextoanalisisperiodistico.com\/wp-content\/uploads\/2025\/05\/img-20250518-wa0121377777165359598363-1024x685.jpg\" alt=\"\" class=\"wp-image-41654\" srcset=\"https:\/\/contextoanalisisperiodistico.com\/wp-content\/uploads\/2025\/05\/img-20250518-wa0121377777165359598363-1024x685.jpg 1024w, https:\/\/contextoanalisisperiodistico.com\/wp-content\/uploads\/2025\/05\/img-20250518-wa0121377777165359598363-300x201.jpg 300w, https:\/\/contextoanalisisperiodistico.com\/wp-content\/uploads\/2025\/05\/img-20250518-wa0121377777165359598363-768x513.jpg 768w, https:\/\/contextoanalisisperiodistico.com\/wp-content\/uploads\/2025\/05\/img-20250518-wa0121377777165359598363.jpg 1080w\" sizes=\"(max-width: 1024px) 100vw, 1024px\" \/><\/figure>\n\n\n\n<figure class=\"wp-block-image\"><img decoding=\"async\" width=\"1024\" height=\"685\" src=\"https:\/\/contextoanalisisperiodistico.com\/wp-content\/uploads\/2025\/05\/img-20250518-wa01179052887573895340993-1024x685.jpg\" alt=\"\" class=\"wp-image-41655\" srcset=\"https:\/\/contextoanalisisperiodistico.com\/wp-content\/uploads\/2025\/05\/img-20250518-wa01179052887573895340993-1024x685.jpg 1024w, https:\/\/contextoanalisisperiodistico.com\/wp-content\/uploads\/2025\/05\/img-20250518-wa01179052887573895340993-300x201.jpg 300w, https:\/\/contextoanalisisperiodistico.com\/wp-content\/uploads\/2025\/05\/img-20250518-wa01179052887573895340993-768x513.jpg 768w, https:\/\/contextoanalisisperiodistico.com\/wp-content\/uploads\/2025\/05\/img-20250518-wa01179052887573895340993.jpg 1080w\" sizes=\"(max-width: 1024px) 100vw, 1024px\" \/><\/figure>\n\n\n\n<figure class=\"wp-block-image\"><img decoding=\"async\" width=\"1024\" height=\"684\" src=\"https:\/\/contextoanalisisperiodistico.com\/wp-content\/uploads\/2025\/05\/img-20250518-wa01185876094348718063694-1024x684.jpg\" alt=\"\" class=\"wp-image-41656\" srcset=\"https:\/\/contextoanalisisperiodistico.com\/wp-content\/uploads\/2025\/05\/img-20250518-wa01185876094348718063694-1024x684.jpg 1024w, https:\/\/contextoanalisisperiodistico.com\/wp-content\/uploads\/2025\/05\/img-20250518-wa01185876094348718063694-300x200.jpg 300w, https:\/\/contextoanalisisperiodistico.com\/wp-content\/uploads\/2025\/05\/img-20250518-wa01185876094348718063694-768x513.jpg 768w, https:\/\/contextoanalisisperiodistico.com\/wp-content\/uploads\/2025\/05\/img-20250518-wa01185876094348718063694.jpg 1079w\" sizes=\"(max-width: 1024px) 100vw, 1024px\" \/><\/figure>\n\n\n\n<figure class=\"wp-block-image\"><img loading=\"lazy\" decoding=\"async\" width=\"1024\" height=\"683\" src=\"https:\/\/contextoanalisisperiodistico.com\/wp-content\/uploads\/2025\/05\/img-20250518-wa01167859156539935572393-1024x683.jpg\" alt=\"\" class=\"wp-image-41658\" srcset=\"https:\/\/contextoanalisisperiodistico.com\/wp-content\/uploads\/2025\/05\/img-20250518-wa01167859156539935572393-1024x683.jpg 1024w, https:\/\/contextoanalisisperiodistico.com\/wp-content\/uploads\/2025\/05\/img-20250518-wa01167859156539935572393-300x200.jpg 300w, https:\/\/contextoanalisisperiodistico.com\/wp-content\/uploads\/2025\/05\/img-20250518-wa01167859156539935572393-768x512.jpg 768w, https:\/\/contextoanalisisperiodistico.com\/wp-content\/uploads\/2025\/05\/img-20250518-wa01167859156539935572393.jpg 1080w\" sizes=\"(max-width: 1024px) 100vw, 1024px\" \/><\/figure>\n\n\n\n<figure class=\"wp-block-image\"><img loading=\"lazy\" decoding=\"async\" width=\"1024\" height=\"685\" src=\"https:\/\/contextoanalisisperiodistico.com\/wp-content\/uploads\/2025\/05\/img-20250518-wa01193993294265368364794-1024x685.jpg\" alt=\"\" class=\"wp-image-41657\" srcset=\"https:\/\/contextoanalisisperiodistico.com\/wp-content\/uploads\/2025\/05\/img-20250518-wa01193993294265368364794-1024x685.jpg 1024w, https:\/\/contextoanalisisperiodistico.com\/wp-content\/uploads\/2025\/05\/img-20250518-wa01193993294265368364794-300x201.jpg 300w, https:\/\/contextoanalisisperiodistico.com\/wp-content\/uploads\/2025\/05\/img-20250518-wa01193993294265368364794-768x513.jpg 768w, https:\/\/contextoanalisisperiodistico.com\/wp-content\/uploads\/2025\/05\/img-20250518-wa01193993294265368364794.jpg 1080w\" sizes=\"(max-width: 1024px) 100vw, 1024px\" \/><\/figure>\n\n\n\n<figure class=\"wp-block-image\"><img loading=\"lazy\" decoding=\"async\" width=\"1024\" height=\"685\" src=\"https:\/\/contextoanalisisperiodistico.com\/wp-content\/uploads\/2025\/05\/img-20250518-wa01208081424083035478472-1024x685.jpg\" alt=\"\" class=\"wp-image-41659\" srcset=\"https:\/\/contextoanalisisperiodistico.com\/wp-content\/uploads\/2025\/05\/img-20250518-wa01208081424083035478472-1024x685.jpg 1024w, https:\/\/contextoanalisisperiodistico.com\/wp-content\/uploads\/2025\/05\/img-20250518-wa01208081424083035478472-300x201.jpg 300w, https:\/\/contextoanalisisperiodistico.com\/wp-content\/uploads\/2025\/05\/img-20250518-wa01208081424083035478472-768x513.jpg 768w, https:\/\/contextoanalisisperiodistico.com\/wp-content\/uploads\/2025\/05\/img-20250518-wa01208081424083035478472.jpg 1080w\" sizes=\"(max-width: 1024px) 100vw, 1024px\" \/><\/figure>\n\n\n\n<p>Oaxaca de Ju\u00e1rez, Oax., 18 de mayo de 2025.- Como parte de la estrategia Trabajo que Transforma tu Municipio, impulsada por el Gobierno del Estado que encabeza Salom\u00f3n Jara Cruz, el presidente municipal de Oaxaca de Ju\u00e1rez, Ray Chagoya, realiz\u00f3 una gira de trabajo por las agencias municipales de Santa Rosa Panzacola, Pueblo Nuevo, Donaj\u00ed y Dolores, donde se reuni\u00f3 con las y los habitantes para informar, escuchar y asumir nuevos compromisos que atienden necesidades hist\u00f3ricas y actuales de la ciudadan\u00eda.<\/p>\n\n\n\n<p>Durante esta jornada se anunciaron obras y acciones concretas en materia de seguridad, infraestructura social, servicios b\u00e1sicos, educaci\u00f3n y salud, en coordinaci\u00f3n con el Gobierno del Estado y con la participaci\u00f3n activa de la poblaci\u00f3n.<\/p>\n\n\n\n<p>En Santa Rosa Panzacola, se comprometieron obras prioritarias como el muro de contenci\u00f3n de la colonia Monte Alb\u00e1n, la construcci\u00f3n y rehabilitaci\u00f3n de aulas escolares, techados, equipamiento educativo y la entrega de apoyos de los programas Tarjeta Margarita Maza, Mujer Primavera y Farmacias Bienestar.<\/p>\n\n\n\n<p>En Pueblo Nuevo, se presentaron compromisos en la construcci\u00f3n de la red de drenaje sanitario de la colonia Los \u00c1ngeles, pavimentaci\u00f3n, infraestructura educativa y techados, adem\u00e1s de la rehabilitaci\u00f3n de un centro de salud.<\/p>\n\n\n\n<p>En Donaj\u00ed, se reforzar\u00e1n las acciones de seguridad con la instalaci\u00f3n de un m\u00f3dulo m\u00f3vil en la zona del Libramiento Norte y la reparaci\u00f3n de luminarias; tambi\u00e9n se anunciaron importantes obras de pavimentaci\u00f3n en calles de la colonia Volcanes, as\u00ed como apoyos educativos y deportivos, y la pr\u00f3xima perforaci\u00f3n de un pozo profundo.<\/p>\n\n\n\n<p>Finalmente en la Agencia de Dolores, el presidente municipal dio a conocer acciones para rehabilitar el m\u00f3dulo fijo de polic\u00eda que permita fortalecer la seguridad en la zona, as\u00ed como trabajos de bacheo y reencarpetamiento de vialidades, mantenimiento de espacios p\u00fablicos y sanitarios. Adem\u00e1s, se llevar\u00e1n a cabo jornadas de descacharrizaci\u00f3n para prevenir enfermedades como el dengue.<\/p>\n\n\n\n<p>Ray Chagoya subray\u00f3 que no hay transformaci\u00f3n sin participaci\u00f3n ciudadana y reafirm\u00f3 su compromiso de seguir recorriendo las agencias y colonias para construir un municipio m\u00e1s justo, seguro y con bienestar para todas y todos.<\/p>\n","protected":false},"excerpt":{"rendered":"<p>Oaxaca de Ju\u00e1rez, Oax., 18 de mayo de 2025.- Como parte de la estrategia Trabajo&#8230;<\/p>\n","protected":false},"author":4,"featured_media":41653,"comment_status":"","ping_status":"open","sticky":false,"template":"","format":"standard","meta":{"footnotes":""},"categories":[9],"tags":[178,235,234,45],"jetpack_sharing_enabled":true,"featured_image_urls":{"full":["https:\/\/contextoanalisisperiodistico.com\/wp-content\/uploads\/2025\/05\/IMG-20250518-WA0115.jpg",1080,722,false],"thumbnail":["https:\/\/contextoanalisisperiodistico.com\/wp-content\/uploads\/2025\/05\/IMG-20250518-WA0115-150x150.jpg",150,150,true],"medium":["https:\/\/contextoanalisisperiodistico.com\/wp-content\/uploads\/2025\/05\/IMG-20250518-WA0115-300x201.jpg",300,201,true],"medium_large":["https:\/\/contextoanalisisperiodistico.com\/wp-content\/uploads\/2025\/05\/IMG-20250518-WA0115-768x513.jpg",640,428,true],"large":["https:\/\/contextoanalisisperiodistico.com\/wp-content\/uploads\/2025\/05\/IMG-20250518-WA0115-1024x685.jpg",640,428,true],"1536x1536":["https:\/\/contextoanalisisperiodistico.com\/wp-content\/uploads\/2025\/05\/IMG-20250518-WA0115.jpg",1080,722,false],"2048x2048":["https:\/\/contextoanalisisperiodistico.com\/wp-content\/uploads\/2025\/05\/IMG-20250518-WA0115.jpg",1080,722,false],"covernews-slider-full":["https:\/\/contextoanalisisperiodistico.com\/wp-content\/uploads\/2025\/05\/IMG-20250518-WA0115-1080x715.jpg",1080,715,true],"covernews-slider-center":["https:\/\/contextoanalisisperiodistico.com\/wp-content\/uploads\/2025\/05\/IMG-20250518-WA0115-800x500.jpg",800,500,true],"covernews-featured":["https:\/\/contextoanalisisperiodistico.com\/wp-content\/uploads\/2025\/05\/IMG-20250518-WA0115-1024x685.jpg",1024,685,true],"covernews-medium":["https:\/\/contextoanalisisperiodistico.com\/wp-content\/uploads\/2025\/05\/IMG-20250518-WA0115-540x340.jpg",540,340,true],"covernews-medium-square":["https:\/\/contextoanalisisperiodistico.com\/wp-content\/uploads\/2025\/05\/IMG-20250518-WA0115-400x250.jpg",400,250,true]},"author_info":{"display_name":"Mario Gir\u00f3n","author_link":"https:\/\/contextoanalisisperiodistico.com\/index.php\/author\/director\/"},"category_info":"<a href=\"https:\/\/contextoanalisisperiodistico.com\/index.php\/category\/politica\/\" rel=\"category tag\">Pol\u00edtica<\/a>","tag_info":"Pol\u00edtica","comment_count":"0","jetpack_featured_media_url":"https:\/\/contextoanalisisperiodistico.com\/wp-content\/uploads\/2025\/05\/IMG-20250518-WA0115.jpg","_links":{"self":[{"href":"https:\/\/contextoanalisisperiodistico.com\/index.php\/wp-json\/wp\/v2\/posts\/41660"}],"collection":[{"href":"https:\/\/contextoanalisisperiodistico.com\/index.php\/wp-json\/wp\/v2\/posts"}],"about":[{"href":"https:\/\/contextoanalisisperiodistico.com\/index.php\/wp-json\/wp\/v2\/types\/post"}],"author":[{"embeddable":true,"href":"https:\/\/contextoanalisisperiodistico.com\/index.php\/wp-json\/wp\/v2\/users\/4"}],"replies":[{"embeddable":true,"href":"https:\/\/contextoanalisisperiodistico.com\/index.php\/wp-json\/wp\/v2\/comments?post=41660"}],"version-history":[{"count":0,"href":"https:\/\/contextoanalisisperiodistico.com\/index.php\/wp-json\/wp\/v2\/posts\/41660\/revisions"}],"wp:featuredmedia":[{"embeddable":true,"href":"https:\/\/contextoanalisisperiodistico.com\/index.php\/wp-json\/wp\/v2\/media\/41653"}],"wp:attachment":[{"href":"https:\/\/contextoanalisisperiodistico.com\/index.php\/wp-json\/wp\/v2\/media?parent=41660"}],"wp:term":[{"taxonomy":"category","embeddable":true,"href":"https:\/\/contextoanalisisperiodistico.com\/index.php\/wp-json\/wp\/v2\/categories?post=41660"},{"taxonomy":"post_tag","embeddable":true,"href":"https:\/\/contextoanalisisperiodistico.com\/index.php\/wp-json\/wp\/v2\/tags?post=41660"}],"curies":[{"name":"wp","href":"https:\/\/api.w.org\/{rel}","templated":true}]}}