{"id":41555,"date":"2025-05-16T21:58:18","date_gmt":"2025-05-17T03:58:18","guid":{"rendered":"https:\/\/contextoanalisisperiodistico.com\/index.php\/2025\/05\/16\/entrega-gobierno-de-oaxaca-tarjeta-mi-primera-chamba-a-mas-de-mil-jovenes\/"},"modified":"2025-05-16T21:58:18","modified_gmt":"2025-05-17T03:58:18","slug":"entrega-gobierno-de-oaxaca-tarjeta-mi-primera-chamba-a-mas-de-mil-jovenes","status":"publish","type":"post","link":"https:\/\/contextoanalisisperiodistico.com\/index.php\/2025\/05\/16\/entrega-gobierno-de-oaxaca-tarjeta-mi-primera-chamba-a-mas-de-mil-jovenes\/","title":{"rendered":"Entrega Gobierno de Oaxaca tarjeta Mi Primera Chamba a m\u00e1s de mil j\u00f3venes"},"content":{"rendered":"<div id=\"fb-root\"><\/div>\n\n<p>\u2022 Con esta iniciativa se apoya a este sector en la b\u00fasqueda de oportunidades laborales y se fortalece la econom\u00eda local<\/p>\n\n\n\n<figure class=\"wp-block-image size-large\"><img fetchpriority=\"high\" decoding=\"async\" width=\"1024\" height=\"575\" src=\"https:\/\/contextoanalisisperiodistico.com\/wp-content\/uploads\/2025\/05\/img-20250516-wa00616754032696820105832-1024x575.jpg\" alt=\"\" class=\"wp-image-41552\" srcset=\"https:\/\/contextoanalisisperiodistico.com\/wp-content\/uploads\/2025\/05\/img-20250516-wa00616754032696820105832-1024x575.jpg 1024w, https:\/\/contextoanalisisperiodistico.com\/wp-content\/uploads\/2025\/05\/img-20250516-wa00616754032696820105832-300x168.jpg 300w, https:\/\/contextoanalisisperiodistico.com\/wp-content\/uploads\/2025\/05\/img-20250516-wa00616754032696820105832-768x431.jpg 768w, https:\/\/contextoanalisisperiodistico.com\/wp-content\/uploads\/2025\/05\/img-20250516-wa00616754032696820105832-1536x862.jpg 1536w, https:\/\/contextoanalisisperiodistico.com\/wp-content\/uploads\/2025\/05\/img-20250516-wa00616754032696820105832.jpg 1600w\" sizes=\"(max-width: 1024px) 100vw, 1024px\" \/><\/figure>\n\n\n\n<figure class=\"wp-block-image\"><img decoding=\"async\" width=\"1024\" height=\"575\" src=\"https:\/\/contextoanalisisperiodistico.com\/wp-content\/uploads\/2025\/05\/img-20250516-wa00605498089107547111561-1024x575.jpg\" alt=\"\" class=\"wp-image-41553\" srcset=\"https:\/\/contextoanalisisperiodistico.com\/wp-content\/uploads\/2025\/05\/img-20250516-wa00605498089107547111561-1024x575.jpg 1024w, https:\/\/contextoanalisisperiodistico.com\/wp-content\/uploads\/2025\/05\/img-20250516-wa00605498089107547111561-300x168.jpg 300w, https:\/\/contextoanalisisperiodistico.com\/wp-content\/uploads\/2025\/05\/img-20250516-wa00605498089107547111561-768x431.jpg 768w, https:\/\/contextoanalisisperiodistico.com\/wp-content\/uploads\/2025\/05\/img-20250516-wa00605498089107547111561-1536x862.jpg 1536w, https:\/\/contextoanalisisperiodistico.com\/wp-content\/uploads\/2025\/05\/img-20250516-wa00605498089107547111561.jpg 1600w\" sizes=\"(max-width: 1024px) 100vw, 1024px\" \/><\/figure>\n\n\n\n<figure class=\"wp-block-image\"><img decoding=\"async\" width=\"1024\" height=\"575\" src=\"https:\/\/contextoanalisisperiodistico.com\/wp-content\/uploads\/2025\/05\/img-20250516-wa00625634364881700841945-1024x575.jpg\" alt=\"\" class=\"wp-image-41554\" srcset=\"https:\/\/contextoanalisisperiodistico.com\/wp-content\/uploads\/2025\/05\/img-20250516-wa00625634364881700841945-1024x575.jpg 1024w, https:\/\/contextoanalisisperiodistico.com\/wp-content\/uploads\/2025\/05\/img-20250516-wa00625634364881700841945-300x168.jpg 300w, https:\/\/contextoanalisisperiodistico.com\/wp-content\/uploads\/2025\/05\/img-20250516-wa00625634364881700841945-768x431.jpg 768w, https:\/\/contextoanalisisperiodistico.com\/wp-content\/uploads\/2025\/05\/img-20250516-wa00625634364881700841945-1536x862.jpg 1536w, https:\/\/contextoanalisisperiodistico.com\/wp-content\/uploads\/2025\/05\/img-20250516-wa00625634364881700841945.jpg 1600w\" sizes=\"(max-width: 1024px) 100vw, 1024px\" \/><\/figure>\n\n\n\n<p>Oaxaca de Ju\u00e1rez, Oax. 16 de mayo de 2025.\u2013 Con la entrega de mil ocho tarjetas del programa Mi Primera Chamba Experiencia que Transforma, el Gobierno de la Primavera Oaxaque\u00f1a beneficia a las juventudes de las ocho regiones del estado para que alcancen su desarrollo profesional y econ\u00f3mico.<\/p>\n\n\n\n<p>Desde el Centro Cultural y de Convenciones de Oaxaca (CCCO), la titular de la Secretar\u00eda de Bienestar, Tequio e Inclusi\u00f3n (Sebienti), Vilma Mart\u00ednez Cort\u00e9s destac\u00f3 que este programa representa uno de los pilares m\u00e1s nobles de la pol\u00edtica p\u00fablica estatal.<\/p>\n\n\n\n<p>\u201cHoy les decimos a las juventudes: no est\u00e1n solas ni solos. Tienen en este gobierno a un aliado que les acompa\u00f1a para construir un mejor futuro\u201d, expres\u00f3.<\/p>\n\n\n\n<p>Acompa\u00f1ada por el subsecretario de Bienestar, Tequio e Inclusi\u00f3n para las Juventudes, Diego De la Cruz; la funcionaria resalt\u00f3 que Mi Primera Chamba es una respuesta directa a una de las mayores demandas de la juventud oaxaque\u00f1a: acceder a su primera experiencia laboral con acompa\u00f1amiento y dignidad.<\/p>\n\n\n\n<p>\u201cEstamos haciendo historia, porque por primera vez las juventudes son el eje central de la pol\u00edtica p\u00fablica. Ustedes son el presente de Oaxaca, y este gobierno cree en su potencial\u201d, se\u00f1al\u00f3.<\/p>\n\n\n\n<p>La entrega de estas tarjetas permitir\u00e1 a las y los beneficiarios incorporarse a espacios de trabajo donde podr\u00e1n adquirir habilidades, generar experiencia y ser parte activa de la transformaci\u00f3n de Oaxaca. El programa no solo impulsa la empleabilidad, sino que tambi\u00e9n fortalece la econom\u00eda local y promueve el arraigo de talentos en el estado.<\/p>\n\n\n\n<p>Con estas acciones, el Gobierno del Estado prioriza el bienestar, la inclusi\u00f3n y la justicia social, poniendo al centro a un sector tan importante que se excluy\u00f3 por a\u00f1os: las juventudes.<\/p>\n\n\n\n<p>-0-<\/p>\n","protected":false},"excerpt":{"rendered":"<p>\u2022 Con esta iniciativa se apoya a este sector en la b\u00fasqueda de oportunidades laborales&#8230;<\/p>\n","protected":false},"author":4,"featured_media":41551,"comment_status":"","ping_status":"open","sticky":false,"template":"","format":"standard","meta":{"footnotes":""},"categories":[3],"tags":[],"jetpack_sharing_enabled":true,"featured_image_urls":{"full":["https:\/\/contextoanalisisperiodistico.com\/wp-content\/uploads\/2025\/05\/IMG-20250516-WA0063.jpg",1600,1069,false],"thumbnail":["https:\/\/contextoanalisisperiodistico.com\/wp-content\/uploads\/2025\/05\/IMG-20250516-WA0063-150x150.jpg",150,150,true],"medium":["https:\/\/contextoanalisisperiodistico.com\/wp-content\/uploads\/2025\/05\/IMG-20250516-WA0063-300x200.jpg",300,200,true],"medium_large":["https:\/\/contextoanalisisperiodistico.com\/wp-content\/uploads\/2025\/05\/IMG-20250516-WA0063-768x513.jpg",640,428,true],"large":["https:\/\/contextoanalisisperiodistico.com\/wp-content\/uploads\/2025\/05\/IMG-20250516-WA0063-1024x684.jpg",640,428,true],"1536x1536":["https:\/\/contextoanalisisperiodistico.com\/wp-content\/uploads\/2025\/05\/IMG-20250516-WA0063-1536x1026.jpg",1536,1026,true],"2048x2048":["https:\/\/contextoanalisisperiodistico.com\/wp-content\/uploads\/2025\/05\/IMG-20250516-WA0063.jpg",1600,1069,false],"covernews-slider-full":["https:\/\/contextoanalisisperiodistico.com\/wp-content\/uploads\/2025\/05\/IMG-20250516-WA0063-1115x715.jpg",1115,715,true],"covernews-slider-center":["https:\/\/contextoanalisisperiodistico.com\/wp-content\/uploads\/2025\/05\/IMG-20250516-WA0063-800x500.jpg",800,500,true],"covernews-featured":["https:\/\/contextoanalisisperiodistico.com\/wp-content\/uploads\/2025\/05\/IMG-20250516-WA0063-1024x684.jpg",1024,684,true],"covernews-medium":["https:\/\/contextoanalisisperiodistico.com\/wp-content\/uploads\/2025\/05\/IMG-20250516-WA0063-540x340.jpg",540,340,true],"covernews-medium-square":["https:\/\/contextoanalisisperiodistico.com\/wp-content\/uploads\/2025\/05\/IMG-20250516-WA0063-400x250.jpg",400,250,true]},"author_info":{"display_name":"Mario Gir\u00f3n","author_link":"https:\/\/contextoanalisisperiodistico.com\/index.php\/author\/director\/"},"category_info":"<a href=\"https:\/\/contextoanalisisperiodistico.com\/index.php\/category\/ciudad\/\" rel=\"category tag\">Ciudad<\/a>","tag_info":"Ciudad","comment_count":"0","jetpack_featured_media_url":"https:\/\/contextoanalisisperiodistico.com\/wp-content\/uploads\/2025\/05\/IMG-20250516-WA0063.jpg","_links":{"self":[{"href":"https:\/\/contextoanalisisperiodistico.com\/index.php\/wp-json\/wp\/v2\/posts\/41555"}],"collection":[{"href":"https:\/\/contextoanalisisperiodistico.com\/index.php\/wp-json\/wp\/v2\/posts"}],"about":[{"href":"https:\/\/contextoanalisisperiodistico.com\/index.php\/wp-json\/wp\/v2\/types\/post"}],"author":[{"embeddable":true,"href":"https:\/\/contextoanalisisperiodistico.com\/index.php\/wp-json\/wp\/v2\/users\/4"}],"replies":[{"embeddable":true,"href":"https:\/\/contextoanalisisperiodistico.com\/index.php\/wp-json\/wp\/v2\/comments?post=41555"}],"version-history":[{"count":0,"href":"https:\/\/contextoanalisisperiodistico.com\/index.php\/wp-json\/wp\/v2\/posts\/41555\/revisions"}],"wp:featuredmedia":[{"embeddable":true,"href":"https:\/\/contextoanalisisperiodistico.com\/index.php\/wp-json\/wp\/v2\/media\/41551"}],"wp:attachment":[{"href":"https:\/\/contextoanalisisperiodistico.com\/index.php\/wp-json\/wp\/v2\/media?parent=41555"}],"wp:term":[{"taxonomy":"category","embeddable":true,"href":"https:\/\/contextoanalisisperiodistico.com\/index.php\/wp-json\/wp\/v2\/categories?post=41555"},{"taxonomy":"post_tag","embeddable":true,"href":"https:\/\/contextoanalisisperiodistico.com\/index.php\/wp-json\/wp\/v2\/tags?post=41555"}],"curies":[{"name":"wp","href":"https:\/\/api.w.org\/{rel}","templated":true}]}}