{"id":41534,"date":"2025-05-16T18:25:04","date_gmt":"2025-05-17T00:25:04","guid":{"rendered":"https:\/\/contextoanalisisperiodistico.com\/index.php\/2025\/05\/16\/recibe-coordinacion-de-comunicacion-social-taller-de-concientizacion-sobre-las-lenguas-originarias\/"},"modified":"2025-05-16T18:25:04","modified_gmt":"2025-05-17T00:25:04","slug":"recibe-coordinacion-de-comunicacion-social-taller-de-concientizacion-sobre-las-lenguas-originarias","status":"publish","type":"post","link":"https:\/\/contextoanalisisperiodistico.com\/index.php\/2025\/05\/16\/recibe-coordinacion-de-comunicacion-social-taller-de-concientizacion-sobre-las-lenguas-originarias\/","title":{"rendered":"Recibe Coordinaci\u00f3n de Comunicaci\u00f3n Social taller de concientizaci\u00f3n sobre las lenguas originarias"},"content":{"rendered":"<div id=\"fb-root\"><\/div>\n\n<p>\u2022 Especialistas de ILEO brindaron herramientas did\u00e1cticas e informativas para identificar el valor e importancia social de estas oralidades<\/p>\n\n\n\n<figure class=\"wp-block-image size-large\"><img fetchpriority=\"high\" decoding=\"async\" width=\"900\" height=\"600\" src=\"https:\/\/contextoanalisisperiodistico.com\/wp-content\/uploads\/2025\/05\/img-20250516-wa01308064781738600221371.jpg\" alt=\"\" class=\"wp-image-41530\" srcset=\"https:\/\/contextoanalisisperiodistico.com\/wp-content\/uploads\/2025\/05\/img-20250516-wa01308064781738600221371.jpg 900w, https:\/\/contextoanalisisperiodistico.com\/wp-content\/uploads\/2025\/05\/img-20250516-wa01308064781738600221371-300x200.jpg 300w, https:\/\/contextoanalisisperiodistico.com\/wp-content\/uploads\/2025\/05\/img-20250516-wa01308064781738600221371-768x512.jpg 768w\" sizes=\"(max-width: 900px) 100vw, 900px\" \/><\/figure>\n\n\n\n<figure class=\"wp-block-image\"><img decoding=\"async\" width=\"300\" height=\"200\" src=\"https:\/\/contextoanalisisperiodistico.com\/wp-content\/uploads\/2025\/05\/img-20250516-wa01292653544639707046037-300x200.jpg\" alt=\"\" class=\"wp-image-41531\" srcset=\"https:\/\/contextoanalisisperiodistico.com\/wp-content\/uploads\/2025\/05\/img-20250516-wa01292653544639707046037-300x200.jpg 300w, https:\/\/contextoanalisisperiodistico.com\/wp-content\/uploads\/2025\/05\/img-20250516-wa01292653544639707046037-768x512.jpg 768w, https:\/\/contextoanalisisperiodistico.com\/wp-content\/uploads\/2025\/05\/img-20250516-wa01292653544639707046037.jpg 900w\" sizes=\"(max-width: 300px) 100vw, 300px\" \/><\/figure>\n\n\n\n<figure class=\"wp-block-image\"><img decoding=\"async\" width=\"300\" height=\"178\" src=\"https:\/\/contextoanalisisperiodistico.com\/wp-content\/uploads\/2025\/05\/img-20250516-wa01282569768782153148577-300x178.jpg\" alt=\"\" class=\"wp-image-41533\" srcset=\"https:\/\/contextoanalisisperiodistico.com\/wp-content\/uploads\/2025\/05\/img-20250516-wa01282569768782153148577-300x178.jpg 300w, https:\/\/contextoanalisisperiodistico.com\/wp-content\/uploads\/2025\/05\/img-20250516-wa01282569768782153148577-768x457.jpg 768w, https:\/\/contextoanalisisperiodistico.com\/wp-content\/uploads\/2025\/05\/img-20250516-wa01282569768782153148577.jpg 900w\" sizes=\"(max-width: 300px) 100vw, 300px\" \/><\/figure>\n\n\n\n<figure class=\"wp-block-image\"><img loading=\"lazy\" decoding=\"async\" width=\"300\" height=\"197\" src=\"https:\/\/contextoanalisisperiodistico.com\/wp-content\/uploads\/2025\/05\/img-20250516-wa01275993217019517941712-300x197.jpg\" alt=\"\" class=\"wp-image-41532\" srcset=\"https:\/\/contextoanalisisperiodistico.com\/wp-content\/uploads\/2025\/05\/img-20250516-wa01275993217019517941712-300x197.jpg 300w, https:\/\/contextoanalisisperiodistico.com\/wp-content\/uploads\/2025\/05\/img-20250516-wa01275993217019517941712-768x503.jpg 768w, https:\/\/contextoanalisisperiodistico.com\/wp-content\/uploads\/2025\/05\/img-20250516-wa01275993217019517941712.jpg 900w\" sizes=\"(max-width: 300px) 100vw, 300px\" \/><\/figure>\n\n\n\n<p>Oaxaca de Ju\u00e1rez, Oax. 16 de mayo de 2025.- Con el firme objetivo de fomentar la conservaci\u00f3n del patrimonio oral y escrito de los pueblos ind\u00edgenas y afromexicano, el Instituto de Lenguas Originarias de Oaxaca (ILEO) imparti\u00f3 el Taller de sensibilizaci\u00f3n: \u201cFormaci\u00f3n y concientizaci\u00f3n del patrimonio ling\u00fc\u00edstico para su preservaci\u00f3n\u201d dirigido al personal de la Coordinaci\u00f3n de Comunicaci\u00f3n Social del Gobierno Estatal.<\/p>\n\n\n\n<p>En la actividad se brindaron herramientas did\u00e1cticas e informativas para identificar el valor e importancia social de estas oralidades, en la concepci\u00f3n de las y los hablantes respecto a su entorno, sus derechos y, el orgullo que significa su pr\u00e1ctica diaria.<\/p>\n\n\n\n<p>Asimismo, los ponentes Eder Santiago Garc\u00eda y Orlando R\u00edos M\u00e9ndez precisaron que una lengua es una organizaci\u00f3n sistem\u00e1tica de signos orales o se\u00f1as, estructurada y que atiende a reglas sociales; mientras que un dialecto refiere a las variantes con modismos, expresiones y entonaciones \u00fanicas.<\/p>\n\n\n\n<p>Mencionaron que la lengua da identidad a las mujeres y hombres, como: Ayuuk, Ch\u00e1q Kny\u00e1, Angp\u00f8&#8217;n tsame, Dbaku, Diidxaz\u00e1, \u00c9nn\u00e1, Jny\u2019on nd\u00e1, Jujmii, Lajltygi, Nawatlahtolli, Nanj n\u00efn&#8217;\u00efn, Ngigua, Tnu\u2019u dau, Umbeyajts, Xjuani.<\/p>\n\n\n\n<p>De las 68 agrupaciones ling\u00fc\u00edsticas de M\u00e9xico, en Oaxaca se hablan 15, con 176 variantes; cada una con conocimientos e historias cruciales para entender la identidad de los pueblos ind\u00edgenas.<\/p>\n\n\n\n<p>Asimismo, los talleristas de ILEO expusieron que, a trav\u00e9s de los a\u00f1os, mediante pol\u00edticas p\u00fablicas err\u00f3neas y en medios de comunicaci\u00f3n se ha legitimado la discriminaci\u00f3n, desconocimiento, desplazamiento y violencia ejercida hacia las personas hablantes de lenguas originarias; lo cual ha influido en el acceso a la educaci\u00f3n, salud, justicia y en la p\u00e9rdida de estos patrimonios inmateriales con el paso de las generaciones.<\/p>\n\n\n\n<p>En este ejercicio, el funcionariado de la Coordinaci\u00f3n de Comunicaci\u00f3n Social present\u00f3 medidas y propuestas para promover el uso y respeto de las lenguas originarias, que facilite la revitalizaci\u00f3n en el estado, en apego a la pol\u00edtica p\u00fablica implementada por el Gobernador Salom\u00f3n Jara.<\/p>\n\n\n\n<p>Desde hace m\u00e1s de 2 a\u00f1os, la Primavera Oaxaque\u00f1a trabaja como nunca para resarcir la deuda hist\u00f3rica con los pueblos y comunidades de las ocho regiones, al promover la conservaci\u00f3n de sus saberes ancestrales.<\/p>\n\n\n\n<p>-0-<\/p>\n","protected":false},"excerpt":{"rendered":"<p>\u2022 Especialistas de ILEO brindaron herramientas did\u00e1cticas e informativas para identificar el valor e importancia&#8230;<\/p>\n","protected":false},"author":4,"featured_media":41529,"comment_status":"","ping_status":"open","sticky":false,"template":"","format":"standard","meta":{"footnotes":""},"categories":[3],"tags":[],"jetpack_sharing_enabled":true,"featured_image_urls":{"full":["https:\/\/contextoanalisisperiodistico.com\/wp-content\/uploads\/2025\/05\/IMG-20250516-WA0131.jpg",900,571,false],"thumbnail":["https:\/\/contextoanalisisperiodistico.com\/wp-content\/uploads\/2025\/05\/IMG-20250516-WA0131-150x150.jpg",150,150,true],"medium":["https:\/\/contextoanalisisperiodistico.com\/wp-content\/uploads\/2025\/05\/IMG-20250516-WA0131-300x190.jpg",300,190,true],"medium_large":["https:\/\/contextoanalisisperiodistico.com\/wp-content\/uploads\/2025\/05\/IMG-20250516-WA0131-768x487.jpg",640,406,true],"large":["https:\/\/contextoanalisisperiodistico.com\/wp-content\/uploads\/2025\/05\/IMG-20250516-WA0131.jpg",640,406,false],"1536x1536":["https:\/\/contextoanalisisperiodistico.com\/wp-content\/uploads\/2025\/05\/IMG-20250516-WA0131.jpg",900,571,false],"2048x2048":["https:\/\/contextoanalisisperiodistico.com\/wp-content\/uploads\/2025\/05\/IMG-20250516-WA0131.jpg",900,571,false],"covernews-slider-full":["https:\/\/contextoanalisisperiodistico.com\/wp-content\/uploads\/2025\/05\/IMG-20250516-WA0131.jpg",900,571,false],"covernews-slider-center":["https:\/\/contextoanalisisperiodistico.com\/wp-content\/uploads\/2025\/05\/IMG-20250516-WA0131-800x500.jpg",800,500,true],"covernews-featured":["https:\/\/contextoanalisisperiodistico.com\/wp-content\/uploads\/2025\/05\/IMG-20250516-WA0131.jpg",900,571,false],"covernews-medium":["https:\/\/contextoanalisisperiodistico.com\/wp-content\/uploads\/2025\/05\/IMG-20250516-WA0131-540x340.jpg",540,340,true],"covernews-medium-square":["https:\/\/contextoanalisisperiodistico.com\/wp-content\/uploads\/2025\/05\/IMG-20250516-WA0131-400x250.jpg",400,250,true]},"author_info":{"display_name":"Mario Gir\u00f3n","author_link":"https:\/\/contextoanalisisperiodistico.com\/index.php\/author\/director\/"},"category_info":"<a href=\"https:\/\/contextoanalisisperiodistico.com\/index.php\/category\/ciudad\/\" rel=\"category tag\">Ciudad<\/a>","tag_info":"Ciudad","comment_count":"0","jetpack_featured_media_url":"https:\/\/contextoanalisisperiodistico.com\/wp-content\/uploads\/2025\/05\/IMG-20250516-WA0131.jpg","_links":{"self":[{"href":"https:\/\/contextoanalisisperiodistico.com\/index.php\/wp-json\/wp\/v2\/posts\/41534"}],"collection":[{"href":"https:\/\/contextoanalisisperiodistico.com\/index.php\/wp-json\/wp\/v2\/posts"}],"about":[{"href":"https:\/\/contextoanalisisperiodistico.com\/index.php\/wp-json\/wp\/v2\/types\/post"}],"author":[{"embeddable":true,"href":"https:\/\/contextoanalisisperiodistico.com\/index.php\/wp-json\/wp\/v2\/users\/4"}],"replies":[{"embeddable":true,"href":"https:\/\/contextoanalisisperiodistico.com\/index.php\/wp-json\/wp\/v2\/comments?post=41534"}],"version-history":[{"count":0,"href":"https:\/\/contextoanalisisperiodistico.com\/index.php\/wp-json\/wp\/v2\/posts\/41534\/revisions"}],"wp:featuredmedia":[{"embeddable":true,"href":"https:\/\/contextoanalisisperiodistico.com\/index.php\/wp-json\/wp\/v2\/media\/41529"}],"wp:attachment":[{"href":"https:\/\/contextoanalisisperiodistico.com\/index.php\/wp-json\/wp\/v2\/media?parent=41534"}],"wp:term":[{"taxonomy":"category","embeddable":true,"href":"https:\/\/contextoanalisisperiodistico.com\/index.php\/wp-json\/wp\/v2\/categories?post=41534"},{"taxonomy":"post_tag","embeddable":true,"href":"https:\/\/contextoanalisisperiodistico.com\/index.php\/wp-json\/wp\/v2\/tags?post=41534"}],"curies":[{"name":"wp","href":"https:\/\/api.w.org\/{rel}","templated":true}]}}