{"id":41528,"date":"2025-05-16T15:17:02","date_gmt":"2025-05-16T21:17:02","guid":{"rendered":"https:\/\/contextoanalisisperiodistico.com\/index.php\/2025\/05\/16\/entrega-sso-premio-nacional-de-antiguedad-a-81-trabajadoras-y-trabajadores\/"},"modified":"2025-05-16T15:17:02","modified_gmt":"2025-05-16T21:17:02","slug":"entrega-sso-premio-nacional-de-antiguedad-a-81-trabajadoras-y-trabajadores","status":"publish","type":"post","link":"https:\/\/contextoanalisisperiodistico.com\/index.php\/2025\/05\/16\/entrega-sso-premio-nacional-de-antiguedad-a-81-trabajadoras-y-trabajadores\/","title":{"rendered":"Entrega SSO Premio Nacional de Antig\u00fcedad a 81 trabajadoras y trabajadores"},"content":{"rendered":"<div id=\"fb-root\"><\/div>\n\n<p>\u2022 Celebran legado y compromiso de quienes han hecho historia en la salud de Oaxaca<\/p>\n\n\n\n<figure class=\"wp-block-image size-large\"><img fetchpriority=\"high\" decoding=\"async\" width=\"682\" height=\"1024\" src=\"https:\/\/contextoanalisisperiodistico.com\/wp-content\/uploads\/2025\/05\/img-20250516-wa01121881888072069363415-682x1024.jpg\" alt=\"\" class=\"wp-image-41524\" srcset=\"https:\/\/contextoanalisisperiodistico.com\/wp-content\/uploads\/2025\/05\/img-20250516-wa01121881888072069363415-682x1024.jpg 682w, https:\/\/contextoanalisisperiodistico.com\/wp-content\/uploads\/2025\/05\/img-20250516-wa01121881888072069363415-200x300.jpg 200w, https:\/\/contextoanalisisperiodistico.com\/wp-content\/uploads\/2025\/05\/img-20250516-wa01121881888072069363415-768x1152.jpg 768w, https:\/\/contextoanalisisperiodistico.com\/wp-content\/uploads\/2025\/05\/img-20250516-wa01121881888072069363415.jpg 853w\" sizes=\"(max-width: 682px) 100vw, 682px\" \/><\/figure>\n\n\n\n<figure class=\"wp-block-image\"><img decoding=\"async\" width=\"1024\" height=\"682\" src=\"https:\/\/contextoanalisisperiodistico.com\/wp-content\/uploads\/2025\/05\/img-20250516-wa01154774242648454684785-1024x682.jpg\" alt=\"\" class=\"wp-image-41526\" srcset=\"https:\/\/contextoanalisisperiodistico.com\/wp-content\/uploads\/2025\/05\/img-20250516-wa01154774242648454684785-1024x682.jpg 1024w, https:\/\/contextoanalisisperiodistico.com\/wp-content\/uploads\/2025\/05\/img-20250516-wa01154774242648454684785-300x200.jpg 300w, https:\/\/contextoanalisisperiodistico.com\/wp-content\/uploads\/2025\/05\/img-20250516-wa01154774242648454684785-768x512.jpg 768w, https:\/\/contextoanalisisperiodistico.com\/wp-content\/uploads\/2025\/05\/img-20250516-wa01154774242648454684785.jpg 1280w\" sizes=\"(max-width: 1024px) 100vw, 1024px\" \/><\/figure>\n\n\n\n<figure class=\"wp-block-image\"><img decoding=\"async\" width=\"1024\" height=\"682\" src=\"https:\/\/contextoanalisisperiodistico.com\/wp-content\/uploads\/2025\/05\/img-20250516-wa011439210733512742339-1024x682.jpg\" alt=\"\" class=\"wp-image-41527\" srcset=\"https:\/\/contextoanalisisperiodistico.com\/wp-content\/uploads\/2025\/05\/img-20250516-wa011439210733512742339-1024x682.jpg 1024w, https:\/\/contextoanalisisperiodistico.com\/wp-content\/uploads\/2025\/05\/img-20250516-wa011439210733512742339-300x200.jpg 300w, https:\/\/contextoanalisisperiodistico.com\/wp-content\/uploads\/2025\/05\/img-20250516-wa011439210733512742339-768x512.jpg 768w, https:\/\/contextoanalisisperiodistico.com\/wp-content\/uploads\/2025\/05\/img-20250516-wa011439210733512742339.jpg 1280w\" sizes=\"(max-width: 1024px) 100vw, 1024px\" \/><\/figure>\n\n\n\n<figure class=\"wp-block-image\"><img loading=\"lazy\" decoding=\"async\" width=\"682\" height=\"1024\" src=\"https:\/\/contextoanalisisperiodistico.com\/wp-content\/uploads\/2025\/05\/img-20250516-wa01165103536082014434087-682x1024.jpg\" alt=\"\" class=\"wp-image-41525\" srcset=\"https:\/\/contextoanalisisperiodistico.com\/wp-content\/uploads\/2025\/05\/img-20250516-wa01165103536082014434087-682x1024.jpg 682w, https:\/\/contextoanalisisperiodistico.com\/wp-content\/uploads\/2025\/05\/img-20250516-wa01165103536082014434087-200x300.jpg 200w, https:\/\/contextoanalisisperiodistico.com\/wp-content\/uploads\/2025\/05\/img-20250516-wa01165103536082014434087-768x1152.jpg 768w, https:\/\/contextoanalisisperiodistico.com\/wp-content\/uploads\/2025\/05\/img-20250516-wa01165103536082014434087.jpg 853w\" sizes=\"(max-width: 682px) 100vw, 682px\" \/><\/figure>\n\n\n\n<p>\u2022 Reconocen trayectoria de 20, 25, 30, 35, 40, 45, 50 y 55 a\u00f1os de servicio en SSO e IMSS-Bienestar<\/p>\n\n\n\n<p>Oaxaca de Ju\u00e1rez, Oax., 16 de mayo de 2025.- Con profunda gratitud y sentido de justicia, Servicios de Salud de Oaxaca (SSO) entreg\u00f3 el Premio Nacional de Antig\u00fcedad en el Servicio 2024, a 81 trabajadoras y trabajadores por su destacada trayectoria en el sector p\u00fablico de salud, con 20 y hasta 55 a\u00f1os de entrega y vocaci\u00f3n al pueblo.<\/p>\n\n\n\n<p>En un acto cargado de simbolismo y emoci\u00f3n, fue reconocido Mario Robles Gonz\u00e1lez, de 80 a\u00f1os de edad, adscrito al \u00e1rea de mantenimiento del Hospital General Doctor Aurelio Valdivieso IMSS-Bienestar, quien recibi\u00f3 la medalla \u201cDoctor Miguel Enrique Bustamante\u201d por 55 a\u00f1os de servicio ininterrumpido.<\/p>\n\n\n\n<p>Originario de la Ciudad de M\u00e9xico, ingres\u00f3 al sector salud en 1969 y ha sido testigo y protagonista de generaciones de transformaci\u00f3n institucional. Padre, abuelo y trabajador incansable, su historia es reflejo de una vida entregada a cuidar que cada detalle funcione adecuadamente en el nosocomio general, reparar m\u00e1quinas, calderas y las instalaciones el\u00e9ctricas, ha sido su misi\u00f3n desde hace m\u00e1s de 5 d\u00e9cadas.<\/p>\n\n\n\n<p>Como \u00e9l, docenas de mujeres y hombres en las \u00e1reas m\u00e9dica y administrativa, fueron homenajeados por haber sostenido con su esfuerzo diario los pilares del sistema estatal de salud. De 20, 25, 30, 35, 40, 45, 50 y 55 a\u00f1os de servicio sus historias se entrelazan en un mismo compromiso: cuidar de Oaxaca y sus comunidades.<\/p>\n\n\n\n<p>En representaci\u00f3n del Gobernador Salom\u00f3n Jara Cruz, el secretario de Salud, Efr\u00e9n Emmanuel Jarqu\u00edn Gonz\u00e1lez subray\u00f3 que este reconocimiento no solo valora la antig\u00fcedad, sino que honra la resistencia, disciplina y el amor al servicio p\u00fablico.<\/p>\n\n\n\n<p>\u201cSon ustedes la memoria viva de la salud en Oaxaca. Este sistema se sostiene en la experiencia y entrega de cada una y uno de ustedes, pilares de una instituci\u00f3n que se transforma para bien\u201d, afirm\u00f3.<\/p>\n\n\n\n<p>Destac\u00f3 que la transformaci\u00f3n del sistema estatal al modelo IMSS-Bienestar representa un esfuerzo colectivo que no ser\u00eda posible sin quienes han sembrado, durante d\u00e9cadas, el conocimiento y la vocaci\u00f3n en cada rinc\u00f3n de la entidad.<\/p>\n\n\n\n<p>\u201cEste homenaje tambi\u00e9n es para sus familias. Porque detr\u00e1s de cada a\u00f1o de servicio, hay horas de sacrificio, comprensi\u00f3n y apoyo incondicional. Honramos su legado y nos comprometemos a que su ejemplo sea gu\u00eda para las nuevas generaciones\u201d, concluy\u00f3.<\/p>\n\n\n\n<p>Cabe destacar que los reconocimientos fueron entregados en distintas categor\u00edas: \u201cDoctor Manuel Mart\u00ednez B\u00e1ez\u201d por 40 a\u00f1os; \u201cDoctor Gustavo Baz Prada\u201d por 35, \u201cDoctor Maximiliano Ruiz Casta\u00f1eda\u201d por 30, \u201cDoctor Alfonso Pruneda\u201d por 25, y \u201cDoctor Galo Sober\u00f3n y Parra\u201d por 20.<\/p>\n\n\n\n<p>-0-<\/p>\n","protected":false},"excerpt":{"rendered":"<p>\u2022 Celebran legado y compromiso de quienes han hecho historia en la salud de Oaxaca&#8230;<\/p>\n","protected":false},"author":4,"featured_media":41523,"comment_status":"","ping_status":"open","sticky":false,"template":"","format":"standard","meta":{"footnotes":""},"categories":[92],"tags":[],"jetpack_sharing_enabled":true,"featured_image_urls":{"full":["https:\/\/contextoanalisisperiodistico.com\/wp-content\/uploads\/2025\/05\/IMG-20250516-WA0113.jpg",1280,853,false],"thumbnail":["https:\/\/contextoanalisisperiodistico.com\/wp-content\/uploads\/2025\/05\/IMG-20250516-WA0113-150x150.jpg",150,150,true],"medium":["https:\/\/contextoanalisisperiodistico.com\/wp-content\/uploads\/2025\/05\/IMG-20250516-WA0113-300x200.jpg",300,200,true],"medium_large":["https:\/\/contextoanalisisperiodistico.com\/wp-content\/uploads\/2025\/05\/IMG-20250516-WA0113-768x512.jpg",640,427,true],"large":["https:\/\/contextoanalisisperiodistico.com\/wp-content\/uploads\/2025\/05\/IMG-20250516-WA0113-1024x682.jpg",640,426,true],"1536x1536":["https:\/\/contextoanalisisperiodistico.com\/wp-content\/uploads\/2025\/05\/IMG-20250516-WA0113.jpg",1280,853,false],"2048x2048":["https:\/\/contextoanalisisperiodistico.com\/wp-content\/uploads\/2025\/05\/IMG-20250516-WA0113.jpg",1280,853,false],"covernews-slider-full":["https:\/\/contextoanalisisperiodistico.com\/wp-content\/uploads\/2025\/05\/IMG-20250516-WA0113-1115x715.jpg",1115,715,true],"covernews-slider-center":["https:\/\/contextoanalisisperiodistico.com\/wp-content\/uploads\/2025\/05\/IMG-20250516-WA0113-800x500.jpg",800,500,true],"covernews-featured":["https:\/\/contextoanalisisperiodistico.com\/wp-content\/uploads\/2025\/05\/IMG-20250516-WA0113-1024x682.jpg",1024,682,true],"covernews-medium":["https:\/\/contextoanalisisperiodistico.com\/wp-content\/uploads\/2025\/05\/IMG-20250516-WA0113-540x340.jpg",540,340,true],"covernews-medium-square":["https:\/\/contextoanalisisperiodistico.com\/wp-content\/uploads\/2025\/05\/IMG-20250516-WA0113-400x250.jpg",400,250,true]},"author_info":{"display_name":"Mario Gir\u00f3n","author_link":"https:\/\/contextoanalisisperiodistico.com\/index.php\/author\/director\/"},"category_info":"<a href=\"https:\/\/contextoanalisisperiodistico.com\/index.php\/category\/salud\/\" rel=\"category tag\">Salud<\/a>","tag_info":"Salud","comment_count":"0","jetpack_featured_media_url":"https:\/\/contextoanalisisperiodistico.com\/wp-content\/uploads\/2025\/05\/IMG-20250516-WA0113.jpg","_links":{"self":[{"href":"https:\/\/contextoanalisisperiodistico.com\/index.php\/wp-json\/wp\/v2\/posts\/41528"}],"collection":[{"href":"https:\/\/contextoanalisisperiodistico.com\/index.php\/wp-json\/wp\/v2\/posts"}],"about":[{"href":"https:\/\/contextoanalisisperiodistico.com\/index.php\/wp-json\/wp\/v2\/types\/post"}],"author":[{"embeddable":true,"href":"https:\/\/contextoanalisisperiodistico.com\/index.php\/wp-json\/wp\/v2\/users\/4"}],"replies":[{"embeddable":true,"href":"https:\/\/contextoanalisisperiodistico.com\/index.php\/wp-json\/wp\/v2\/comments?post=41528"}],"version-history":[{"count":0,"href":"https:\/\/contextoanalisisperiodistico.com\/index.php\/wp-json\/wp\/v2\/posts\/41528\/revisions"}],"wp:featuredmedia":[{"embeddable":true,"href":"https:\/\/contextoanalisisperiodistico.com\/index.php\/wp-json\/wp\/v2\/media\/41523"}],"wp:attachment":[{"href":"https:\/\/contextoanalisisperiodistico.com\/index.php\/wp-json\/wp\/v2\/media?parent=41528"}],"wp:term":[{"taxonomy":"category","embeddable":true,"href":"https:\/\/contextoanalisisperiodistico.com\/index.php\/wp-json\/wp\/v2\/categories?post=41528"},{"taxonomy":"post_tag","embeddable":true,"href":"https:\/\/contextoanalisisperiodistico.com\/index.php\/wp-json\/wp\/v2\/tags?post=41528"}],"curies":[{"name":"wp","href":"https:\/\/api.w.org\/{rel}","templated":true}]}}