{"id":41408,"date":"2025-05-14T21:27:53","date_gmt":"2025-05-15T03:27:53","guid":{"rendered":"https:\/\/contextoanalisisperiodistico.com\/index.php\/2025\/05\/14\/policia-municipal-detiene-a-dos-personas-por-el-presunto-delito-de-robo-con-violencia\/"},"modified":"2025-05-14T21:30:36","modified_gmt":"2025-05-15T03:30:36","slug":"policia-municipal-detiene-a-dos-personas-por-el-presunto-delito-de-robo-con-violencia","status":"publish","type":"post","link":"https:\/\/contextoanalisisperiodistico.com\/index.php\/2025\/05\/14\/policia-municipal-detiene-a-dos-personas-por-el-presunto-delito-de-robo-con-violencia\/","title":{"rendered":"Polic\u00eda Municipal detiene a dos personas por el presunto delito de robo con violencia"},"content":{"rendered":"<div id=\"fb-root\"><\/div>\n\n<p>Oaxaca de Ju\u00e1rez, Oax., 14 de mayo de 2025.- Personal de la Secretar\u00eda de Seguridad Vecinal efectu\u00f3 la detenci\u00f3n de dos personas al ser se\u00f1aladas como presuntas responsables del delito de robo con violencia.<\/p>\n\n\n\n<figure class=\"wp-block-image size-large\"><img fetchpriority=\"high\" decoding=\"async\" width=\"369\" height=\"450\" src=\"https:\/\/contextoanalisisperiodistico.com\/wp-content\/uploads\/2025\/05\/img-20250514-wa01716347290349466931770.jpg\" alt=\"\" class=\"wp-image-41407\" srcset=\"https:\/\/contextoanalisisperiodistico.com\/wp-content\/uploads\/2025\/05\/img-20250514-wa01716347290349466931770.jpg 369w, https:\/\/contextoanalisisperiodistico.com\/wp-content\/uploads\/2025\/05\/img-20250514-wa01716347290349466931770-246x300.jpg 246w\" sizes=\"(max-width: 369px) 100vw, 369px\" \/><\/figure>\n\n\n\n<p>La intervenci\u00f3n la llevaron a cabo elementos del Grupo Urbano de Fuerzas Especiales (GUFE) mientras aplicaban recorridos de prevenci\u00f3n y disuasi\u00f3n en las inmediaciones del Mercado de Abasto.<\/p>\n\n\n\n<p>A las 21:00 horas del martes, circulaban en Dolores esquina Trujano cuando observaron a dos sujetos que corr\u00edan en sentido a la circulaci\u00f3n en la calle de Trujano, as\u00ed como una persona corr\u00eda detr\u00e1s de ellos y al notar su presencia, les solicit\u00f3 apoyo la indicar que le hab\u00edan robado su tel\u00e9fono celular.<\/p>\n\n\n\n<p>Los elementos fueron tras los sujetos y dos cuadras adelante les dieron alcance, indicando llamarse Juan C. N. S., de 24 a\u00f1os de edad y Jonathan V. M. R., 20 a\u00f1os de edad.<\/p>\n\n\n\n<p>Los sujetos fueron identificados por el ofendido, como los mismos que momentos antes, lo sometieron por la espalda y uno de ellos le registr\u00f3 las bolsas de su pantal\u00f3n, de donde se apoder\u00f3 de su tel\u00e9fono celular marca iPhone.<\/p>\n\n\n\n<p>Durante la inspecci\u00f3n precautoria, a uno de los detenidos le fue hallado el tel\u00e9fono, el cual fue reconocido por el ofendido como de su propiedad, por lo cual solicit\u00f3 su detenci\u00f3n.<\/p>\n\n\n\n<p>A petici\u00f3n de la parte afectada, los detenidos quedaron a disposici\u00f3n de la Fiscal\u00eda General del Estado para determinar su situaci\u00f3n jur\u00eddica.<br \/>Con estas acciones, la Secretar\u00eda de Seguridad Vecinal garantiza la seguridad de las vecinas y vecinos de Oaxaca de Ju\u00e1rez.<\/p>\n","protected":false},"excerpt":{"rendered":"<p>Oaxaca de Ju\u00e1rez, Oax., 14 de mayo de 2025.- Personal de la Secretar\u00eda de Seguridad&#8230;<\/p>\n","protected":false},"author":4,"featured_media":41406,"comment_status":"closed","ping_status":"open","sticky":false,"template":"","format":"standard","meta":{"footnotes":""},"categories":[10],"tags":[178,235,234,45],"jetpack_sharing_enabled":true,"featured_image_urls":{"full":["https:\/\/contextoanalisisperiodistico.com\/wp-content\/uploads\/2025\/05\/IMG-20250514-WA0172.jpg",359,510,false],"thumbnail":["https:\/\/contextoanalisisperiodistico.com\/wp-content\/uploads\/2025\/05\/IMG-20250514-WA0172-150x150.jpg",150,150,true],"medium":["https:\/\/contextoanalisisperiodistico.com\/wp-content\/uploads\/2025\/05\/IMG-20250514-WA0172-211x300.jpg",211,300,true],"medium_large":["https:\/\/contextoanalisisperiodistico.com\/wp-content\/uploads\/2025\/05\/IMG-20250514-WA0172.jpg",359,510,false],"large":["https:\/\/contextoanalisisperiodistico.com\/wp-content\/uploads\/2025\/05\/IMG-20250514-WA0172.jpg",359,510,false],"1536x1536":["https:\/\/contextoanalisisperiodistico.com\/wp-content\/uploads\/2025\/05\/IMG-20250514-WA0172.jpg",359,510,false],"2048x2048":["https:\/\/contextoanalisisperiodistico.com\/wp-content\/uploads\/2025\/05\/IMG-20250514-WA0172.jpg",359,510,false],"covernews-slider-full":["https:\/\/contextoanalisisperiodistico.com\/wp-content\/uploads\/2025\/05\/IMG-20250514-WA0172.jpg",359,510,false],"covernews-slider-center":["https:\/\/contextoanalisisperiodistico.com\/wp-content\/uploads\/2025\/05\/IMG-20250514-WA0172-359x500.jpg",359,500,true],"covernews-featured":["https:\/\/contextoanalisisperiodistico.com\/wp-content\/uploads\/2025\/05\/IMG-20250514-WA0172.jpg",359,510,false],"covernews-medium":["https:\/\/contextoanalisisperiodistico.com\/wp-content\/uploads\/2025\/05\/IMG-20250514-WA0172-359x340.jpg",359,340,true],"covernews-medium-square":["https:\/\/contextoanalisisperiodistico.com\/wp-content\/uploads\/2025\/05\/IMG-20250514-WA0172-359x250.jpg",359,250,true]},"author_info":{"display_name":"Mario Gir\u00f3n","author_link":"https:\/\/contextoanalisisperiodistico.com\/index.php\/author\/director\/"},"category_info":"<a href=\"https:\/\/contextoanalisisperiodistico.com\/index.php\/category\/seguridad\/\" rel=\"category tag\">Seguridad<\/a>","tag_info":"Seguridad","comment_count":"0","jetpack_featured_media_url":"https:\/\/contextoanalisisperiodistico.com\/wp-content\/uploads\/2025\/05\/IMG-20250514-WA0172.jpg","_links":{"self":[{"href":"https:\/\/contextoanalisisperiodistico.com\/index.php\/wp-json\/wp\/v2\/posts\/41408"}],"collection":[{"href":"https:\/\/contextoanalisisperiodistico.com\/index.php\/wp-json\/wp\/v2\/posts"}],"about":[{"href":"https:\/\/contextoanalisisperiodistico.com\/index.php\/wp-json\/wp\/v2\/types\/post"}],"author":[{"embeddable":true,"href":"https:\/\/contextoanalisisperiodistico.com\/index.php\/wp-json\/wp\/v2\/users\/4"}],"replies":[{"embeddable":true,"href":"https:\/\/contextoanalisisperiodistico.com\/index.php\/wp-json\/wp\/v2\/comments?post=41408"}],"version-history":[{"count":1,"href":"https:\/\/contextoanalisisperiodistico.com\/index.php\/wp-json\/wp\/v2\/posts\/41408\/revisions"}],"predecessor-version":[{"id":41409,"href":"https:\/\/contextoanalisisperiodistico.com\/index.php\/wp-json\/wp\/v2\/posts\/41408\/revisions\/41409"}],"wp:featuredmedia":[{"embeddable":true,"href":"https:\/\/contextoanalisisperiodistico.com\/index.php\/wp-json\/wp\/v2\/media\/41406"}],"wp:attachment":[{"href":"https:\/\/contextoanalisisperiodistico.com\/index.php\/wp-json\/wp\/v2\/media?parent=41408"}],"wp:term":[{"taxonomy":"category","embeddable":true,"href":"https:\/\/contextoanalisisperiodistico.com\/index.php\/wp-json\/wp\/v2\/categories?post=41408"},{"taxonomy":"post_tag","embeddable":true,"href":"https:\/\/contextoanalisisperiodistico.com\/index.php\/wp-json\/wp\/v2\/tags?post=41408"}],"curies":[{"name":"wp","href":"https:\/\/api.w.org\/{rel}","templated":true}]}}