{"id":41400,"date":"2025-05-14T16:36:49","date_gmt":"2025-05-14T22:36:49","guid":{"rendered":"https:\/\/contextoanalisisperiodistico.com\/index.php\/2025\/05\/14\/oaxaca-sede-de-la-excelencia-turistica-tesoros-de-mexico-2025-reconoce-el-potencial-de-la-capital\/"},"modified":"2025-05-14T16:36:49","modified_gmt":"2025-05-14T22:36:49","slug":"oaxaca-sede-de-la-excelencia-turistica-tesoros-de-mexico-2025-reconoce-el-potencial-de-la-capital","status":"publish","type":"post","link":"https:\/\/contextoanalisisperiodistico.com\/index.php\/2025\/05\/14\/oaxaca-sede-de-la-excelencia-turistica-tesoros-de-mexico-2025-reconoce-el-potencial-de-la-capital\/","title":{"rendered":"Oaxaca, sede de la excelencia tur\u00edstica: Tesoros de M\u00e9xico 2025 reconoce el potencial de la capital"},"content":{"rendered":"<div id=\"fb-root\"><\/div>\n\n<p>\u2022 La seguridad como base del turismo que florece<\/p>\n\n\n\n<figure class=\"wp-block-image size-large\"><img fetchpriority=\"high\" decoding=\"async\" width=\"1024\" height=\"683\" src=\"https:\/\/contextoanalisisperiodistico.com\/wp-content\/uploads\/2025\/05\/img-20250514-wa01307183224208606117153-1024x683.jpg\" alt=\"\" class=\"wp-image-41397\" srcset=\"https:\/\/contextoanalisisperiodistico.com\/wp-content\/uploads\/2025\/05\/img-20250514-wa01307183224208606117153-1024x683.jpg 1024w, https:\/\/contextoanalisisperiodistico.com\/wp-content\/uploads\/2025\/05\/img-20250514-wa01307183224208606117153-300x200.jpg 300w, https:\/\/contextoanalisisperiodistico.com\/wp-content\/uploads\/2025\/05\/img-20250514-wa01307183224208606117153-768x512.jpg 768w, https:\/\/contextoanalisisperiodistico.com\/wp-content\/uploads\/2025\/05\/img-20250514-wa01307183224208606117153-1536x1025.jpg 1536w, https:\/\/contextoanalisisperiodistico.com\/wp-content\/uploads\/2025\/05\/img-20250514-wa01307183224208606117153.jpg 2000w\" sizes=\"(max-width: 1024px) 100vw, 1024px\" \/><\/figure>\n\n\n\n<figure class=\"wp-block-image\"><img decoding=\"async\" width=\"1024\" height=\"683\" src=\"https:\/\/contextoanalisisperiodistico.com\/wp-content\/uploads\/2025\/05\/img-20250514-wa01333623778016362207733-1024x683.jpg\" alt=\"\" class=\"wp-image-41396\" srcset=\"https:\/\/contextoanalisisperiodistico.com\/wp-content\/uploads\/2025\/05\/img-20250514-wa01333623778016362207733-1024x683.jpg 1024w, https:\/\/contextoanalisisperiodistico.com\/wp-content\/uploads\/2025\/05\/img-20250514-wa01333623778016362207733-300x200.jpg 300w, https:\/\/contextoanalisisperiodistico.com\/wp-content\/uploads\/2025\/05\/img-20250514-wa01333623778016362207733-768x512.jpg 768w, https:\/\/contextoanalisisperiodistico.com\/wp-content\/uploads\/2025\/05\/img-20250514-wa01333623778016362207733-1536x1025.jpg 1536w, https:\/\/contextoanalisisperiodistico.com\/wp-content\/uploads\/2025\/05\/img-20250514-wa01333623778016362207733.jpg 2000w\" sizes=\"(max-width: 1024px) 100vw, 1024px\" \/><\/figure>\n\n\n\n<figure class=\"wp-block-image\"><img decoding=\"async\" width=\"1024\" height=\"683\" src=\"https:\/\/contextoanalisisperiodistico.com\/wp-content\/uploads\/2025\/05\/img-20250514-wa01322565618906287026276-1024x683.jpg\" alt=\"\" class=\"wp-image-41399\" srcset=\"https:\/\/contextoanalisisperiodistico.com\/wp-content\/uploads\/2025\/05\/img-20250514-wa01322565618906287026276-1024x683.jpg 1024w, https:\/\/contextoanalisisperiodistico.com\/wp-content\/uploads\/2025\/05\/img-20250514-wa01322565618906287026276-300x200.jpg 300w, https:\/\/contextoanalisisperiodistico.com\/wp-content\/uploads\/2025\/05\/img-20250514-wa01322565618906287026276-768x512.jpg 768w, https:\/\/contextoanalisisperiodistico.com\/wp-content\/uploads\/2025\/05\/img-20250514-wa01322565618906287026276-1536x1025.jpg 1536w, https:\/\/contextoanalisisperiodistico.com\/wp-content\/uploads\/2025\/05\/img-20250514-wa01322565618906287026276.jpg 2000w\" sizes=\"(max-width: 1024px) 100vw, 1024px\" \/><\/figure>\n\n\n\n<figure class=\"wp-block-image\"><img loading=\"lazy\" decoding=\"async\" width=\"1024\" height=\"683\" src=\"https:\/\/contextoanalisisperiodistico.com\/wp-content\/uploads\/2025\/05\/img-20250514-wa01316549473107733403889-1024x683.jpg\" alt=\"\" class=\"wp-image-41395\" srcset=\"https:\/\/contextoanalisisperiodistico.com\/wp-content\/uploads\/2025\/05\/img-20250514-wa01316549473107733403889-1024x683.jpg 1024w, https:\/\/contextoanalisisperiodistico.com\/wp-content\/uploads\/2025\/05\/img-20250514-wa01316549473107733403889-300x200.jpg 300w, https:\/\/contextoanalisisperiodistico.com\/wp-content\/uploads\/2025\/05\/img-20250514-wa01316549473107733403889-768x512.jpg 768w, https:\/\/contextoanalisisperiodistico.com\/wp-content\/uploads\/2025\/05\/img-20250514-wa01316549473107733403889-1536x1025.jpg 1536w, https:\/\/contextoanalisisperiodistico.com\/wp-content\/uploads\/2025\/05\/img-20250514-wa01316549473107733403889.jpg 2000w\" sizes=\"(max-width: 1024px) 100vw, 1024px\" \/><\/figure>\n\n\n\n<figure class=\"wp-block-image\"><img loading=\"lazy\" decoding=\"async\" width=\"1024\" height=\"683\" src=\"https:\/\/contextoanalisisperiodistico.com\/wp-content\/uploads\/2025\/05\/img-20250514-wa0129638096601515278591-1024x683.jpg\" alt=\"\" class=\"wp-image-41398\" srcset=\"https:\/\/contextoanalisisperiodistico.com\/wp-content\/uploads\/2025\/05\/img-20250514-wa0129638096601515278591-1024x683.jpg 1024w, https:\/\/contextoanalisisperiodistico.com\/wp-content\/uploads\/2025\/05\/img-20250514-wa0129638096601515278591-300x200.jpg 300w, https:\/\/contextoanalisisperiodistico.com\/wp-content\/uploads\/2025\/05\/img-20250514-wa0129638096601515278591-768x512.jpg 768w, https:\/\/contextoanalisisperiodistico.com\/wp-content\/uploads\/2025\/05\/img-20250514-wa0129638096601515278591-1536x1025.jpg 1536w, https:\/\/contextoanalisisperiodistico.com\/wp-content\/uploads\/2025\/05\/img-20250514-wa0129638096601515278591.jpg 2000w\" sizes=\"(max-width: 1024px) 100vw, 1024px\" \/><\/figure>\n\n\n\n<p>Oaxaca de Ju\u00e1rez, Oax. 14 de mayo de 2025.- El presidente municipal de Oaxaca de Ju\u00e1rez, Ray Chagoya, particip\u00f3 en la Junta Nacional 2025 de la Asociaci\u00f3n Nacional de la Colecci\u00f3n Tesoros de M\u00e9xico, realizada por primera vez en nuestra capital. Este evento marca un hito al reconocer a Oaxaca no solo por su valor patrimonial y cultural, sino tambi\u00e9n por contar con las condiciones ideales para el turismo de calidad.<\/p>\n\n\n\n<p>En el encuentro, que reuni\u00f3 a representantes del sector tur\u00edstico y autoridades federales, Ray Chagoya subray\u00f3 que Oaxaca de Ju\u00e1rez se encuentra lista para ser la capital de los Tesoros de M\u00e9xico, al contar con una de las mayores concentraciones de espacios con identidad, historia y hospitalidad aut\u00e9ntica.<\/p>\n\n\n\n<p>Posteriormente, durante una caminata por calles del Centro Hist\u00f3rico, el presidente municipal destac\u00f3 que la seguridad es hoy uno de los principales activos de la ciudad, permitiendo que turistas y visitantes disfruten sus barrios, calles y espacios hist\u00f3ricos con tranquilidad. \u201cAqu\u00ed se puede caminar, recorrer, disfrutar con confianza. Eso tambi\u00e9n forma parte de la experiencia tur\u00edstica\u201d, afirm\u00f3.<\/p>\n\n\n\n<p>Ray Chagoya agradeci\u00f3 la presencia de la secretaria de Turismo federal, Josefina Rodr\u00edguez Zamora, y el acompa\u00f1amiento de Saymi Pineda Velasco, secretaria de Turismo del Gobierno del estado, al reiterar el compromiso del gobierno municipal para seguir proyectando a Oaxaca como un destino de excelencia, donde la paz social y el orgullo por nuestras ra\u00edces van de la mano.<\/p>\n","protected":false},"excerpt":{"rendered":"<p>\u2022 La seguridad como base del turismo que florece Oaxaca de Ju\u00e1rez, Oax. 14 de&#8230;<\/p>\n","protected":false},"author":4,"featured_media":41394,"comment_status":"","ping_status":"open","sticky":false,"template":"","format":"standard","meta":{"footnotes":""},"categories":[9],"tags":[178,235,234,45],"jetpack_sharing_enabled":true,"featured_image_urls":{"full":["https:\/\/contextoanalisisperiodistico.com\/wp-content\/uploads\/2025\/05\/IMG-20250514-WA0128.jpg",1600,1221,false],"thumbnail":["https:\/\/contextoanalisisperiodistico.com\/wp-content\/uploads\/2025\/05\/IMG-20250514-WA0128-150x150.jpg",150,150,true],"medium":["https:\/\/contextoanalisisperiodistico.com\/wp-content\/uploads\/2025\/05\/IMG-20250514-WA0128-300x229.jpg",300,229,true],"medium_large":["https:\/\/contextoanalisisperiodistico.com\/wp-content\/uploads\/2025\/05\/IMG-20250514-WA0128-768x586.jpg",640,488,true],"large":["https:\/\/contextoanalisisperiodistico.com\/wp-content\/uploads\/2025\/05\/IMG-20250514-WA0128-1024x781.jpg",640,488,true],"1536x1536":["https:\/\/contextoanalisisperiodistico.com\/wp-content\/uploads\/2025\/05\/IMG-20250514-WA0128-1536x1172.jpg",1536,1172,true],"2048x2048":["https:\/\/contextoanalisisperiodistico.com\/wp-content\/uploads\/2025\/05\/IMG-20250514-WA0128.jpg",1600,1221,false],"covernews-slider-full":["https:\/\/contextoanalisisperiodistico.com\/wp-content\/uploads\/2025\/05\/IMG-20250514-WA0128-1115x715.jpg",1115,715,true],"covernews-slider-center":["https:\/\/contextoanalisisperiodistico.com\/wp-content\/uploads\/2025\/05\/IMG-20250514-WA0128-800x500.jpg",800,500,true],"covernews-featured":["https:\/\/contextoanalisisperiodistico.com\/wp-content\/uploads\/2025\/05\/IMG-20250514-WA0128-1024x781.jpg",1024,781,true],"covernews-medium":["https:\/\/contextoanalisisperiodistico.com\/wp-content\/uploads\/2025\/05\/IMG-20250514-WA0128-540x340.jpg",540,340,true],"covernews-medium-square":["https:\/\/contextoanalisisperiodistico.com\/wp-content\/uploads\/2025\/05\/IMG-20250514-WA0128-400x250.jpg",400,250,true]},"author_info":{"display_name":"Mario Gir\u00f3n","author_link":"https:\/\/contextoanalisisperiodistico.com\/index.php\/author\/director\/"},"category_info":"<a href=\"https:\/\/contextoanalisisperiodistico.com\/index.php\/category\/politica\/\" rel=\"category tag\">Pol\u00edtica<\/a>","tag_info":"Pol\u00edtica","comment_count":"0","jetpack_featured_media_url":"https:\/\/contextoanalisisperiodistico.com\/wp-content\/uploads\/2025\/05\/IMG-20250514-WA0128.jpg","_links":{"self":[{"href":"https:\/\/contextoanalisisperiodistico.com\/index.php\/wp-json\/wp\/v2\/posts\/41400"}],"collection":[{"href":"https:\/\/contextoanalisisperiodistico.com\/index.php\/wp-json\/wp\/v2\/posts"}],"about":[{"href":"https:\/\/contextoanalisisperiodistico.com\/index.php\/wp-json\/wp\/v2\/types\/post"}],"author":[{"embeddable":true,"href":"https:\/\/contextoanalisisperiodistico.com\/index.php\/wp-json\/wp\/v2\/users\/4"}],"replies":[{"embeddable":true,"href":"https:\/\/contextoanalisisperiodistico.com\/index.php\/wp-json\/wp\/v2\/comments?post=41400"}],"version-history":[{"count":0,"href":"https:\/\/contextoanalisisperiodistico.com\/index.php\/wp-json\/wp\/v2\/posts\/41400\/revisions"}],"wp:featuredmedia":[{"embeddable":true,"href":"https:\/\/contextoanalisisperiodistico.com\/index.php\/wp-json\/wp\/v2\/media\/41394"}],"wp:attachment":[{"href":"https:\/\/contextoanalisisperiodistico.com\/index.php\/wp-json\/wp\/v2\/media?parent=41400"}],"wp:term":[{"taxonomy":"category","embeddable":true,"href":"https:\/\/contextoanalisisperiodistico.com\/index.php\/wp-json\/wp\/v2\/categories?post=41400"},{"taxonomy":"post_tag","embeddable":true,"href":"https:\/\/contextoanalisisperiodistico.com\/index.php\/wp-json\/wp\/v2\/tags?post=41400"}],"curies":[{"name":"wp","href":"https:\/\/api.w.org\/{rel}","templated":true}]}}