{"id":41336,"date":"2025-05-13T14:41:39","date_gmt":"2025-05-13T20:41:39","guid":{"rendered":"https:\/\/contextoanalisisperiodistico.com\/index.php\/2025\/05\/13\/entrega-salomon-jara-35-claves-a-instituciones-de-educacion-basica-y-especial\/"},"modified":"2025-05-13T14:41:39","modified_gmt":"2025-05-13T20:41:39","slug":"entrega-salomon-jara-35-claves-a-instituciones-de-educacion-basica-y-especial","status":"publish","type":"post","link":"https:\/\/contextoanalisisperiodistico.com\/index.php\/2025\/05\/13\/entrega-salomon-jara-35-claves-a-instituciones-de-educacion-basica-y-especial\/","title":{"rendered":"Entrega Salom\u00f3n Jara 35 claves a instituciones de educaci\u00f3n b\u00e1sica y especial"},"content":{"rendered":"<div id=\"fb-root\"><\/div>\n\n<p>\u2022 Por medio de esta acci\u00f3n, la Primavera Oaxaque\u00f1a beneficia de manera directa a mil 570 ni\u00f1as y ni\u00f1os<\/p>\n\n\n\n<figure class=\"wp-block-image size-large\"><img fetchpriority=\"high\" decoding=\"async\" width=\"1002\" height=\"827\" src=\"https:\/\/contextoanalisisperiodistico.com\/wp-content\/uploads\/2025\/05\/img-20250513-wa00667113518273519214559.jpg\" alt=\"\" class=\"wp-image-41334\" srcset=\"https:\/\/contextoanalisisperiodistico.com\/wp-content\/uploads\/2025\/05\/img-20250513-wa00667113518273519214559.jpg 1002w, https:\/\/contextoanalisisperiodistico.com\/wp-content\/uploads\/2025\/05\/img-20250513-wa00667113518273519214559-300x248.jpg 300w, https:\/\/contextoanalisisperiodistico.com\/wp-content\/uploads\/2025\/05\/img-20250513-wa00667113518273519214559-768x634.jpg 768w\" sizes=\"(max-width: 1002px) 100vw, 1002px\" \/><\/figure>\n\n\n\n<figure class=\"wp-block-image\"><img decoding=\"async\" width=\"1024\" height=\"682\" src=\"https:\/\/contextoanalisisperiodistico.com\/wp-content\/uploads\/2025\/05\/img-20250513-wa0065344176819371229650-1024x682.jpg\" alt=\"\" class=\"wp-image-41335\" srcset=\"https:\/\/contextoanalisisperiodistico.com\/wp-content\/uploads\/2025\/05\/img-20250513-wa0065344176819371229650-1024x682.jpg 1024w, https:\/\/contextoanalisisperiodistico.com\/wp-content\/uploads\/2025\/05\/img-20250513-wa0065344176819371229650-300x200.jpg 300w, https:\/\/contextoanalisisperiodistico.com\/wp-content\/uploads\/2025\/05\/img-20250513-wa0065344176819371229650-768x512.jpg 768w, https:\/\/contextoanalisisperiodistico.com\/wp-content\/uploads\/2025\/05\/img-20250513-wa0065344176819371229650.jpg 1280w\" sizes=\"(max-width: 1024px) 100vw, 1024px\" \/><\/figure>\n\n\n\n<p>Oaxaca de Ju\u00e1rez, Oax., 13 de mayo de 2025. En un acto que garantiza la certeza jur\u00eddica y la justicia social en el estado, el Gobernador Salom\u00f3n Jara Cruz hizo entrega de 35 claves a escuelas de nueva creaci\u00f3n de educaci\u00f3n b\u00e1sica y especial ubicadas en las ocho regiones, las cuales tendr\u00e1n acceso a equipamiento, mobiliario, infraestructura y programas de apoyo estatales y federales.<\/p>\n\n\n\n<p>Con esta acci\u00f3n, la Primavera Oaxaque\u00f1a beneficia de manera directa a mil 570 ni\u00f1as y ni\u00f1os, con lo cual refrenda su compromiso por generar espacios dignos para el desarrollo de las nuevas generaciones.<\/p>\n\n\n\n<p>\u00abHoy estamos resarciendo esta deuda hist\u00f3rica, este acto representa un paso firme hacia la justicia educativa en Oaxaca, nuestro gobierno asume con compromiso y responsabilidad la transformaci\u00f3n de todos nuestros pueblos y comunidades\u201d, afirm\u00f3 el Mandatario estatal.<\/p>\n\n\n\n<p>En este tenor, reconoci\u00f3 la labor coordinada que han llevado a cabo el magisterio oaxaque\u00f1o, madres y padres de familia, autoridades municipales y el Gobierno del Estado, para transformar el sistema educativo de Oaxaca.<\/p>\n\n\n\n<p>Durante el evento, el director de Planeaci\u00f3n Educativa del Instituto Estatal de Educaci\u00f3n P\u00fablica de Oaxaca (IEEPO), Florencio de la Cruz Valdivieso indic\u00f3 que desde el inicio de esta administraci\u00f3n se han otorgado 240 claves, lo que ha garantizado mejores condiciones para el desarrollo escolar de m\u00e1s de 9 mil 500 estudiantes.<\/p>\n\n\n\n<p>Expuso que este documento le otorga legitimidad a instituciones que llevaban d\u00e9cadas sin ser reconocidas de manera formal, as\u00ed como validez oficial a cada grado cursado por las y los alumnos; adem\u00e1s, genera estabilidad laboral al personal docente.<\/p>\n\n\n\n<p>En este acto, de manera simb\u00f3lica, recibieron sus claves siete centros escolares de las regiones: Sierra de Flores Mag\u00f3n, Costa, Istmo de Tehuantepec, Mixteca, Cuenca del Papaloapan, Sierra Sur y Valles Centrales.<br \/>-0-<\/p>\n","protected":false},"excerpt":{"rendered":"<p>\u2022 Por medio de esta acci\u00f3n, la Primavera Oaxaque\u00f1a beneficia de manera directa a mil&#8230;<\/p>\n","protected":false},"author":4,"featured_media":41333,"comment_status":"","ping_status":"open","sticky":false,"template":"","format":"standard","meta":{"footnotes":""},"categories":[91],"tags":[],"jetpack_sharing_enabled":true,"featured_image_urls":{"full":["https:\/\/contextoanalisisperiodistico.com\/wp-content\/uploads\/2025\/05\/IMG-20250513-WA0067.jpg",950,821,false],"thumbnail":["https:\/\/contextoanalisisperiodistico.com\/wp-content\/uploads\/2025\/05\/IMG-20250513-WA0067-150x150.jpg",150,150,true],"medium":["https:\/\/contextoanalisisperiodistico.com\/wp-content\/uploads\/2025\/05\/IMG-20250513-WA0067-300x259.jpg",300,259,true],"medium_large":["https:\/\/contextoanalisisperiodistico.com\/wp-content\/uploads\/2025\/05\/IMG-20250513-WA0067-768x664.jpg",640,553,true],"large":["https:\/\/contextoanalisisperiodistico.com\/wp-content\/uploads\/2025\/05\/IMG-20250513-WA0067.jpg",640,553,false],"1536x1536":["https:\/\/contextoanalisisperiodistico.com\/wp-content\/uploads\/2025\/05\/IMG-20250513-WA0067.jpg",950,821,false],"2048x2048":["https:\/\/contextoanalisisperiodistico.com\/wp-content\/uploads\/2025\/05\/IMG-20250513-WA0067.jpg",950,821,false],"covernews-slider-full":["https:\/\/contextoanalisisperiodistico.com\/wp-content\/uploads\/2025\/05\/IMG-20250513-WA0067-950x715.jpg",950,715,true],"covernews-slider-center":["https:\/\/contextoanalisisperiodistico.com\/wp-content\/uploads\/2025\/05\/IMG-20250513-WA0067-800x500.jpg",800,500,true],"covernews-featured":["https:\/\/contextoanalisisperiodistico.com\/wp-content\/uploads\/2025\/05\/IMG-20250513-WA0067.jpg",950,821,false],"covernews-medium":["https:\/\/contextoanalisisperiodistico.com\/wp-content\/uploads\/2025\/05\/IMG-20250513-WA0067-540x340.jpg",540,340,true],"covernews-medium-square":["https:\/\/contextoanalisisperiodistico.com\/wp-content\/uploads\/2025\/05\/IMG-20250513-WA0067-400x250.jpg",400,250,true]},"author_info":{"display_name":"Mario Gir\u00f3n","author_link":"https:\/\/contextoanalisisperiodistico.com\/index.php\/author\/director\/"},"category_info":"<a href=\"https:\/\/contextoanalisisperiodistico.com\/index.php\/category\/educacion\/\" rel=\"category tag\">Educaci\u00f3n<\/a>","tag_info":"Educaci\u00f3n","comment_count":"0","jetpack_featured_media_url":"https:\/\/contextoanalisisperiodistico.com\/wp-content\/uploads\/2025\/05\/IMG-20250513-WA0067.jpg","_links":{"self":[{"href":"https:\/\/contextoanalisisperiodistico.com\/index.php\/wp-json\/wp\/v2\/posts\/41336"}],"collection":[{"href":"https:\/\/contextoanalisisperiodistico.com\/index.php\/wp-json\/wp\/v2\/posts"}],"about":[{"href":"https:\/\/contextoanalisisperiodistico.com\/index.php\/wp-json\/wp\/v2\/types\/post"}],"author":[{"embeddable":true,"href":"https:\/\/contextoanalisisperiodistico.com\/index.php\/wp-json\/wp\/v2\/users\/4"}],"replies":[{"embeddable":true,"href":"https:\/\/contextoanalisisperiodistico.com\/index.php\/wp-json\/wp\/v2\/comments?post=41336"}],"version-history":[{"count":0,"href":"https:\/\/contextoanalisisperiodistico.com\/index.php\/wp-json\/wp\/v2\/posts\/41336\/revisions"}],"wp:featuredmedia":[{"embeddable":true,"href":"https:\/\/contextoanalisisperiodistico.com\/index.php\/wp-json\/wp\/v2\/media\/41333"}],"wp:attachment":[{"href":"https:\/\/contextoanalisisperiodistico.com\/index.php\/wp-json\/wp\/v2\/media?parent=41336"}],"wp:term":[{"taxonomy":"category","embeddable":true,"href":"https:\/\/contextoanalisisperiodistico.com\/index.php\/wp-json\/wp\/v2\/categories?post=41336"},{"taxonomy":"post_tag","embeddable":true,"href":"https:\/\/contextoanalisisperiodistico.com\/index.php\/wp-json\/wp\/v2\/tags?post=41336"}],"curies":[{"name":"wp","href":"https:\/\/api.w.org\/{rel}","templated":true}]}}