{"id":41286,"date":"2025-05-12T11:44:17","date_gmt":"2025-05-12T17:44:17","guid":{"rendered":"https:\/\/contextoanalisisperiodistico.com\/index.php\/2025\/05\/12\/reconoce-sso-labor-del-personal-de-enfermeria-en-su-dia\/"},"modified":"2025-05-12T11:44:17","modified_gmt":"2025-05-12T17:44:17","slug":"reconoce-sso-labor-del-personal-de-enfermeria-en-su-dia","status":"publish","type":"post","link":"https:\/\/contextoanalisisperiodistico.com\/index.php\/2025\/05\/12\/reconoce-sso-labor-del-personal-de-enfermeria-en-su-dia\/","title":{"rendered":"Reconoce SSO labor del personal de enfermer\u00eda en su d\u00eda"},"content":{"rendered":"<div id=\"fb-root\"><\/div>\n\n<p>\u2022 Desde el 2020 por decreto se conmemora el D\u00eda Nacional de la Enfermer\u00eda el 12 de mayo como homenaje al compromiso y servicio incansable de las y los profesionales en esta \u00e1rea blanca<\/p>\n\n\n\n<figure class=\"wp-block-image size-large\"><img fetchpriority=\"high\" decoding=\"async\" width=\"750\" height=\"500\" src=\"https:\/\/contextoanalisisperiodistico.com\/wp-content\/uploads\/2025\/05\/img-20250512-wa00487560781385468501090.jpg\" alt=\"\" class=\"wp-image-41283\" srcset=\"https:\/\/contextoanalisisperiodistico.com\/wp-content\/uploads\/2025\/05\/img-20250512-wa00487560781385468501090.jpg 750w, https:\/\/contextoanalisisperiodistico.com\/wp-content\/uploads\/2025\/05\/img-20250512-wa00487560781385468501090-300x200.jpg 300w\" sizes=\"(max-width: 750px) 100vw, 750px\" \/><\/figure>\n\n\n\n<figure class=\"wp-block-image\"><img decoding=\"async\" width=\"300\" height=\"200\" src=\"https:\/\/contextoanalisisperiodistico.com\/wp-content\/uploads\/2025\/05\/img-20250512-wa00491939758320339350147-300x200.jpg\" alt=\"\" class=\"wp-image-41284\" srcset=\"https:\/\/contextoanalisisperiodistico.com\/wp-content\/uploads\/2025\/05\/img-20250512-wa00491939758320339350147-300x200.jpg 300w, https:\/\/contextoanalisisperiodistico.com\/wp-content\/uploads\/2025\/05\/img-20250512-wa00491939758320339350147.jpg 750w\" sizes=\"(max-width: 300px) 100vw, 300px\" \/><\/figure>\n\n\n\n<figure class=\"wp-block-image\"><img decoding=\"async\" width=\"300\" height=\"200\" src=\"https:\/\/contextoanalisisperiodistico.com\/wp-content\/uploads\/2025\/05\/img-20250512-wa00508872141562414915572-300x200.jpg\" alt=\"\" class=\"wp-image-41285\" srcset=\"https:\/\/contextoanalisisperiodistico.com\/wp-content\/uploads\/2025\/05\/img-20250512-wa00508872141562414915572-300x200.jpg 300w, https:\/\/contextoanalisisperiodistico.com\/wp-content\/uploads\/2025\/05\/img-20250512-wa00508872141562414915572.jpg 750w\" sizes=\"(max-width: 300px) 100vw, 300px\" \/><\/figure>\n\n\n\n<p>Oaxaca de Ju\u00e1rez, Oax., 12 de mayo de 2025.-En el marco del D\u00eda Nacional de la Enfermer\u00eda, Servicios de Salud de Oaxaca (SSO) rinden un homenaje a la entrega, vocaci\u00f3n y humanidad de quienes dedican su vida al cuidado de los dem\u00e1s: las y los profesionales de enfermer\u00eda.<\/p>\n\n\n\n<p>Con coraz\u00f3n y un compromiso inquebrantable, m\u00e1s de cuatro mil 500 enfermeras y enfermeros pertenecientes a SSO e IMSS-Bienestar son hoy la columna vertebral del sistema de salud, especialmente en la atenci\u00f3n de las personas sin seguridad social. Son ellos quienes desde la primera l\u00ednea acompa\u00f1an, alivian y salvan vidas todos los d\u00edas.<\/p>\n\n\n\n<p>El secretario de Salud, Efr\u00e9n Emmanuel Jarqu\u00edn Gonz\u00e1lez reconoci\u00f3 el esfuerzo diario de este noble gremio, destacando que su labor no solo se refleja en una curaci\u00f3n o tratamiento, sino en el impacto directo que tienen en la salud p\u00fablica, la prevenci\u00f3n de enfermedades y la contenci\u00f3n de emergencias sanitarias.<\/p>\n\n\n\n<p>\u201cSu entrega trasciende lo cl\u00ednico: son l\u00edderes, organizadores, educadores en salud, y sobre todo, seres humanos que cuidan con alma. Por eso, este 12 de mayo \u2014fecha instaurada oficialmente desde 2020 por Decreto Presidencial y en honor al natalicio de Florence Nightingale\u2014 reafirmamos nuestro respeto y gratitud\u201d, puntualiz\u00f3 el funcionario.<\/p>\n\n\n\n<p>Durante 90 a\u00f1os, el D\u00eda de la Enfermer\u00eda se conmemor\u00f3 el 6 de enero; sin embargo, desde 2020 se aline\u00f3 a los est\u00e1ndares internacionales al designar el 12 de mayo como fecha oficial en M\u00e9xico, fortaleciendo as\u00ed su valor simb\u00f3lico.<\/p>\n\n\n\n<p>\u201cEn este d\u00eda, SSO reitera su compromiso con el fortalecimiento, profesionalizaci\u00f3n y dignificaci\u00f3n de esta gran vocaci\u00f3n de vida, que es mucho m\u00e1s que una profesi\u00f3n: es una misi\u00f3n. \u00a1Gracias por cuidar de Oaxaca!\u201d, concluy\u00f3 Jarqu\u00edn Gonz\u00e1lez.<\/p>\n\n\n\n<p>-0-<\/p>\n","protected":false},"excerpt":{"rendered":"<p>\u2022 Desde el 2020 por decreto se conmemora el D\u00eda Nacional de la Enfermer\u00eda el&#8230;<\/p>\n","protected":false},"author":4,"featured_media":41282,"comment_status":"","ping_status":"open","sticky":false,"template":"","format":"standard","meta":{"footnotes":""},"categories":[92],"tags":[],"jetpack_sharing_enabled":true,"featured_image_urls":{"full":["https:\/\/contextoanalisisperiodistico.com\/wp-content\/uploads\/2025\/05\/IMG-20250512-WA0047.jpg",750,750,false],"thumbnail":["https:\/\/contextoanalisisperiodistico.com\/wp-content\/uploads\/2025\/05\/IMG-20250512-WA0047-150x150.jpg",150,150,true],"medium":["https:\/\/contextoanalisisperiodistico.com\/wp-content\/uploads\/2025\/05\/IMG-20250512-WA0047-300x300.jpg",300,300,true],"medium_large":["https:\/\/contextoanalisisperiodistico.com\/wp-content\/uploads\/2025\/05\/IMG-20250512-WA0047.jpg",640,640,false],"large":["https:\/\/contextoanalisisperiodistico.com\/wp-content\/uploads\/2025\/05\/IMG-20250512-WA0047.jpg",640,640,false],"1536x1536":["https:\/\/contextoanalisisperiodistico.com\/wp-content\/uploads\/2025\/05\/IMG-20250512-WA0047.jpg",750,750,false],"2048x2048":["https:\/\/contextoanalisisperiodistico.com\/wp-content\/uploads\/2025\/05\/IMG-20250512-WA0047.jpg",750,750,false],"covernews-slider-full":["https:\/\/contextoanalisisperiodistico.com\/wp-content\/uploads\/2025\/05\/IMG-20250512-WA0047-750x715.jpg",750,715,true],"covernews-slider-center":["https:\/\/contextoanalisisperiodistico.com\/wp-content\/uploads\/2025\/05\/IMG-20250512-WA0047-750x500.jpg",750,500,true],"covernews-featured":["https:\/\/contextoanalisisperiodistico.com\/wp-content\/uploads\/2025\/05\/IMG-20250512-WA0047.jpg",750,750,false],"covernews-medium":["https:\/\/contextoanalisisperiodistico.com\/wp-content\/uploads\/2025\/05\/IMG-20250512-WA0047-540x340.jpg",540,340,true],"covernews-medium-square":["https:\/\/contextoanalisisperiodistico.com\/wp-content\/uploads\/2025\/05\/IMG-20250512-WA0047-400x250.jpg",400,250,true]},"author_info":{"display_name":"Mario Gir\u00f3n","author_link":"https:\/\/contextoanalisisperiodistico.com\/index.php\/author\/director\/"},"category_info":"<a href=\"https:\/\/contextoanalisisperiodistico.com\/index.php\/category\/salud\/\" rel=\"category tag\">Salud<\/a>","tag_info":"Salud","comment_count":"0","jetpack_featured_media_url":"https:\/\/contextoanalisisperiodistico.com\/wp-content\/uploads\/2025\/05\/IMG-20250512-WA0047.jpg","_links":{"self":[{"href":"https:\/\/contextoanalisisperiodistico.com\/index.php\/wp-json\/wp\/v2\/posts\/41286"}],"collection":[{"href":"https:\/\/contextoanalisisperiodistico.com\/index.php\/wp-json\/wp\/v2\/posts"}],"about":[{"href":"https:\/\/contextoanalisisperiodistico.com\/index.php\/wp-json\/wp\/v2\/types\/post"}],"author":[{"embeddable":true,"href":"https:\/\/contextoanalisisperiodistico.com\/index.php\/wp-json\/wp\/v2\/users\/4"}],"replies":[{"embeddable":true,"href":"https:\/\/contextoanalisisperiodistico.com\/index.php\/wp-json\/wp\/v2\/comments?post=41286"}],"version-history":[{"count":0,"href":"https:\/\/contextoanalisisperiodistico.com\/index.php\/wp-json\/wp\/v2\/posts\/41286\/revisions"}],"wp:featuredmedia":[{"embeddable":true,"href":"https:\/\/contextoanalisisperiodistico.com\/index.php\/wp-json\/wp\/v2\/media\/41282"}],"wp:attachment":[{"href":"https:\/\/contextoanalisisperiodistico.com\/index.php\/wp-json\/wp\/v2\/media?parent=41286"}],"wp:term":[{"taxonomy":"category","embeddable":true,"href":"https:\/\/contextoanalisisperiodistico.com\/index.php\/wp-json\/wp\/v2\/categories?post=41286"},{"taxonomy":"post_tag","embeddable":true,"href":"https:\/\/contextoanalisisperiodistico.com\/index.php\/wp-json\/wp\/v2\/tags?post=41286"}],"curies":[{"name":"wp","href":"https:\/\/api.w.org\/{rel}","templated":true}]}}