{"id":41272,"date":"2025-05-11T19:58:25","date_gmt":"2025-05-12T01:58:25","guid":{"rendered":"https:\/\/contextoanalisisperiodistico.com\/index.php\/2025\/05\/11\/encabezan-ray-chagoya-y-salomon-jara-cruz-recorrido-por-agencias-municipales-para-anunciar-inversion-historica\/"},"modified":"2025-05-11T19:58:25","modified_gmt":"2025-05-12T01:58:25","slug":"encabezan-ray-chagoya-y-salomon-jara-cruz-recorrido-por-agencias-municipales-para-anunciar-inversion-historica","status":"publish","type":"post","link":"https:\/\/contextoanalisisperiodistico.com\/index.php\/2025\/05\/11\/encabezan-ray-chagoya-y-salomon-jara-cruz-recorrido-por-agencias-municipales-para-anunciar-inversion-historica\/","title":{"rendered":"Encabezan Ray Chagoya y Salom\u00f3n Jara Cruz recorrido por agencias municipales para anunciar inversi\u00f3n hist\u00f3rica"},"content":{"rendered":"<div id=\"fb-root\"><\/div>\n\n<ul class=\"wp-block-list\">\n<li>Oaxaca de Ju\u00e1rez ser\u00e1 parte de la asignaci\u00f3n de 25 millones de pesos para el bienestar comunitario.<\/li>\n\n\n\n<li>Los recursos forman parte del Fondo de Aportaciones para la Infraestructura Social (FAIS) del Gobierno Federal.<\/li>\n<\/ul>\n\n\n\n<p>Oaxaca de Ju\u00e1rez, Oax. 11 de mayo de 2025.- El presidente municipal de Oaxaca de Ju\u00e1rez, Ray Chagoya, al lado del gobernador del estado, Salom\u00f3n Jara Cruz, encabez\u00f3 un recorrido por las agencias municipales para compartir con las autoridades locales y la ciudadan\u00eda una noticia hist\u00f3rica: la asignaci\u00f3n de 25 millones de pesos que ser\u00e1n destinados directamente a las agencias municipales de la capital como parte del Fondo de Aportaciones para la Infraestructura Social (FAIS).<\/p>\n\n\n\n<p>Durante las asambleas comunitarias realizadas en nueve agencias entre ellas Montoya, Santa Rosa Panzacola, San Felipe del Agua, Donaj\u00ed, Dolores, Cinco Se\u00f1ores, Candiani, San Juan Chapultepec y San Mart\u00edn Mexicapan, las autoridades estatales, federales y municipales informaron que estos recursos provienen del acuerdo nacional impulsado por la presidenta Claudia Sheinbaum para asignar el 10% del FAIS a las comunidades con mayor rezago, para que sean las mismas comunidades, mediante asamblea, las que definan en que usar esos recursos.<\/p>\n\n\n\n<p>El presidente Ray Chagoya destac\u00f3 que esta gira representa no solo la coordinaci\u00f3n de los tres niveles de gobierno, sino tambi\u00e9n un acto de justicia social que atiende directamente las necesidades que hist\u00f3ricamente hab\u00edan sido postergadas.<\/p>\n\n\n\n<p>Ante Jes\u00fas Salvador Valencia Guzm\u00e1n, Subsecretario de Bienestar Federal y Nancy Ortiz Cabrera, Delegada Estatal de Programas para el Bienestar, Ray Chagoya sostuvo que con esta inversi\u00f3n y con la voz de nuestras comunidades organizadas, estamos saldando deudas hist\u00f3ricas y construyendo una ciudad m\u00e1s equitativa, desde sus agencias y barrios.<\/p>\n\n\n\n<p>Las asambleas comunitarias continuar\u00e1n en los pr\u00f3ximos d\u00edas en otras regiones del estado, fortaleciendo el di\u00e1logo directo con la ciudadan\u00eda y reafirmando el compromiso del Gobierno de M\u00e9xico con la transformaci\u00f3n desde los territorios.<\/p>\n\n\n\n<figure class=\"wp-block-image size-large\"><img fetchpriority=\"high\" decoding=\"async\" width=\"1024\" height=\"649\" src=\"https:\/\/contextoanalisisperiodistico.com\/wp-content\/uploads\/2025\/05\/img-20250511-wa00747542467902783918370-1024x649.jpg\" alt=\"\" class=\"wp-image-41264\" srcset=\"https:\/\/contextoanalisisperiodistico.com\/wp-content\/uploads\/2025\/05\/img-20250511-wa00747542467902783918370-1024x649.jpg 1024w, https:\/\/contextoanalisisperiodistico.com\/wp-content\/uploads\/2025\/05\/img-20250511-wa00747542467902783918370-300x190.jpg 300w, https:\/\/contextoanalisisperiodistico.com\/wp-content\/uploads\/2025\/05\/img-20250511-wa00747542467902783918370-768x487.jpg 768w, https:\/\/contextoanalisisperiodistico.com\/wp-content\/uploads\/2025\/05\/img-20250511-wa00747542467902783918370-1536x973.jpg 1536w, https:\/\/contextoanalisisperiodistico.com\/wp-content\/uploads\/2025\/05\/img-20250511-wa00747542467902783918370.jpg 1600w\" sizes=\"(max-width: 1024px) 100vw, 1024px\" \/><\/figure>\n\n\n\n<figure class=\"wp-block-image\"><img decoding=\"async\" width=\"1024\" height=\"854\" src=\"https:\/\/contextoanalisisperiodistico.com\/wp-content\/uploads\/2025\/05\/img-20250511-wa00766683479299220458364-1024x854.jpg\" alt=\"\" class=\"wp-image-41262\" srcset=\"https:\/\/contextoanalisisperiodistico.com\/wp-content\/uploads\/2025\/05\/img-20250511-wa00766683479299220458364-1024x854.jpg 1024w, https:\/\/contextoanalisisperiodistico.com\/wp-content\/uploads\/2025\/05\/img-20250511-wa00766683479299220458364-300x250.jpg 300w, https:\/\/contextoanalisisperiodistico.com\/wp-content\/uploads\/2025\/05\/img-20250511-wa00766683479299220458364-768x641.jpg 768w, https:\/\/contextoanalisisperiodistico.com\/wp-content\/uploads\/2025\/05\/img-20250511-wa00766683479299220458364-1536x1282.jpg 1536w, https:\/\/contextoanalisisperiodistico.com\/wp-content\/uploads\/2025\/05\/img-20250511-wa00766683479299220458364.jpg 1600w\" sizes=\"(max-width: 1024px) 100vw, 1024px\" \/><\/figure>\n\n\n\n<figure class=\"wp-block-image\"><img decoding=\"async\" width=\"1024\" height=\"998\" src=\"https:\/\/contextoanalisisperiodistico.com\/wp-content\/uploads\/2025\/05\/img-20250511-wa00815313928710410044840-1024x998.jpg\" alt=\"\" class=\"wp-image-41265\" srcset=\"https:\/\/contextoanalisisperiodistico.com\/wp-content\/uploads\/2025\/05\/img-20250511-wa00815313928710410044840-1024x998.jpg 1024w, https:\/\/contextoanalisisperiodistico.com\/wp-content\/uploads\/2025\/05\/img-20250511-wa00815313928710410044840-300x293.jpg 300w, https:\/\/contextoanalisisperiodistico.com\/wp-content\/uploads\/2025\/05\/img-20250511-wa00815313928710410044840-768x749.jpg 768w, https:\/\/contextoanalisisperiodistico.com\/wp-content\/uploads\/2025\/05\/img-20250511-wa00815313928710410044840-1536x1498.jpg 1536w, https:\/\/contextoanalisisperiodistico.com\/wp-content\/uploads\/2025\/05\/img-20250511-wa00815313928710410044840.jpg 1600w\" sizes=\"(max-width: 1024px) 100vw, 1024px\" \/><\/figure>\n\n\n\n<figure class=\"wp-block-image\"><img loading=\"lazy\" decoding=\"async\" width=\"1024\" height=\"950\" src=\"https:\/\/contextoanalisisperiodistico.com\/wp-content\/uploads\/2025\/05\/img-20250511-wa00756433799668912526281-1024x950.jpg\" alt=\"\" class=\"wp-image-41266\" srcset=\"https:\/\/contextoanalisisperiodistico.com\/wp-content\/uploads\/2025\/05\/img-20250511-wa00756433799668912526281-1024x950.jpg 1024w, https:\/\/contextoanalisisperiodistico.com\/wp-content\/uploads\/2025\/05\/img-20250511-wa00756433799668912526281-300x278.jpg 300w, https:\/\/contextoanalisisperiodistico.com\/wp-content\/uploads\/2025\/05\/img-20250511-wa00756433799668912526281-768x712.jpg 768w, https:\/\/contextoanalisisperiodistico.com\/wp-content\/uploads\/2025\/05\/img-20250511-wa00756433799668912526281-1536x1425.jpg 1536w, https:\/\/contextoanalisisperiodistico.com\/wp-content\/uploads\/2025\/05\/img-20250511-wa00756433799668912526281.jpg 1600w\" sizes=\"(max-width: 1024px) 100vw, 1024px\" \/><\/figure>\n\n\n\n<figure class=\"wp-block-image\"><img loading=\"lazy\" decoding=\"async\" width=\"1024\" height=\"763\" src=\"https:\/\/contextoanalisisperiodistico.com\/wp-content\/uploads\/2025\/05\/img-20250511-wa00785776314088536104055-1024x763.jpg\" alt=\"\" class=\"wp-image-41263\" srcset=\"https:\/\/contextoanalisisperiodistico.com\/wp-content\/uploads\/2025\/05\/img-20250511-wa00785776314088536104055-1024x763.jpg 1024w, https:\/\/contextoanalisisperiodistico.com\/wp-content\/uploads\/2025\/05\/img-20250511-wa00785776314088536104055-300x223.jpg 300w, https:\/\/contextoanalisisperiodistico.com\/wp-content\/uploads\/2025\/05\/img-20250511-wa00785776314088536104055-768x572.jpg 768w, https:\/\/contextoanalisisperiodistico.com\/wp-content\/uploads\/2025\/05\/img-20250511-wa00785776314088536104055-1536x1144.jpg 1536w, https:\/\/contextoanalisisperiodistico.com\/wp-content\/uploads\/2025\/05\/img-20250511-wa00785776314088536104055.jpg 1599w\" sizes=\"(max-width: 1024px) 100vw, 1024px\" \/><\/figure>\n\n\n\n<figure class=\"wp-block-image\"><img loading=\"lazy\" decoding=\"async\" width=\"1024\" height=\"779\" src=\"https:\/\/contextoanalisisperiodistico.com\/wp-content\/uploads\/2025\/05\/img-20250511-wa00771409949564775699626-1024x779.jpg\" alt=\"\" class=\"wp-image-41267\" srcset=\"https:\/\/contextoanalisisperiodistico.com\/wp-content\/uploads\/2025\/05\/img-20250511-wa00771409949564775699626-1024x779.jpg 1024w, https:\/\/contextoanalisisperiodistico.com\/wp-content\/uploads\/2025\/05\/img-20250511-wa00771409949564775699626-300x228.jpg 300w, https:\/\/contextoanalisisperiodistico.com\/wp-content\/uploads\/2025\/05\/img-20250511-wa00771409949564775699626-768x584.jpg 768w, https:\/\/contextoanalisisperiodistico.com\/wp-content\/uploads\/2025\/05\/img-20250511-wa00771409949564775699626-1536x1168.jpg 1536w, https:\/\/contextoanalisisperiodistico.com\/wp-content\/uploads\/2025\/05\/img-20250511-wa00771409949564775699626.jpg 1600w\" sizes=\"(max-width: 1024px) 100vw, 1024px\" \/><\/figure>\n\n\n\n<figure class=\"wp-block-image\"><img loading=\"lazy\" decoding=\"async\" width=\"1024\" height=\"749\" src=\"https:\/\/contextoanalisisperiodistico.com\/wp-content\/uploads\/2025\/05\/img-20250511-wa00806586721613019590741-1024x749.jpg\" alt=\"\" class=\"wp-image-41268\" srcset=\"https:\/\/contextoanalisisperiodistico.com\/wp-content\/uploads\/2025\/05\/img-20250511-wa00806586721613019590741-1024x749.jpg 1024w, https:\/\/contextoanalisisperiodistico.com\/wp-content\/uploads\/2025\/05\/img-20250511-wa00806586721613019590741-300x219.jpg 300w, https:\/\/contextoanalisisperiodistico.com\/wp-content\/uploads\/2025\/05\/img-20250511-wa00806586721613019590741-768x562.jpg 768w, https:\/\/contextoanalisisperiodistico.com\/wp-content\/uploads\/2025\/05\/img-20250511-wa00806586721613019590741-1536x1123.jpg 1536w, https:\/\/contextoanalisisperiodistico.com\/wp-content\/uploads\/2025\/05\/img-20250511-wa00806586721613019590741.jpg 1600w\" sizes=\"(max-width: 1024px) 100vw, 1024px\" \/><\/figure>\n\n\n\n<figure class=\"wp-block-image\"><img loading=\"lazy\" decoding=\"async\" width=\"1024\" height=\"684\" src=\"https:\/\/contextoanalisisperiodistico.com\/wp-content\/uploads\/2025\/05\/img-20250511-wa0083438833845585426103-1024x684.jpg\" alt=\"\" class=\"wp-image-41269\" srcset=\"https:\/\/contextoanalisisperiodistico.com\/wp-content\/uploads\/2025\/05\/img-20250511-wa0083438833845585426103-1024x684.jpg 1024w, https:\/\/contextoanalisisperiodistico.com\/wp-content\/uploads\/2025\/05\/img-20250511-wa0083438833845585426103-300x200.jpg 300w, https:\/\/contextoanalisisperiodistico.com\/wp-content\/uploads\/2025\/05\/img-20250511-wa0083438833845585426103-768x513.jpg 768w, https:\/\/contextoanalisisperiodistico.com\/wp-content\/uploads\/2025\/05\/img-20250511-wa0083438833845585426103-1536x1026.jpg 1536w, https:\/\/contextoanalisisperiodistico.com\/wp-content\/uploads\/2025\/05\/img-20250511-wa0083438833845585426103.jpg 1600w\" sizes=\"(max-width: 1024px) 100vw, 1024px\" \/><\/figure>\n\n\n\n<figure class=\"wp-block-image\"><img loading=\"lazy\" decoding=\"async\" width=\"1024\" height=\"520\" src=\"https:\/\/contextoanalisisperiodistico.com\/wp-content\/uploads\/2025\/05\/img-20250511-wa00823532370568200461191-1024x520.jpg\" alt=\"\" class=\"wp-image-41270\" srcset=\"https:\/\/contextoanalisisperiodistico.com\/wp-content\/uploads\/2025\/05\/img-20250511-wa00823532370568200461191-1024x520.jpg 1024w, https:\/\/contextoanalisisperiodistico.com\/wp-content\/uploads\/2025\/05\/img-20250511-wa00823532370568200461191-300x152.jpg 300w, https:\/\/contextoanalisisperiodistico.com\/wp-content\/uploads\/2025\/05\/img-20250511-wa00823532370568200461191-768x390.jpg 768w, https:\/\/contextoanalisisperiodistico.com\/wp-content\/uploads\/2025\/05\/img-20250511-wa00823532370568200461191-1536x780.jpg 1536w, https:\/\/contextoanalisisperiodistico.com\/wp-content\/uploads\/2025\/05\/img-20250511-wa00823532370568200461191.jpg 1600w\" sizes=\"(max-width: 1024px) 100vw, 1024px\" \/><\/figure>\n\n\n\n<figure class=\"wp-block-image\"><img loading=\"lazy\" decoding=\"async\" width=\"1024\" height=\"700\" src=\"https:\/\/contextoanalisisperiodistico.com\/wp-content\/uploads\/2025\/05\/img-20250511-wa00844350583376674761428-1024x700.jpg\" alt=\"\" class=\"wp-image-41271\" srcset=\"https:\/\/contextoanalisisperiodistico.com\/wp-content\/uploads\/2025\/05\/img-20250511-wa00844350583376674761428-1024x700.jpg 1024w, https:\/\/contextoanalisisperiodistico.com\/wp-content\/uploads\/2025\/05\/img-20250511-wa00844350583376674761428-300x205.jpg 300w, https:\/\/contextoanalisisperiodistico.com\/wp-content\/uploads\/2025\/05\/img-20250511-wa00844350583376674761428-768x525.jpg 768w, https:\/\/contextoanalisisperiodistico.com\/wp-content\/uploads\/2025\/05\/img-20250511-wa00844350583376674761428-1536x1050.jpg 1536w, https:\/\/contextoanalisisperiodistico.com\/wp-content\/uploads\/2025\/05\/img-20250511-wa00844350583376674761428.jpg 1600w\" sizes=\"(max-width: 1024px) 100vw, 1024px\" \/><\/figure>\n","protected":false},"excerpt":{"rendered":"<p>Oaxaca de Ju\u00e1rez, Oax. 11 de mayo de 2025.- El presidente municipal de Oaxaca de&#8230;<\/p>\n","protected":false},"author":4,"featured_media":41261,"comment_status":"","ping_status":"open","sticky":false,"template":"","format":"standard","meta":{"footnotes":""},"categories":[9],"tags":[178,235,234,45],"jetpack_sharing_enabled":true,"featured_image_urls":{"full":["https:\/\/contextoanalisisperiodistico.com\/wp-content\/uploads\/2025\/05\/IMG-20250511-WA0073.jpg",1325,1244,false],"thumbnail":["https:\/\/contextoanalisisperiodistico.com\/wp-content\/uploads\/2025\/05\/IMG-20250511-WA0073-150x150.jpg",150,150,true],"medium":["https:\/\/contextoanalisisperiodistico.com\/wp-content\/uploads\/2025\/05\/IMG-20250511-WA0073-300x282.jpg",300,282,true],"medium_large":["https:\/\/contextoanalisisperiodistico.com\/wp-content\/uploads\/2025\/05\/IMG-20250511-WA0073-768x721.jpg",640,601,true],"large":["https:\/\/contextoanalisisperiodistico.com\/wp-content\/uploads\/2025\/05\/IMG-20250511-WA0073-1024x961.jpg",640,601,true],"1536x1536":["https:\/\/contextoanalisisperiodistico.com\/wp-content\/uploads\/2025\/05\/IMG-20250511-WA0073.jpg",1325,1244,false],"2048x2048":["https:\/\/contextoanalisisperiodistico.com\/wp-content\/uploads\/2025\/05\/IMG-20250511-WA0073.jpg",1325,1244,false],"covernews-slider-full":["https:\/\/contextoanalisisperiodistico.com\/wp-content\/uploads\/2025\/05\/IMG-20250511-WA0073-1115x715.jpg",1115,715,true],"covernews-slider-center":["https:\/\/contextoanalisisperiodistico.com\/wp-content\/uploads\/2025\/05\/IMG-20250511-WA0073-800x500.jpg",800,500,true],"covernews-featured":["https:\/\/contextoanalisisperiodistico.com\/wp-content\/uploads\/2025\/05\/IMG-20250511-WA0073-1024x961.jpg",1024,961,true],"covernews-medium":["https:\/\/contextoanalisisperiodistico.com\/wp-content\/uploads\/2025\/05\/IMG-20250511-WA0073-540x340.jpg",540,340,true],"covernews-medium-square":["https:\/\/contextoanalisisperiodistico.com\/wp-content\/uploads\/2025\/05\/IMG-20250511-WA0073-400x250.jpg",400,250,true]},"author_info":{"display_name":"Mario Gir\u00f3n","author_link":"https:\/\/contextoanalisisperiodistico.com\/index.php\/author\/director\/"},"category_info":"<a href=\"https:\/\/contextoanalisisperiodistico.com\/index.php\/category\/politica\/\" rel=\"category tag\">Pol\u00edtica<\/a>","tag_info":"Pol\u00edtica","comment_count":"0","jetpack_featured_media_url":"https:\/\/contextoanalisisperiodistico.com\/wp-content\/uploads\/2025\/05\/IMG-20250511-WA0073.jpg","_links":{"self":[{"href":"https:\/\/contextoanalisisperiodistico.com\/index.php\/wp-json\/wp\/v2\/posts\/41272"}],"collection":[{"href":"https:\/\/contextoanalisisperiodistico.com\/index.php\/wp-json\/wp\/v2\/posts"}],"about":[{"href":"https:\/\/contextoanalisisperiodistico.com\/index.php\/wp-json\/wp\/v2\/types\/post"}],"author":[{"embeddable":true,"href":"https:\/\/contextoanalisisperiodistico.com\/index.php\/wp-json\/wp\/v2\/users\/4"}],"replies":[{"embeddable":true,"href":"https:\/\/contextoanalisisperiodistico.com\/index.php\/wp-json\/wp\/v2\/comments?post=41272"}],"version-history":[{"count":0,"href":"https:\/\/contextoanalisisperiodistico.com\/index.php\/wp-json\/wp\/v2\/posts\/41272\/revisions"}],"wp:featuredmedia":[{"embeddable":true,"href":"https:\/\/contextoanalisisperiodistico.com\/index.php\/wp-json\/wp\/v2\/media\/41261"}],"wp:attachment":[{"href":"https:\/\/contextoanalisisperiodistico.com\/index.php\/wp-json\/wp\/v2\/media?parent=41272"}],"wp:term":[{"taxonomy":"category","embeddable":true,"href":"https:\/\/contextoanalisisperiodistico.com\/index.php\/wp-json\/wp\/v2\/categories?post=41272"},{"taxonomy":"post_tag","embeddable":true,"href":"https:\/\/contextoanalisisperiodistico.com\/index.php\/wp-json\/wp\/v2\/tags?post=41272"}],"curies":[{"name":"wp","href":"https:\/\/api.w.org\/{rel}","templated":true}]}}