{"id":41259,"date":"2025-05-10T18:50:24","date_gmt":"2025-05-11T00:50:24","guid":{"rendered":"https:\/\/contextoanalisisperiodistico.com\/index.php\/2025\/05\/10\/con-intermediacion-de-la-sego-y-segob-levantan-bloqueo-en-carretera-185-transistmica\/"},"modified":"2025-05-10T18:52:15","modified_gmt":"2025-05-11T00:52:15","slug":"con-intermediacion-de-la-sego-y-segob-levantan-bloqueo-en-carretera-185-transistmica","status":"publish","type":"post","link":"https:\/\/contextoanalisisperiodistico.com\/index.php\/2025\/05\/10\/con-intermediacion-de-la-sego-y-segob-levantan-bloqueo-en-carretera-185-transistmica\/","title":{"rendered":"Con intermediaci\u00f3n de la Sego y Segob, levantan bloqueo en carretera 185 Trans\u00edstmica"},"content":{"rendered":"<div id=\"fb-root\"><\/div>\n\n<p>Sostendr\u00e1 San Juan Guichicovi mesa de di\u00e1logo con sus agencias para buscar una soluci\u00f3n al conflicto intermunicipal que enfrentan por la distribuci\u00f3n de sus recursos correspondientes al Ramo 28<\/p>\n\n\n\n<figure class=\"wp-block-image size-large\"><img fetchpriority=\"high\" decoding=\"async\" width=\"1024\" height=\"768\" src=\"https:\/\/contextoanalisisperiodistico.com\/wp-content\/uploads\/2025\/05\/img-20250510-wa01033479711015951978782-1024x768.jpg\" alt=\"\" class=\"wp-image-41258\" srcset=\"https:\/\/contextoanalisisperiodistico.com\/wp-content\/uploads\/2025\/05\/img-20250510-wa01033479711015951978782-1024x768.jpg 1024w, https:\/\/contextoanalisisperiodistico.com\/wp-content\/uploads\/2025\/05\/img-20250510-wa01033479711015951978782-300x225.jpg 300w, https:\/\/contextoanalisisperiodistico.com\/wp-content\/uploads\/2025\/05\/img-20250510-wa01033479711015951978782-768x576.jpg 768w, https:\/\/contextoanalisisperiodistico.com\/wp-content\/uploads\/2025\/05\/img-20250510-wa01033479711015951978782-1536x1152.jpg 1536w, https:\/\/contextoanalisisperiodistico.com\/wp-content\/uploads\/2025\/05\/img-20250510-wa01033479711015951978782.jpg 1600w\" sizes=\"(max-width: 1024px) 100vw, 1024px\" \/><\/figure>\n\n\n\n<figure class=\"wp-block-image\"><img decoding=\"async\" width=\"1024\" height=\"688\" src=\"https:\/\/contextoanalisisperiodistico.com\/wp-content\/uploads\/2025\/05\/img-20250510-wa01017114978142663930808-1024x688.jpg\" alt=\"\" class=\"wp-image-41257\" srcset=\"https:\/\/contextoanalisisperiodistico.com\/wp-content\/uploads\/2025\/05\/img-20250510-wa01017114978142663930808-1024x688.jpg 1024w, https:\/\/contextoanalisisperiodistico.com\/wp-content\/uploads\/2025\/05\/img-20250510-wa01017114978142663930808-300x202.jpg 300w, https:\/\/contextoanalisisperiodistico.com\/wp-content\/uploads\/2025\/05\/img-20250510-wa01017114978142663930808-768x516.jpg 768w, https:\/\/contextoanalisisperiodistico.com\/wp-content\/uploads\/2025\/05\/img-20250510-wa01017114978142663930808.jpg 1156w\" sizes=\"(max-width: 1024px) 100vw, 1024px\" \/><\/figure>\n\n\n\n<p>Oaxaca de Ju\u00e1rez, Oax. 10 de mayo de 2025. Privilegiando el di\u00e1logo como \u00fanica v\u00eda para la soluci\u00f3n a los conflictos y anteponiendo el derecho de la poblaci\u00f3n al libre tr\u00e1nsito, la Secretar\u00eda de Gobierno (Sego) y la Delegaci\u00f3n de la Secretar\u00eda de Gobernaci\u00f3n (Segob) en Oaxaca, conciliaron para el retiro del bloqueo que se manten\u00eda en inmediaciones de la carretera 185 Trans\u00edstmica, en el kil\u00f3metro 180 a la Estaci\u00f3n Mogo\u00f1\u00e9.<\/p>\n\n\n\n<p>En ese sentido y con el objetivo de lograr acuerdos que permitan encontrar una soluci\u00f3n definitiva a la inconformidad que manifiestan las autoridades auxiliares por la distribuci\u00f3n de sus recursos correspondientes al Ramo 28, se estableci\u00f3 que en pr\u00f3ximos d\u00edas se instalar\u00e1 una nueva mesa de trabajo entre las autoridades de las agencias municipales y su presidente municipal.<\/p>\n\n\n\n<p>La Secretar\u00eda de Gobierno exhorta a las autoridades municipales, agencias, n\u00facleos agrarios, organizaciones sociales, y ciudadan\u00eda en general, privilegiar el di\u00e1logo como \u00fanica ruta de soluci\u00f3n a las problem\u00e1ticas; pues los bloqueos solo afectan la movilidad, violan los derechos de terceros y generan p\u00e9rdidas econ\u00f3micas en detrimento de las familias oaxaque\u00f1as.<\/p>\n\n\n\n<p>-0-<\/p>\n","protected":false},"excerpt":{"rendered":"<p>Sostendr\u00e1 San Juan Guichicovi mesa de di\u00e1logo con sus agencias para buscar una soluci\u00f3n al&#8230;<\/p>\n","protected":false},"author":4,"featured_media":41256,"comment_status":"closed","ping_status":"open","sticky":false,"template":"","format":"standard","meta":{"footnotes":""},"categories":[9],"tags":[],"jetpack_sharing_enabled":true,"featured_image_urls":{"full":["https:\/\/contextoanalisisperiodistico.com\/wp-content\/uploads\/2025\/05\/IMG-20250510-WA0102.jpg",716,683,false],"thumbnail":["https:\/\/contextoanalisisperiodistico.com\/wp-content\/uploads\/2025\/05\/IMG-20250510-WA0102-150x150.jpg",150,150,true],"medium":["https:\/\/contextoanalisisperiodistico.com\/wp-content\/uploads\/2025\/05\/IMG-20250510-WA0102-300x286.jpg",300,286,true],"medium_large":["https:\/\/contextoanalisisperiodistico.com\/wp-content\/uploads\/2025\/05\/IMG-20250510-WA0102.jpg",640,611,false],"large":["https:\/\/contextoanalisisperiodistico.com\/wp-content\/uploads\/2025\/05\/IMG-20250510-WA0102.jpg",640,611,false],"1536x1536":["https:\/\/contextoanalisisperiodistico.com\/wp-content\/uploads\/2025\/05\/IMG-20250510-WA0102.jpg",716,683,false],"2048x2048":["https:\/\/contextoanalisisperiodistico.com\/wp-content\/uploads\/2025\/05\/IMG-20250510-WA0102.jpg",716,683,false],"covernews-slider-full":["https:\/\/contextoanalisisperiodistico.com\/wp-content\/uploads\/2025\/05\/IMG-20250510-WA0102.jpg",716,683,false],"covernews-slider-center":["https:\/\/contextoanalisisperiodistico.com\/wp-content\/uploads\/2025\/05\/IMG-20250510-WA0102-716x500.jpg",716,500,true],"covernews-featured":["https:\/\/contextoanalisisperiodistico.com\/wp-content\/uploads\/2025\/05\/IMG-20250510-WA0102.jpg",716,683,false],"covernews-medium":["https:\/\/contextoanalisisperiodistico.com\/wp-content\/uploads\/2025\/05\/IMG-20250510-WA0102-540x340.jpg",540,340,true],"covernews-medium-square":["https:\/\/contextoanalisisperiodistico.com\/wp-content\/uploads\/2025\/05\/IMG-20250510-WA0102-400x250.jpg",400,250,true]},"author_info":{"display_name":"Mario Gir\u00f3n","author_link":"https:\/\/contextoanalisisperiodistico.com\/index.php\/author\/director\/"},"category_info":"<a href=\"https:\/\/contextoanalisisperiodistico.com\/index.php\/category\/politica\/\" rel=\"category tag\">Pol\u00edtica<\/a>","tag_info":"Pol\u00edtica","comment_count":"0","jetpack_featured_media_url":"https:\/\/contextoanalisisperiodistico.com\/wp-content\/uploads\/2025\/05\/IMG-20250510-WA0102.jpg","_links":{"self":[{"href":"https:\/\/contextoanalisisperiodistico.com\/index.php\/wp-json\/wp\/v2\/posts\/41259"}],"collection":[{"href":"https:\/\/contextoanalisisperiodistico.com\/index.php\/wp-json\/wp\/v2\/posts"}],"about":[{"href":"https:\/\/contextoanalisisperiodistico.com\/index.php\/wp-json\/wp\/v2\/types\/post"}],"author":[{"embeddable":true,"href":"https:\/\/contextoanalisisperiodistico.com\/index.php\/wp-json\/wp\/v2\/users\/4"}],"replies":[{"embeddable":true,"href":"https:\/\/contextoanalisisperiodistico.com\/index.php\/wp-json\/wp\/v2\/comments?post=41259"}],"version-history":[{"count":1,"href":"https:\/\/contextoanalisisperiodistico.com\/index.php\/wp-json\/wp\/v2\/posts\/41259\/revisions"}],"predecessor-version":[{"id":41260,"href":"https:\/\/contextoanalisisperiodistico.com\/index.php\/wp-json\/wp\/v2\/posts\/41259\/revisions\/41260"}],"wp:featuredmedia":[{"embeddable":true,"href":"https:\/\/contextoanalisisperiodistico.com\/index.php\/wp-json\/wp\/v2\/media\/41256"}],"wp:attachment":[{"href":"https:\/\/contextoanalisisperiodistico.com\/index.php\/wp-json\/wp\/v2\/media?parent=41259"}],"wp:term":[{"taxonomy":"category","embeddable":true,"href":"https:\/\/contextoanalisisperiodistico.com\/index.php\/wp-json\/wp\/v2\/categories?post=41259"},{"taxonomy":"post_tag","embeddable":true,"href":"https:\/\/contextoanalisisperiodistico.com\/index.php\/wp-json\/wp\/v2\/tags?post=41259"}],"curies":[{"name":"wp","href":"https:\/\/api.w.org\/{rel}","templated":true}]}}