{"id":41249,"date":"2025-05-10T16:39:28","date_gmt":"2025-05-10T22:39:28","guid":{"rendered":"https:\/\/contextoanalisisperiodistico.com\/index.php\/2025\/05\/10\/oaxaca-camina-inicia-intervencion-integral-de-calles-en-el-centro-historico\/"},"modified":"2025-05-10T16:39:28","modified_gmt":"2025-05-10T22:39:28","slug":"oaxaca-camina-inicia-intervencion-integral-de-calles-en-el-centro-historico","status":"publish","type":"post","link":"https:\/\/contextoanalisisperiodistico.com\/index.php\/2025\/05\/10\/oaxaca-camina-inicia-intervencion-integral-de-calles-en-el-centro-historico\/","title":{"rendered":"Oaxaca camina: inicia intervenci\u00f3n integral de calles en el Centro Hist\u00f3rico"},"content":{"rendered":"<div id=\"fb-root\"><\/div>\n\n<ul class=\"wp-block-list\">\n<li>El presidente Ray Chagoya y el gobernador Salom\u00f3n Jara dan banderazo al mejoramiento urbano de cuatro vialidades<\/li>\n<\/ul>\n\n\n\n<p>Oaxaca de Ju\u00e1rez, Oax., 10 de mayo de 2025.\u2013 Con el respaldo del Gobierno del Estado, el presidente municipal Raymundo Chagoya Villanueva acudi\u00f3 al banderazo de arranque al programa Oaxaca Camina, un proyecto integral de intervenci\u00f3n urbana que transformar\u00e1 cuatro calles del Centro Hist\u00f3rico para hacerlas m\u00e1s accesibles, seguras y humanas.<\/p>\n\n\n\n<p>Acompa\u00f1ado por el gobernador constitucional de Oaxaca, Salom\u00f3n Jara Cruz, as\u00ed como por titulares de dependencias estatales y municipales, el edil capitalino destac\u00f3 que esta obra devolver\u00e1 a la ciudadan\u00eda su derecho a caminar y disfrutar dignamente del espacio p\u00fablico. \u201cEstamos apostando por una ciudad m\u00e1s ordenada, caminable y que ponga al centro a las personas\u201d, se\u00f1al\u00f3.<\/p>\n\n\n\n<p>El proyecto contempla la rehabilitaci\u00f3n de las calles de Las Casas y Col\u00f3n (entre 20 de Noviembre y Armenta y L\u00f3pez), e incluye: ampliaci\u00f3n de banquetas con cantera verde, integraci\u00f3n de mobiliario urbano, bah\u00edas de carga y descarga, infraestructura accesible para personas con discapacidad, se\u00f1al\u00e9tica, arborizaci\u00f3n y la rehabilitaci\u00f3n del sistema de drenaje.<\/p>\n\n\n\n<p>Este esfuerzo forma parte del eje de Patrimonio Cultural y beneficiar\u00e1 directamente a m\u00e1s de 270 mil habitantes de Oaxaca de Ju\u00e1rez, as\u00ed como a visitantes nacionales y extranjeros. El programa es ejecutado de manera coordinada por el Municipio de Oaxaca de Ju\u00e1rez, el Instituto del Patrimonio Cultural del Estado de Oaxaca (INPAC), la Secretar\u00eda de Movilidad, SOAPA, y con la participaci\u00f3n activa de comerciantes y vecinos del primer cuadro de la ciudad.<\/p>\n\n\n\n<p>Con Oaxaca Camina, el Ayuntamiento reafirma su compromiso con un modelo de ciudad incluyente, funcional y con identidad. \u201cEsta obra est\u00e1 pensada en las personas que hacen vida en la ciudad: locatarios, turistas, ciclistas, adultos mayores, ni\u00f1as y ni\u00f1os. Hoy Oaxaca camina con rumbo, con dignidad y con orgullo\u201d, concluy\u00f3 Chagoya Villanueva.<\/p>\n\n\n\n<figure class=\"wp-block-image size-large\"><img fetchpriority=\"high\" decoding=\"async\" width=\"1024\" height=\"683\" src=\"https:\/\/contextoanalisisperiodistico.com\/wp-content\/uploads\/2025\/05\/img-20250510-wa00927900110735236595071-1024x683.jpg\" alt=\"\" class=\"wp-image-41247\" srcset=\"https:\/\/contextoanalisisperiodistico.com\/wp-content\/uploads\/2025\/05\/img-20250510-wa00927900110735236595071-1024x683.jpg 1024w, https:\/\/contextoanalisisperiodistico.com\/wp-content\/uploads\/2025\/05\/img-20250510-wa00927900110735236595071-300x200.jpg 300w, https:\/\/contextoanalisisperiodistico.com\/wp-content\/uploads\/2025\/05\/img-20250510-wa00927900110735236595071-768x512.jpg 768w, https:\/\/contextoanalisisperiodistico.com\/wp-content\/uploads\/2025\/05\/img-20250510-wa00927900110735236595071.jpg 1080w\" sizes=\"(max-width: 1024px) 100vw, 1024px\" \/><\/figure>\n\n\n\n<figure class=\"wp-block-image\"><img decoding=\"async\" width=\"1024\" height=\"683\" src=\"https:\/\/contextoanalisisperiodistico.com\/wp-content\/uploads\/2025\/05\/img-20250510-wa00915780399659097724432-1024x683.jpg\" alt=\"\" class=\"wp-image-41248\" srcset=\"https:\/\/contextoanalisisperiodistico.com\/wp-content\/uploads\/2025\/05\/img-20250510-wa00915780399659097724432-1024x683.jpg 1024w, https:\/\/contextoanalisisperiodistico.com\/wp-content\/uploads\/2025\/05\/img-20250510-wa00915780399659097724432-300x200.jpg 300w, https:\/\/contextoanalisisperiodistico.com\/wp-content\/uploads\/2025\/05\/img-20250510-wa00915780399659097724432-768x512.jpg 768w, https:\/\/contextoanalisisperiodistico.com\/wp-content\/uploads\/2025\/05\/img-20250510-wa00915780399659097724432.jpg 1080w\" sizes=\"(max-width: 1024px) 100vw, 1024px\" \/><\/figure>\n\n\n\n<figure class=\"wp-block-image\"><img decoding=\"async\" width=\"1024\" height=\"683\" src=\"https:\/\/contextoanalisisperiodistico.com\/wp-content\/uploads\/2025\/05\/img-20250510-wa00748399067445851190247-1024x683.jpg\" alt=\"\" class=\"wp-image-41246\" srcset=\"https:\/\/contextoanalisisperiodistico.com\/wp-content\/uploads\/2025\/05\/img-20250510-wa00748399067445851190247-1024x683.jpg 1024w, https:\/\/contextoanalisisperiodistico.com\/wp-content\/uploads\/2025\/05\/img-20250510-wa00748399067445851190247-300x200.jpg 300w, https:\/\/contextoanalisisperiodistico.com\/wp-content\/uploads\/2025\/05\/img-20250510-wa00748399067445851190247-768x512.jpg 768w, https:\/\/contextoanalisisperiodistico.com\/wp-content\/uploads\/2025\/05\/img-20250510-wa00748399067445851190247.jpg 1080w\" sizes=\"(max-width: 1024px) 100vw, 1024px\" \/><\/figure>\n\n\n\n<figure class=\"wp-block-image\"><img loading=\"lazy\" decoding=\"async\" width=\"1024\" height=\"683\" src=\"https:\/\/contextoanalisisperiodistico.com\/wp-content\/uploads\/2025\/05\/img-20250510-wa00737397617502208855900-1024x683.jpg\" alt=\"\" class=\"wp-image-41245\" srcset=\"https:\/\/contextoanalisisperiodistico.com\/wp-content\/uploads\/2025\/05\/img-20250510-wa00737397617502208855900-1024x683.jpg 1024w, https:\/\/contextoanalisisperiodistico.com\/wp-content\/uploads\/2025\/05\/img-20250510-wa00737397617502208855900-300x200.jpg 300w, https:\/\/contextoanalisisperiodistico.com\/wp-content\/uploads\/2025\/05\/img-20250510-wa00737397617502208855900-768x512.jpg 768w, https:\/\/contextoanalisisperiodistico.com\/wp-content\/uploads\/2025\/05\/img-20250510-wa00737397617502208855900.jpg 1080w\" sizes=\"(max-width: 1024px) 100vw, 1024px\" \/><\/figure>\n","protected":false},"excerpt":{"rendered":"<p>Oaxaca de Ju\u00e1rez, Oax., 10 de mayo de 2025.\u2013 Con el respaldo del Gobierno del&#8230;<\/p>\n","protected":false},"author":4,"featured_media":41244,"comment_status":"","ping_status":"open","sticky":false,"template":"","format":"standard","meta":{"footnotes":""},"categories":[9],"tags":[178,235,234,45],"jetpack_sharing_enabled":true,"featured_image_urls":{"full":["https:\/\/contextoanalisisperiodistico.com\/wp-content\/uploads\/2025\/05\/IMG-20250510-WA0090.jpg",1080,720,false],"thumbnail":["https:\/\/contextoanalisisperiodistico.com\/wp-content\/uploads\/2025\/05\/IMG-20250510-WA0090-150x150.jpg",150,150,true],"medium":["https:\/\/contextoanalisisperiodistico.com\/wp-content\/uploads\/2025\/05\/IMG-20250510-WA0090-300x200.jpg",300,200,true],"medium_large":["https:\/\/contextoanalisisperiodistico.com\/wp-content\/uploads\/2025\/05\/IMG-20250510-WA0090-768x512.jpg",640,427,true],"large":["https:\/\/contextoanalisisperiodistico.com\/wp-content\/uploads\/2025\/05\/IMG-20250510-WA0090-1024x683.jpg",640,427,true],"1536x1536":["https:\/\/contextoanalisisperiodistico.com\/wp-content\/uploads\/2025\/05\/IMG-20250510-WA0090.jpg",1080,720,false],"2048x2048":["https:\/\/contextoanalisisperiodistico.com\/wp-content\/uploads\/2025\/05\/IMG-20250510-WA0090.jpg",1080,720,false],"covernews-slider-full":["https:\/\/contextoanalisisperiodistico.com\/wp-content\/uploads\/2025\/05\/IMG-20250510-WA0090-1080x715.jpg",1080,715,true],"covernews-slider-center":["https:\/\/contextoanalisisperiodistico.com\/wp-content\/uploads\/2025\/05\/IMG-20250510-WA0090-800x500.jpg",800,500,true],"covernews-featured":["https:\/\/contextoanalisisperiodistico.com\/wp-content\/uploads\/2025\/05\/IMG-20250510-WA0090-1024x683.jpg",1024,683,true],"covernews-medium":["https:\/\/contextoanalisisperiodistico.com\/wp-content\/uploads\/2025\/05\/IMG-20250510-WA0090-540x340.jpg",540,340,true],"covernews-medium-square":["https:\/\/contextoanalisisperiodistico.com\/wp-content\/uploads\/2025\/05\/IMG-20250510-WA0090-400x250.jpg",400,250,true]},"author_info":{"display_name":"Mario Gir\u00f3n","author_link":"https:\/\/contextoanalisisperiodistico.com\/index.php\/author\/director\/"},"category_info":"<a href=\"https:\/\/contextoanalisisperiodistico.com\/index.php\/category\/politica\/\" rel=\"category tag\">Pol\u00edtica<\/a>","tag_info":"Pol\u00edtica","comment_count":"0","jetpack_featured_media_url":"https:\/\/contextoanalisisperiodistico.com\/wp-content\/uploads\/2025\/05\/IMG-20250510-WA0090.jpg","_links":{"self":[{"href":"https:\/\/contextoanalisisperiodistico.com\/index.php\/wp-json\/wp\/v2\/posts\/41249"}],"collection":[{"href":"https:\/\/contextoanalisisperiodistico.com\/index.php\/wp-json\/wp\/v2\/posts"}],"about":[{"href":"https:\/\/contextoanalisisperiodistico.com\/index.php\/wp-json\/wp\/v2\/types\/post"}],"author":[{"embeddable":true,"href":"https:\/\/contextoanalisisperiodistico.com\/index.php\/wp-json\/wp\/v2\/users\/4"}],"replies":[{"embeddable":true,"href":"https:\/\/contextoanalisisperiodistico.com\/index.php\/wp-json\/wp\/v2\/comments?post=41249"}],"version-history":[{"count":0,"href":"https:\/\/contextoanalisisperiodistico.com\/index.php\/wp-json\/wp\/v2\/posts\/41249\/revisions"}],"wp:featuredmedia":[{"embeddable":true,"href":"https:\/\/contextoanalisisperiodistico.com\/index.php\/wp-json\/wp\/v2\/media\/41244"}],"wp:attachment":[{"href":"https:\/\/contextoanalisisperiodistico.com\/index.php\/wp-json\/wp\/v2\/media?parent=41249"}],"wp:term":[{"taxonomy":"category","embeddable":true,"href":"https:\/\/contextoanalisisperiodistico.com\/index.php\/wp-json\/wp\/v2\/categories?post=41249"},{"taxonomy":"post_tag","embeddable":true,"href":"https:\/\/contextoanalisisperiodistico.com\/index.php\/wp-json\/wp\/v2\/tags?post=41249"}],"curies":[{"name":"wp","href":"https:\/\/api.w.org\/{rel}","templated":true}]}}