{"id":4124,"date":"2022-07-17T14:21:36","date_gmt":"2022-07-17T19:21:36","guid":{"rendered":"http:\/\/contextoanalisisperiodistico.com.mx\/2022\/07\/17\/el-de-salomon-jara-cruz-sera-un-gobierno-que-garantice-el-crecimiento-economico-y-con-inversiones-hacer-menos-pesada-la-existencia-de-humildes-y-jovenes-emprendedores-noe-jara\/"},"modified":"2022-07-17T14:21:36","modified_gmt":"2022-07-17T19:21:36","slug":"el-de-salomon-jara-cruz-sera-un-gobierno-que-garantice-el-crecimiento-economico-y-con-inversiones-hacer-menos-pesada-la-existencia-de-humildes-y-jovenes-emprendedores-noe-jara","status":"publish","type":"post","link":"https:\/\/contextoanalisisperiodistico.com\/index.php\/2022\/07\/17\/el-de-salomon-jara-cruz-sera-un-gobierno-que-garantice-el-crecimiento-economico-y-con-inversiones-hacer-menos-pesada-la-existencia-de-humildes-y-jovenes-emprendedores-noe-jara\/","title":{"rendered":"El de Salom\u00f3n Jara Cruz ser\u00e1 un gobierno que garantice el crecimiento econ\u00f3mico y con inversiones hacer menos pesada la existencia de humildes y j\u00f3venes emprendedores\u00bb: No\u00e9 Jara"},"content":{"rendered":"<div id=\"fb-root\"><\/div>\n\n<figure class=\"wp-block-video\"><video controls src=\"https:\/\/contextoinformacionyanalisisperiodistico.files.wordpress.com\/2022\/07\/facebook73953307059962528480p29_001_001.mp4\"><\/video><\/figure>\n","protected":false},"excerpt":{"rendered":"","protected":false},"author":2,"featured_media":0,"comment_status":"open","ping_status":"open","sticky":false,"template":"","format":"standard","meta":{"footnotes":""},"categories":[9],"tags":[],"jetpack_sharing_enabled":true,"featured_image_urls":{"full":"","thumbnail":"","medium":"","medium_large":"","large":"","1536x1536":"","2048x2048":"","covernews-slider-full":"","covernews-slider-center":"","covernews-featured":"","covernews-medium":"","covernews-medium-square":""},"author_info":{"display_name":"Miguel","author_link":"https:\/\/contextoanalisisperiodistico.com\/index.php\/author\/editor\/"},"category_info":"<a href=\"https:\/\/contextoanalisisperiodistico.com\/index.php\/category\/politica\/\" rel=\"category tag\">Pol\u00edtica<\/a>","tag_info":"Pol\u00edtica","comment_count":"0","jetpack_featured_media_url":"","_links":{"self":[{"href":"https:\/\/contextoanalisisperiodistico.com\/index.php\/wp-json\/wp\/v2\/posts\/4124"}],"collection":[{"href":"https:\/\/contextoanalisisperiodistico.com\/index.php\/wp-json\/wp\/v2\/posts"}],"about":[{"href":"https:\/\/contextoanalisisperiodistico.com\/index.php\/wp-json\/wp\/v2\/types\/post"}],"author":[{"embeddable":true,"href":"https:\/\/contextoanalisisperiodistico.com\/index.php\/wp-json\/wp\/v2\/users\/2"}],"replies":[{"embeddable":true,"href":"https:\/\/contextoanalisisperiodistico.com\/index.php\/wp-json\/wp\/v2\/comments?post=4124"}],"version-history":[{"count":0,"href":"https:\/\/contextoanalisisperiodistico.com\/index.php\/wp-json\/wp\/v2\/posts\/4124\/revisions"}],"wp:attachment":[{"href":"https:\/\/contextoanalisisperiodistico.com\/index.php\/wp-json\/wp\/v2\/media?parent=4124"}],"wp:term":[{"taxonomy":"category","embeddable":true,"href":"https:\/\/contextoanalisisperiodistico.com\/index.php\/wp-json\/wp\/v2\/categories?post=4124"},{"taxonomy":"post_tag","embeddable":true,"href":"https:\/\/contextoanalisisperiodistico.com\/index.php\/wp-json\/wp\/v2\/tags?post=4124"}],"curies":[{"name":"wp","href":"https:\/\/api.w.org\/{rel}","templated":true}]}}