{"id":41222,"date":"2025-05-09T16:43:14","date_gmt":"2025-05-09T22:43:14","guid":{"rendered":"https:\/\/contextoanalisisperiodistico.com\/index.php\/2025\/05\/09\/coordinan-acciones-para-garantizar-la-seguridad-en-la-capital-oaxaquena\/"},"modified":"2025-05-09T16:43:14","modified_gmt":"2025-05-09T22:43:14","slug":"coordinan-acciones-para-garantizar-la-seguridad-en-la-capital-oaxaquena","status":"publish","type":"post","link":"https:\/\/contextoanalisisperiodistico.com\/index.php\/2025\/05\/09\/coordinan-acciones-para-garantizar-la-seguridad-en-la-capital-oaxaquena\/","title":{"rendered":"Coordinan acciones para garantizar la seguridad en la capital oaxaque\u00f1a"},"content":{"rendered":"<div id=\"fb-root\"><\/div>\n\n<p>\u2022 Encabeza Ray Chagoya reuni\u00f3n hist\u00f3rica de seguridad en Palacio Municipal<\/p>\n\n\n\n<figure class=\"wp-block-image size-large\"><img fetchpriority=\"high\" decoding=\"async\" width=\"1024\" height=\"685\" src=\"https:\/\/contextoanalisisperiodistico.com\/wp-content\/uploads\/2025\/05\/img-20250509-wa01769160650152840717373-1024x685.jpg\" alt=\"\" class=\"wp-image-41219\" srcset=\"https:\/\/contextoanalisisperiodistico.com\/wp-content\/uploads\/2025\/05\/img-20250509-wa01769160650152840717373-1024x685.jpg 1024w, https:\/\/contextoanalisisperiodistico.com\/wp-content\/uploads\/2025\/05\/img-20250509-wa01769160650152840717373-300x201.jpg 300w, https:\/\/contextoanalisisperiodistico.com\/wp-content\/uploads\/2025\/05\/img-20250509-wa01769160650152840717373-768x513.jpg 768w, https:\/\/contextoanalisisperiodistico.com\/wp-content\/uploads\/2025\/05\/img-20250509-wa01769160650152840717373.jpg 1080w\" sizes=\"(max-width: 1024px) 100vw, 1024px\" \/><\/figure>\n\n\n\n<figure class=\"wp-block-image\"><img decoding=\"async\" width=\"1024\" height=\"685\" src=\"https:\/\/contextoanalisisperiodistico.com\/wp-content\/uploads\/2025\/05\/img-20250509-wa0174966216769151722522-1024x685.jpg\" alt=\"\" class=\"wp-image-41221\" srcset=\"https:\/\/contextoanalisisperiodistico.com\/wp-content\/uploads\/2025\/05\/img-20250509-wa0174966216769151722522-1024x685.jpg 1024w, https:\/\/contextoanalisisperiodistico.com\/wp-content\/uploads\/2025\/05\/img-20250509-wa0174966216769151722522-300x201.jpg 300w, https:\/\/contextoanalisisperiodistico.com\/wp-content\/uploads\/2025\/05\/img-20250509-wa0174966216769151722522-768x513.jpg 768w, https:\/\/contextoanalisisperiodistico.com\/wp-content\/uploads\/2025\/05\/img-20250509-wa0174966216769151722522.jpg 1080w\" sizes=\"(max-width: 1024px) 100vw, 1024px\" \/><\/figure>\n\n\n\n<figure class=\"wp-block-image\"><img decoding=\"async\" width=\"1024\" height=\"685\" src=\"https:\/\/contextoanalisisperiodistico.com\/wp-content\/uploads\/2025\/05\/img-20250509-wa01755795224895138963034-1024x685.jpg\" alt=\"\" class=\"wp-image-41220\" srcset=\"https:\/\/contextoanalisisperiodistico.com\/wp-content\/uploads\/2025\/05\/img-20250509-wa01755795224895138963034-1024x685.jpg 1024w, https:\/\/contextoanalisisperiodistico.com\/wp-content\/uploads\/2025\/05\/img-20250509-wa01755795224895138963034-300x201.jpg 300w, https:\/\/contextoanalisisperiodistico.com\/wp-content\/uploads\/2025\/05\/img-20250509-wa01755795224895138963034-768x513.jpg 768w, https:\/\/contextoanalisisperiodistico.com\/wp-content\/uploads\/2025\/05\/img-20250509-wa01755795224895138963034.jpg 1080w\" sizes=\"(max-width: 1024px) 100vw, 1024px\" \/><\/figure>\n\n\n\n<p>Oaxaca de Ju\u00e1rez, Oax., 9 de mayo de 2025.\u2013 Por primera vez en muchos a\u00f1os, todas las corporaciones de seguridad que operan en la capital se reunieron en el Palacio Municipal de Oaxaca de Ju\u00e1rez, en una sesi\u00f3n encabezada por el Presidente Ray Chagoya, con el respaldo del Gobierno del Estado.<\/p>\n\n\n\n<p>La reuni\u00f3n cont\u00f3 con la participaci\u00f3n del Secretario de Gobierno, Jes\u00fas Romero L\u00f3pez, y del Fiscal General de Justicia del Estado, Bernardo Rodr\u00edguez Alamilla, as\u00ed como mandos operativos de distintas instancias estatales y municipales, en el marco del Mando Coordinado Metropolitano, iniciativa promovida por el gobernador Salom\u00f3n Jara Cruz.<\/p>\n\n\n\n<p>Durante el encuentro, se redise\u00f1aron mecanismos de coordinaci\u00f3n, se revisaron diagn\u00f3sticos locales y se acordaron l\u00edneas de acci\u00f3n conjuntas para atender con mayor eficacia las problem\u00e1ticas de seguridad que enfrenta la ciudad.<\/p>\n\n\n\n<p>\u201cEl tiempo de la improvisaci\u00f3n y la falta de coordinaci\u00f3n qued\u00f3 atr\u00e1s. Hoy trabajamos como un solo equipo, sin divisiones y con un mismo objetivo: garantizar la seguridad que exige Oaxaca de Ju\u00e1rez\u201d, afirm\u00f3 el edil capitalino.<\/p>\n\n\n\n<p>Con estas acciones, el gobierno municipal reafirma su compromiso con la ciudadan\u00eda: construir una capital segura, ordenada y en paz, desde la responsabilidad institucional y la cooperaci\u00f3n permanente entre niveles de gobierno.<\/p>\n","protected":false},"excerpt":{"rendered":"<p>\u2022 Encabeza Ray Chagoya reuni\u00f3n hist\u00f3rica de seguridad en Palacio Municipal Oaxaca de Ju\u00e1rez, Oax.,&#8230;<\/p>\n","protected":false},"author":4,"featured_media":41218,"comment_status":"","ping_status":"open","sticky":false,"template":"","format":"standard","meta":{"footnotes":""},"categories":[9],"tags":[178,235,234,45],"jetpack_sharing_enabled":true,"featured_image_urls":{"full":["https:\/\/contextoanalisisperiodistico.com\/wp-content\/uploads\/2025\/05\/IMG-20250509-WA0173.jpg",1080,566,false],"thumbnail":["https:\/\/contextoanalisisperiodistico.com\/wp-content\/uploads\/2025\/05\/IMG-20250509-WA0173-150x150.jpg",150,150,true],"medium":["https:\/\/contextoanalisisperiodistico.com\/wp-content\/uploads\/2025\/05\/IMG-20250509-WA0173-300x157.jpg",300,157,true],"medium_large":["https:\/\/contextoanalisisperiodistico.com\/wp-content\/uploads\/2025\/05\/IMG-20250509-WA0173-768x402.jpg",640,335,true],"large":["https:\/\/contextoanalisisperiodistico.com\/wp-content\/uploads\/2025\/05\/IMG-20250509-WA0173-1024x537.jpg",640,336,true],"1536x1536":["https:\/\/contextoanalisisperiodistico.com\/wp-content\/uploads\/2025\/05\/IMG-20250509-WA0173.jpg",1080,566,false],"2048x2048":["https:\/\/contextoanalisisperiodistico.com\/wp-content\/uploads\/2025\/05\/IMG-20250509-WA0173.jpg",1080,566,false],"covernews-slider-full":["https:\/\/contextoanalisisperiodistico.com\/wp-content\/uploads\/2025\/05\/IMG-20250509-WA0173.jpg",1080,566,false],"covernews-slider-center":["https:\/\/contextoanalisisperiodistico.com\/wp-content\/uploads\/2025\/05\/IMG-20250509-WA0173-800x500.jpg",800,500,true],"covernews-featured":["https:\/\/contextoanalisisperiodistico.com\/wp-content\/uploads\/2025\/05\/IMG-20250509-WA0173-1024x537.jpg",1024,537,true],"covernews-medium":["https:\/\/contextoanalisisperiodistico.com\/wp-content\/uploads\/2025\/05\/IMG-20250509-WA0173-540x340.jpg",540,340,true],"covernews-medium-square":["https:\/\/contextoanalisisperiodistico.com\/wp-content\/uploads\/2025\/05\/IMG-20250509-WA0173-400x250.jpg",400,250,true]},"author_info":{"display_name":"Mario Gir\u00f3n","author_link":"https:\/\/contextoanalisisperiodistico.com\/index.php\/author\/director\/"},"category_info":"<a href=\"https:\/\/contextoanalisisperiodistico.com\/index.php\/category\/politica\/\" rel=\"category tag\">Pol\u00edtica<\/a>","tag_info":"Pol\u00edtica","comment_count":"0","jetpack_featured_media_url":"https:\/\/contextoanalisisperiodistico.com\/wp-content\/uploads\/2025\/05\/IMG-20250509-WA0173.jpg","_links":{"self":[{"href":"https:\/\/contextoanalisisperiodistico.com\/index.php\/wp-json\/wp\/v2\/posts\/41222"}],"collection":[{"href":"https:\/\/contextoanalisisperiodistico.com\/index.php\/wp-json\/wp\/v2\/posts"}],"about":[{"href":"https:\/\/contextoanalisisperiodistico.com\/index.php\/wp-json\/wp\/v2\/types\/post"}],"author":[{"embeddable":true,"href":"https:\/\/contextoanalisisperiodistico.com\/index.php\/wp-json\/wp\/v2\/users\/4"}],"replies":[{"embeddable":true,"href":"https:\/\/contextoanalisisperiodistico.com\/index.php\/wp-json\/wp\/v2\/comments?post=41222"}],"version-history":[{"count":0,"href":"https:\/\/contextoanalisisperiodistico.com\/index.php\/wp-json\/wp\/v2\/posts\/41222\/revisions"}],"wp:featuredmedia":[{"embeddable":true,"href":"https:\/\/contextoanalisisperiodistico.com\/index.php\/wp-json\/wp\/v2\/media\/41218"}],"wp:attachment":[{"href":"https:\/\/contextoanalisisperiodistico.com\/index.php\/wp-json\/wp\/v2\/media?parent=41222"}],"wp:term":[{"taxonomy":"category","embeddable":true,"href":"https:\/\/contextoanalisisperiodistico.com\/index.php\/wp-json\/wp\/v2\/categories?post=41222"},{"taxonomy":"post_tag","embeddable":true,"href":"https:\/\/contextoanalisisperiodistico.com\/index.php\/wp-json\/wp\/v2\/tags?post=41222"}],"curies":[{"name":"wp","href":"https:\/\/api.w.org\/{rel}","templated":true}]}}