{"id":41166,"date":"2025-05-09T11:33:15","date_gmt":"2025-05-09T17:33:15","guid":{"rendered":"https:\/\/contextoanalisisperiodistico.com\/index.php\/2025\/05\/09\/alvaro-gabino-ramirez-martinez-38-anos-en-la-primera-linea-contra-el-paludismo\/"},"modified":"2025-05-09T11:33:15","modified_gmt":"2025-05-09T17:33:15","slug":"alvaro-gabino-ramirez-martinez-38-anos-en-la-primera-linea-contra-el-paludismo","status":"publish","type":"post","link":"https:\/\/contextoanalisisperiodistico.com\/index.php\/2025\/05\/09\/alvaro-gabino-ramirez-martinez-38-anos-en-la-primera-linea-contra-el-paludismo\/","title":{"rendered":"\u00c1lvaro Gabino Ram\u00edrez Mart\u00ednez: 38 a\u00f1os en la primera l\u00ednea contra el paludismo"},"content":{"rendered":"<div id=\"fb-root\"><\/div>\n\n<p>\u2022 Con un casco amarillo y el compromiso inquebrantable de proteger la salud, combate desde hace casi cuatro d\u00e9cadas al zancudo Anopheles en la Costa oaxaque\u00f1a<\/p>\n\n\n\n<figure class=\"wp-block-image size-large\"><img fetchpriority=\"high\" decoding=\"async\" width=\"1024\" height=\"638\" src=\"https:\/\/contextoanalisisperiodistico.com\/wp-content\/uploads\/2025\/05\/img-20250509-wa00346114162965132571814-1024x638.jpg\" alt=\"\" class=\"wp-image-41162\" srcset=\"https:\/\/contextoanalisisperiodistico.com\/wp-content\/uploads\/2025\/05\/img-20250509-wa00346114162965132571814-1024x638.jpg 1024w, https:\/\/contextoanalisisperiodistico.com\/wp-content\/uploads\/2025\/05\/img-20250509-wa00346114162965132571814-300x187.jpg 300w, https:\/\/contextoanalisisperiodistico.com\/wp-content\/uploads\/2025\/05\/img-20250509-wa00346114162965132571814-768x478.jpg 768w, https:\/\/contextoanalisisperiodistico.com\/wp-content\/uploads\/2025\/05\/img-20250509-wa00346114162965132571814-400x250.jpg 400w, https:\/\/contextoanalisisperiodistico.com\/wp-content\/uploads\/2025\/05\/img-20250509-wa00346114162965132571814.jpg 1280w\" sizes=\"(max-width: 1024px) 100vw, 1024px\" \/><\/figure>\n\n\n\n<figure class=\"wp-block-image\"><img decoding=\"async\" width=\"921\" height=\"1024\" src=\"https:\/\/contextoanalisisperiodistico.com\/wp-content\/uploads\/2025\/05\/img-20250509-wa00334091361756172498880-921x1024.jpg\" alt=\"\" class=\"wp-image-41165\" srcset=\"https:\/\/contextoanalisisperiodistico.com\/wp-content\/uploads\/2025\/05\/img-20250509-wa00334091361756172498880-921x1024.jpg 921w, https:\/\/contextoanalisisperiodistico.com\/wp-content\/uploads\/2025\/05\/img-20250509-wa00334091361756172498880-270x300.jpg 270w, https:\/\/contextoanalisisperiodistico.com\/wp-content\/uploads\/2025\/05\/img-20250509-wa00334091361756172498880-768x854.jpg 768w, https:\/\/contextoanalisisperiodistico.com\/wp-content\/uploads\/2025\/05\/img-20250509-wa00334091361756172498880.jpg 960w\" sizes=\"(max-width: 921px) 100vw, 921px\" \/><\/figure>\n\n\n\n<figure class=\"wp-block-image\"><img decoding=\"async\" width=\"1024\" height=\"723\" src=\"https:\/\/contextoanalisisperiodistico.com\/wp-content\/uploads\/2025\/05\/img-20250509-wa00322904510540633685338-1024x723.jpg\" alt=\"\" class=\"wp-image-41164\" srcset=\"https:\/\/contextoanalisisperiodistico.com\/wp-content\/uploads\/2025\/05\/img-20250509-wa00322904510540633685338-1024x723.jpg 1024w, https:\/\/contextoanalisisperiodistico.com\/wp-content\/uploads\/2025\/05\/img-20250509-wa00322904510540633685338-300x212.jpg 300w, https:\/\/contextoanalisisperiodistico.com\/wp-content\/uploads\/2025\/05\/img-20250509-wa00322904510540633685338-768x542.jpg 768w, https:\/\/contextoanalisisperiodistico.com\/wp-content\/uploads\/2025\/05\/img-20250509-wa00322904510540633685338.jpg 1280w\" sizes=\"(max-width: 1024px) 100vw, 1024px\" \/><\/figure>\n\n\n\n<figure class=\"wp-block-image\"><img loading=\"lazy\" decoding=\"async\" width=\"1024\" height=\"768\" src=\"https:\/\/contextoanalisisperiodistico.com\/wp-content\/uploads\/2025\/05\/img-20250509-wa00319044850781105695496-1024x768.jpg\" alt=\"\" class=\"wp-image-41163\" srcset=\"https:\/\/contextoanalisisperiodistico.com\/wp-content\/uploads\/2025\/05\/img-20250509-wa00319044850781105695496-1024x768.jpg 1024w, https:\/\/contextoanalisisperiodistico.com\/wp-content\/uploads\/2025\/05\/img-20250509-wa00319044850781105695496-300x225.jpg 300w, https:\/\/contextoanalisisperiodistico.com\/wp-content\/uploads\/2025\/05\/img-20250509-wa00319044850781105695496-768x576.jpg 768w, https:\/\/contextoanalisisperiodistico.com\/wp-content\/uploads\/2025\/05\/img-20250509-wa00319044850781105695496.jpg 1040w\" sizes=\"(max-width: 1024px) 100vw, 1024px\" \/><\/figure>\n\n\n\n<p>Oaxaca de Ju\u00e1rez, Oax., 9 de mayo de 2025.- En cada paso que da, \u00c1lvaro Gabino Ram\u00edrez Mart\u00ednez lleva consigo la experiencia de 38 a\u00f1os enfrentando a un enemigo microsc\u00f3pico de la salud p\u00fablica: el paludismo. En la Jurisdicci\u00f3n Sanitaria 4 Costa, su presencia con casco amarillo y uniforme beige ya es sin\u00f3nimo de compromiso, conocimiento y entrega.<\/p>\n\n\n\n<p>Originario de Ocotl\u00e1n de Morelos, padre de tres hijos profesionistas y con 58 a\u00f1os de edad, \u00c1lvaro es actualmente encargado del Componente de Paludismo en esta demarcaci\u00f3n perteneciente a Servicios de Salud de Oaxaca (SSO).<\/p>\n\n\n\n<p>Su historia comenz\u00f3 en 1987, en San Miguel del Puerto y Santa Mar\u00eda Huatulco, cuando ingres\u00f3 al Departamento de Vectores como t\u00e9cnico en programas de salud. Desde entonces, su trayectoria ha sido ascendente, pasando por jefaturas de brigada, sector y distrito, hasta convertirse en pieza clave en la planificaci\u00f3n y operaci\u00f3n de estrategias para combatir esta enfermedad transmitida por el mosquito Anopheles.<\/p>\n\n\n\n<p>\u201cNuestra trinchera est\u00e1 en el campo, en las comunidades, en los hogares. Cambiar h\u00e1bitos y eliminar criaderos es salvar vidas\u201d, asegura \u00c1lvaro, quien ha recorrido durante a\u00f1os kil\u00f3metros de distancia para cruzar r\u00edos y arroyos en las zonas m\u00e1s apartadas, para combatir al zancudo.<\/p>\n\n\n\n<p>El paludismo, causado por el par\u00e1sito Plasmodium, provoca fiebre, escalofr\u00edos, v\u00f3mito y dolor de cabeza. Si no se trata a tiempo, puede generar la muerte. En este 2025, gracias al trabajo de brigadas como la suya, la regi\u00f3n Costa mantiene cero casos activos, un logro que habla de disciplina, perseverancia y trabajo en equipo.<\/p>\n\n\n\n<p>M\u00e1s all\u00e1 del rociado, muestreo larvario o mapeo de criaderos, Ram\u00edrez Mart\u00ednez destaca el poder de la concientizaci\u00f3n comunitaria: \u201cNo es solo fumigar, es ense\u00f1ar, acompa\u00f1ar, generar conciencia. Sin la gente, no hay programa que funcione\u201d, precis\u00f3.<\/p>\n\n\n\n<p>Durante casi cuatro d\u00e9cadas, ha sido testigo de c\u00f3mo el paludismo ha cedido terreno ante estrategias basadas en evidencia, actualizaciones t\u00e9cnicas permanentes y el trabajo articulado con autoridades municipales, estatales y federales.<\/p>\n\n\n\n<p>Su experiencia ha contribuido a fortalecer el Programa de Enfermedades Transmitidas por Vector, con propuestas innovadoras que hoy forman parte de los planes operativos anuales.<\/p>\n\n\n\n<p>Su convicci\u00f3n sigue intacta 38 a\u00f1os despu\u00e9s. \u201cMientras haya riesgo, no podemos bajar la guardia. Nuestra meta es clara: mantener el paludismo lejos de nuestras comunidades\u201d, afirma con la serenidad de quien ha cumplido, d\u00eda tras d\u00eda, con la misi\u00f3n de proteger la vida.<\/p>\n\n\n\n<p>En cada comunidad que visita, en cada conversaci\u00f3n que sostiene con pobladores, \u00c1lvaro Gabino Ram\u00edrez deja una huella: la del servidor p\u00fablico que convirti\u00f3 su vocaci\u00f3n en una causa de vida.<\/p>\n\n\n\n<p>-0-<\/p>\n","protected":false},"excerpt":{"rendered":"<p>\u2022 Con un casco amarillo y el compromiso inquebrantable de proteger la salud, combate desde&#8230;<\/p>\n","protected":false},"author":4,"featured_media":41161,"comment_status":"","ping_status":"open","sticky":false,"template":"","format":"standard","meta":{"footnotes":""},"categories":[92],"tags":[],"jetpack_sharing_enabled":true,"featured_image_urls":{"full":["https:\/\/contextoanalisisperiodistico.com\/wp-content\/uploads\/2025\/05\/IMG-20250509-WA0035.jpg",960,1280,false],"thumbnail":["https:\/\/contextoanalisisperiodistico.com\/wp-content\/uploads\/2025\/05\/IMG-20250509-WA0035-150x150.jpg",150,150,true],"medium":["https:\/\/contextoanalisisperiodistico.com\/wp-content\/uploads\/2025\/05\/IMG-20250509-WA0035-225x300.jpg",225,300,true],"medium_large":["https:\/\/contextoanalisisperiodistico.com\/wp-content\/uploads\/2025\/05\/IMG-20250509-WA0035-768x1024.jpg",640,853,true],"large":["https:\/\/contextoanalisisperiodistico.com\/wp-content\/uploads\/2025\/05\/IMG-20250509-WA0035-768x1024.jpg",640,853,true],"1536x1536":["https:\/\/contextoanalisisperiodistico.com\/wp-content\/uploads\/2025\/05\/IMG-20250509-WA0035.jpg",960,1280,false],"2048x2048":["https:\/\/contextoanalisisperiodistico.com\/wp-content\/uploads\/2025\/05\/IMG-20250509-WA0035.jpg",960,1280,false],"covernews-slider-full":["https:\/\/contextoanalisisperiodistico.com\/wp-content\/uploads\/2025\/05\/IMG-20250509-WA0035-960x715.jpg",960,715,true],"covernews-slider-center":["https:\/\/contextoanalisisperiodistico.com\/wp-content\/uploads\/2025\/05\/IMG-20250509-WA0035-800x500.jpg",800,500,true],"covernews-featured":["https:\/\/contextoanalisisperiodistico.com\/wp-content\/uploads\/2025\/05\/IMG-20250509-WA0035.jpg",960,1280,false],"covernews-medium":["https:\/\/contextoanalisisperiodistico.com\/wp-content\/uploads\/2025\/05\/IMG-20250509-WA0035-540x340.jpg",540,340,true],"covernews-medium-square":["https:\/\/contextoanalisisperiodistico.com\/wp-content\/uploads\/2025\/05\/IMG-20250509-WA0035-400x250.jpg",400,250,true]},"author_info":{"display_name":"Mario Gir\u00f3n","author_link":"https:\/\/contextoanalisisperiodistico.com\/index.php\/author\/director\/"},"category_info":"<a href=\"https:\/\/contextoanalisisperiodistico.com\/index.php\/category\/salud\/\" rel=\"category tag\">Salud<\/a>","tag_info":"Salud","comment_count":"0","jetpack_featured_media_url":"https:\/\/contextoanalisisperiodistico.com\/wp-content\/uploads\/2025\/05\/IMG-20250509-WA0035.jpg","_links":{"self":[{"href":"https:\/\/contextoanalisisperiodistico.com\/index.php\/wp-json\/wp\/v2\/posts\/41166"}],"collection":[{"href":"https:\/\/contextoanalisisperiodistico.com\/index.php\/wp-json\/wp\/v2\/posts"}],"about":[{"href":"https:\/\/contextoanalisisperiodistico.com\/index.php\/wp-json\/wp\/v2\/types\/post"}],"author":[{"embeddable":true,"href":"https:\/\/contextoanalisisperiodistico.com\/index.php\/wp-json\/wp\/v2\/users\/4"}],"replies":[{"embeddable":true,"href":"https:\/\/contextoanalisisperiodistico.com\/index.php\/wp-json\/wp\/v2\/comments?post=41166"}],"version-history":[{"count":0,"href":"https:\/\/contextoanalisisperiodistico.com\/index.php\/wp-json\/wp\/v2\/posts\/41166\/revisions"}],"wp:featuredmedia":[{"embeddable":true,"href":"https:\/\/contextoanalisisperiodistico.com\/index.php\/wp-json\/wp\/v2\/media\/41161"}],"wp:attachment":[{"href":"https:\/\/contextoanalisisperiodistico.com\/index.php\/wp-json\/wp\/v2\/media?parent=41166"}],"wp:term":[{"taxonomy":"category","embeddable":true,"href":"https:\/\/contextoanalisisperiodistico.com\/index.php\/wp-json\/wp\/v2\/categories?post=41166"},{"taxonomy":"post_tag","embeddable":true,"href":"https:\/\/contextoanalisisperiodistico.com\/index.php\/wp-json\/wp\/v2\/tags?post=41166"}],"curies":[{"name":"wp","href":"https:\/\/api.w.org\/{rel}","templated":true}]}}