{"id":41141,"date":"2025-05-08T18:55:00","date_gmt":"2025-05-09T00:55:00","guid":{"rendered":"https:\/\/contextoanalisisperiodistico.com\/index.php\/2025\/05\/08\/policia-municipal-detiene-a-persona-por-presunto-delito-contra-el-ambiente-y-la-gestion-ambiental\/"},"modified":"2025-05-08T18:55:00","modified_gmt":"2025-05-09T00:55:00","slug":"policia-municipal-detiene-a-persona-por-presunto-delito-contra-el-ambiente-y-la-gestion-ambiental","status":"publish","type":"post","link":"https:\/\/contextoanalisisperiodistico.com\/index.php\/2025\/05\/08\/policia-municipal-detiene-a-persona-por-presunto-delito-contra-el-ambiente-y-la-gestion-ambiental\/","title":{"rendered":"Polic\u00eda Municipal detiene a persona por presunto delito contra el ambiente y la gesti\u00f3n ambiental"},"content":{"rendered":"<div id=\"fb-root\"><\/div>\n\n<p>Oaxaca de Ju\u00e1rez, Oax., 08 de mayo de 2025.- Personal de la Secretar\u00eda de Seguridad Vecinal efectu\u00f3 la detenci\u00f3n de una persona al ser se\u00f1alada como presunta responsable del delito de delitos contra el ambiente y la gesti\u00f3n ambiental de la biodiversidad.<\/p>\n\n\n\n<p>La intervenci\u00f3n se realiz\u00f3 este jueves a las 11:00 horas cuando elementos de la Direcci\u00f3n de Proximidad Social aplicaban un operativo de prevenci\u00f3n, disuasi\u00f3n y vigilancia en el barrio del Ex Marquesado.<\/p>\n\n\n\n<p>Al circular por las calles Ni\u00f1os H\u00e9roes y Francisco M\u00e1rquez, una persona que se identific\u00f3 como inspector de la Procuradur\u00eda Federal de Protecci\u00f3n al Ambiente (Profepa), les solicit\u00f3 apoyo para inspeccionar una camioneta, ya que al caminar cerca de \u00e9sta, escuch\u00f3 el canto de algunos polluelos de loro.<\/p>\n\n\n\n<p>Al acercarse a la camioneta Ford Explorer, color blanco, con placas de circulaci\u00f3n del estado de Coahuila, observaron que el conductor descendi\u00f3 y se qued\u00f3 cerca del veh\u00edculo.<\/p>\n\n\n\n<p>Al interior de la camioneta hallaron dos cajas grandes, donde se encontraba una guacamaya roja y 4 polluelos de loro.<\/p>\n\n\n\n<p>Por esa raz\u00f3n, procedieron a la detenci\u00f3n del conductor, quien dijo llamarse Radames C. S., de 41 a\u00f1os de edad, quien junto con el veh\u00edculo y los animales rescatados quedaron a disposici\u00f3n de la Profepa para determinar su situaci\u00f3n jur\u00eddica.<\/p>\n\n\n\n<figure class=\"wp-block-image size-large\"><img fetchpriority=\"high\" decoding=\"async\" width=\"1024\" height=\"771\" src=\"https:\/\/contextoanalisisperiodistico.com\/wp-content\/uploads\/2025\/05\/img-20250508-wa0171655206792695615120-1024x771.jpg\" alt=\"\" class=\"wp-image-41138\" srcset=\"https:\/\/contextoanalisisperiodistico.com\/wp-content\/uploads\/2025\/05\/img-20250508-wa0171655206792695615120-1024x771.jpg 1024w, https:\/\/contextoanalisisperiodistico.com\/wp-content\/uploads\/2025\/05\/img-20250508-wa0171655206792695615120-300x226.jpg 300w, https:\/\/contextoanalisisperiodistico.com\/wp-content\/uploads\/2025\/05\/img-20250508-wa0171655206792695615120-768x578.jpg 768w, https:\/\/contextoanalisisperiodistico.com\/wp-content\/uploads\/2025\/05\/img-20250508-wa0171655206792695615120-1536x1156.jpg 1536w, https:\/\/contextoanalisisperiodistico.com\/wp-content\/uploads\/2025\/05\/img-20250508-wa0171655206792695615120.jpg 1600w\" sizes=\"(max-width: 1024px) 100vw, 1024px\" \/><\/figure>\n\n\n\n<figure class=\"wp-block-image\"><img decoding=\"async\" width=\"1024\" height=\"768\" src=\"https:\/\/contextoanalisisperiodistico.com\/wp-content\/uploads\/2025\/05\/img-20250508-wa01735594780982640376093-1024x768.jpg\" alt=\"\" class=\"wp-image-41139\" srcset=\"https:\/\/contextoanalisisperiodistico.com\/wp-content\/uploads\/2025\/05\/img-20250508-wa01735594780982640376093-1024x768.jpg 1024w, https:\/\/contextoanalisisperiodistico.com\/wp-content\/uploads\/2025\/05\/img-20250508-wa01735594780982640376093-300x225.jpg 300w, https:\/\/contextoanalisisperiodistico.com\/wp-content\/uploads\/2025\/05\/img-20250508-wa01735594780982640376093-768x576.jpg 768w, https:\/\/contextoanalisisperiodistico.com\/wp-content\/uploads\/2025\/05\/img-20250508-wa01735594780982640376093-1536x1152.jpg 1536w, https:\/\/contextoanalisisperiodistico.com\/wp-content\/uploads\/2025\/05\/img-20250508-wa01735594780982640376093.jpg 1600w\" sizes=\"(max-width: 1024px) 100vw, 1024px\" \/><\/figure>\n\n\n\n<figure class=\"wp-block-image\"><img decoding=\"async\" width=\"1024\" height=\"768\" src=\"https:\/\/contextoanalisisperiodistico.com\/wp-content\/uploads\/2025\/05\/img-20250508-wa017236081356987228313-1024x768.jpg\" alt=\"\" class=\"wp-image-41140\" srcset=\"https:\/\/contextoanalisisperiodistico.com\/wp-content\/uploads\/2025\/05\/img-20250508-wa017236081356987228313-1024x768.jpg 1024w, https:\/\/contextoanalisisperiodistico.com\/wp-content\/uploads\/2025\/05\/img-20250508-wa017236081356987228313-300x225.jpg 300w, https:\/\/contextoanalisisperiodistico.com\/wp-content\/uploads\/2025\/05\/img-20250508-wa017236081356987228313-768x576.jpg 768w, https:\/\/contextoanalisisperiodistico.com\/wp-content\/uploads\/2025\/05\/img-20250508-wa017236081356987228313-1536x1152.jpg 1536w, https:\/\/contextoanalisisperiodistico.com\/wp-content\/uploads\/2025\/05\/img-20250508-wa017236081356987228313.jpg 1600w\" sizes=\"(max-width: 1024px) 100vw, 1024px\" \/><\/figure>\n","protected":false},"excerpt":{"rendered":"<p>Oaxaca de Ju\u00e1rez, Oax., 08 de mayo de 2025.- Personal de la Secretar\u00eda de Seguridad&#8230;<\/p>\n","protected":false},"author":4,"featured_media":41137,"comment_status":"","ping_status":"open","sticky":false,"template":"","format":"standard","meta":{"footnotes":""},"categories":[10],"tags":[178,235,234,45],"jetpack_sharing_enabled":true,"featured_image_urls":{"full":["https:\/\/contextoanalisisperiodistico.com\/wp-content\/uploads\/2025\/05\/IMG-20250508-WA0170.jpg",740,827,false],"thumbnail":["https:\/\/contextoanalisisperiodistico.com\/wp-content\/uploads\/2025\/05\/IMG-20250508-WA0170-150x150.jpg",150,150,true],"medium":["https:\/\/contextoanalisisperiodistico.com\/wp-content\/uploads\/2025\/05\/IMG-20250508-WA0170-268x300.jpg",268,300,true],"medium_large":["https:\/\/contextoanalisisperiodistico.com\/wp-content\/uploads\/2025\/05\/IMG-20250508-WA0170.jpg",640,715,false],"large":["https:\/\/contextoanalisisperiodistico.com\/wp-content\/uploads\/2025\/05\/IMG-20250508-WA0170.jpg",640,715,false],"1536x1536":["https:\/\/contextoanalisisperiodistico.com\/wp-content\/uploads\/2025\/05\/IMG-20250508-WA0170.jpg",740,827,false],"2048x2048":["https:\/\/contextoanalisisperiodistico.com\/wp-content\/uploads\/2025\/05\/IMG-20250508-WA0170.jpg",740,827,false],"covernews-slider-full":["https:\/\/contextoanalisisperiodistico.com\/wp-content\/uploads\/2025\/05\/IMG-20250508-WA0170-740x715.jpg",740,715,true],"covernews-slider-center":["https:\/\/contextoanalisisperiodistico.com\/wp-content\/uploads\/2025\/05\/IMG-20250508-WA0170-740x500.jpg",740,500,true],"covernews-featured":["https:\/\/contextoanalisisperiodistico.com\/wp-content\/uploads\/2025\/05\/IMG-20250508-WA0170.jpg",740,827,false],"covernews-medium":["https:\/\/contextoanalisisperiodistico.com\/wp-content\/uploads\/2025\/05\/IMG-20250508-WA0170-540x340.jpg",540,340,true],"covernews-medium-square":["https:\/\/contextoanalisisperiodistico.com\/wp-content\/uploads\/2025\/05\/IMG-20250508-WA0170-400x250.jpg",400,250,true]},"author_info":{"display_name":"Mario Gir\u00f3n","author_link":"https:\/\/contextoanalisisperiodistico.com\/index.php\/author\/director\/"},"category_info":"<a href=\"https:\/\/contextoanalisisperiodistico.com\/index.php\/category\/seguridad\/\" rel=\"category tag\">Seguridad<\/a>","tag_info":"Seguridad","comment_count":"0","jetpack_featured_media_url":"https:\/\/contextoanalisisperiodistico.com\/wp-content\/uploads\/2025\/05\/IMG-20250508-WA0170.jpg","_links":{"self":[{"href":"https:\/\/contextoanalisisperiodistico.com\/index.php\/wp-json\/wp\/v2\/posts\/41141"}],"collection":[{"href":"https:\/\/contextoanalisisperiodistico.com\/index.php\/wp-json\/wp\/v2\/posts"}],"about":[{"href":"https:\/\/contextoanalisisperiodistico.com\/index.php\/wp-json\/wp\/v2\/types\/post"}],"author":[{"embeddable":true,"href":"https:\/\/contextoanalisisperiodistico.com\/index.php\/wp-json\/wp\/v2\/users\/4"}],"replies":[{"embeddable":true,"href":"https:\/\/contextoanalisisperiodistico.com\/index.php\/wp-json\/wp\/v2\/comments?post=41141"}],"version-history":[{"count":0,"href":"https:\/\/contextoanalisisperiodistico.com\/index.php\/wp-json\/wp\/v2\/posts\/41141\/revisions"}],"wp:featuredmedia":[{"embeddable":true,"href":"https:\/\/contextoanalisisperiodistico.com\/index.php\/wp-json\/wp\/v2\/media\/41137"}],"wp:attachment":[{"href":"https:\/\/contextoanalisisperiodistico.com\/index.php\/wp-json\/wp\/v2\/media?parent=41141"}],"wp:term":[{"taxonomy":"category","embeddable":true,"href":"https:\/\/contextoanalisisperiodistico.com\/index.php\/wp-json\/wp\/v2\/categories?post=41141"},{"taxonomy":"post_tag","embeddable":true,"href":"https:\/\/contextoanalisisperiodistico.com\/index.php\/wp-json\/wp\/v2\/tags?post=41141"}],"curies":[{"name":"wp","href":"https:\/\/api.w.org\/{rel}","templated":true}]}}