{"id":41085,"date":"2025-05-08T03:11:50","date_gmt":"2025-05-08T09:11:50","guid":{"rendered":"https:\/\/contextoanalisisperiodistico.com\/index.php\/2025\/05\/08\/atiende-coordinacion-en-oaxaca-de-imss-bienestar-a-sindicalizados-del-hospital-dr-aurelio-valdivieso\/"},"modified":"2025-05-08T03:14:15","modified_gmt":"2025-05-08T09:14:15","slug":"atiende-coordinacion-en-oaxaca-de-imss-bienestar-a-sindicalizados-del-hospital-dr-aurelio-valdivieso","status":"publish","type":"post","link":"https:\/\/contextoanalisisperiodistico.com\/index.php\/2025\/05\/08\/atiende-coordinacion-en-oaxaca-de-imss-bienestar-a-sindicalizados-del-hospital-dr-aurelio-valdivieso\/","title":{"rendered":"Atiende Coordinaci\u00f3n en Oaxaca de IMSS-Bienestar a sindicalizados del Hospital Dr. Aurelio Valdivieso"},"content":{"rendered":"<div id=\"fb-root\"><\/div>\n\n<p>\u2022 Los servicios m\u00e9dicos a la poblaci\u00f3n no se han interrumpido, se desarrollan con normalidad en todas sus \u00e1reas<br \/>\u2022 Se analiza pliego de tres puntos con temas de car\u00e1cter administrativo<\/p>\n\n\n\n<p>San Bartolo Coyotepec, Oax. 7 de mayo de 2025.- Ante la protesta por parte del personal del Hospital General Dr. Aurelio Valdivieso, la Coordinaci\u00f3n Estatal del IMSS-Bienestar Oaxaca inform\u00f3 que sostuvo una mesa de trabajo con la representaci\u00f3n de la Secci\u00f3n 35 y la Subsecci\u00f3n 07 del Sindicato Nacional de Trabajadores de la Secretar\u00eda de Salud (SNTSA), para atender sus planteamientos.<\/p>\n\n\n\n<p>Precis\u00f3 que la atenci\u00f3n m\u00e9dica a la poblaci\u00f3n no se ha interrumpido, y se desarrolla con normalidad en todas sus \u00e1reas.<\/p>\n\n\n\n<p>La encargada de la Coordinaci\u00f3n en el estado, Elia Mart\u00ednez S\u00e1nchez expuso que el pliego de peticiones de las y los trabajadores, que est\u00e1 compuesto de tres puntos con temas de car\u00e1cter administrativo, ser\u00e1 analizado por esta instituci\u00f3n federal para brindar a la brevedad, la respuesta y atenci\u00f3n correspondiente.<\/p>\n\n\n\n<p>Se\u00f1al\u00f3 que, ante la toma de la Direcci\u00f3n General de este Hospital, el Cuerpo de Gobierno Transitorio \u2013 Docente contin\u00faa al frente de la administraci\u00f3n de la unidad m\u00e9dica.<\/p>\n\n\n\n<p>-0-<\/p>\n\n\n\n<p><\/p>\n","protected":false},"excerpt":{"rendered":"<p>\u2022 Los servicios m\u00e9dicos a la poblaci\u00f3n no se han interrumpido, se desarrollan con normalidad&#8230;<\/p>\n","protected":false},"author":4,"featured_media":41084,"comment_status":"closed","ping_status":"open","sticky":false,"template":"","format":"standard","meta":{"footnotes":""},"categories":[92],"tags":[],"jetpack_sharing_enabled":true,"featured_image_urls":{"full":["https:\/\/contextoanalisisperiodistico.com\/wp-content\/uploads\/2025\/05\/IMG-20250409-WA0160.jpg",1280,316,false],"thumbnail":["https:\/\/contextoanalisisperiodistico.com\/wp-content\/uploads\/2025\/05\/IMG-20250409-WA0160-150x150.jpg",150,150,true],"medium":["https:\/\/contextoanalisisperiodistico.com\/wp-content\/uploads\/2025\/05\/IMG-20250409-WA0160-300x74.jpg",300,74,true],"medium_large":["https:\/\/contextoanalisisperiodistico.com\/wp-content\/uploads\/2025\/05\/IMG-20250409-WA0160-768x190.jpg",640,158,true],"large":["https:\/\/contextoanalisisperiodistico.com\/wp-content\/uploads\/2025\/05\/IMG-20250409-WA0160-1024x253.jpg",640,158,true],"1536x1536":["https:\/\/contextoanalisisperiodistico.com\/wp-content\/uploads\/2025\/05\/IMG-20250409-WA0160.jpg",1280,316,false],"2048x2048":["https:\/\/contextoanalisisperiodistico.com\/wp-content\/uploads\/2025\/05\/IMG-20250409-WA0160.jpg",1280,316,false],"covernews-slider-full":["https:\/\/contextoanalisisperiodistico.com\/wp-content\/uploads\/2025\/05\/IMG-20250409-WA0160-1115x316.jpg",1115,316,true],"covernews-slider-center":["https:\/\/contextoanalisisperiodistico.com\/wp-content\/uploads\/2025\/05\/IMG-20250409-WA0160-800x316.jpg",800,316,true],"covernews-featured":["https:\/\/contextoanalisisperiodistico.com\/wp-content\/uploads\/2025\/05\/IMG-20250409-WA0160-1024x253.jpg",1024,253,true],"covernews-medium":["https:\/\/contextoanalisisperiodistico.com\/wp-content\/uploads\/2025\/05\/IMG-20250409-WA0160-540x316.jpg",540,316,true],"covernews-medium-square":["https:\/\/contextoanalisisperiodistico.com\/wp-content\/uploads\/2025\/05\/IMG-20250409-WA0160-400x250.jpg",400,250,true]},"author_info":{"display_name":"Mario Gir\u00f3n","author_link":"https:\/\/contextoanalisisperiodistico.com\/index.php\/author\/director\/"},"category_info":"<a href=\"https:\/\/contextoanalisisperiodistico.com\/index.php\/category\/salud\/\" rel=\"category tag\">Salud<\/a>","tag_info":"Salud","comment_count":"0","jetpack_featured_media_url":"https:\/\/contextoanalisisperiodistico.com\/wp-content\/uploads\/2025\/05\/IMG-20250409-WA0160.jpg","_links":{"self":[{"href":"https:\/\/contextoanalisisperiodistico.com\/index.php\/wp-json\/wp\/v2\/posts\/41085"}],"collection":[{"href":"https:\/\/contextoanalisisperiodistico.com\/index.php\/wp-json\/wp\/v2\/posts"}],"about":[{"href":"https:\/\/contextoanalisisperiodistico.com\/index.php\/wp-json\/wp\/v2\/types\/post"}],"author":[{"embeddable":true,"href":"https:\/\/contextoanalisisperiodistico.com\/index.php\/wp-json\/wp\/v2\/users\/4"}],"replies":[{"embeddable":true,"href":"https:\/\/contextoanalisisperiodistico.com\/index.php\/wp-json\/wp\/v2\/comments?post=41085"}],"version-history":[{"count":1,"href":"https:\/\/contextoanalisisperiodistico.com\/index.php\/wp-json\/wp\/v2\/posts\/41085\/revisions"}],"predecessor-version":[{"id":41086,"href":"https:\/\/contextoanalisisperiodistico.com\/index.php\/wp-json\/wp\/v2\/posts\/41085\/revisions\/41086"}],"wp:featuredmedia":[{"embeddable":true,"href":"https:\/\/contextoanalisisperiodistico.com\/index.php\/wp-json\/wp\/v2\/media\/41084"}],"wp:attachment":[{"href":"https:\/\/contextoanalisisperiodistico.com\/index.php\/wp-json\/wp\/v2\/media?parent=41085"}],"wp:term":[{"taxonomy":"category","embeddable":true,"href":"https:\/\/contextoanalisisperiodistico.com\/index.php\/wp-json\/wp\/v2\/categories?post=41085"},{"taxonomy":"post_tag","embeddable":true,"href":"https:\/\/contextoanalisisperiodistico.com\/index.php\/wp-json\/wp\/v2\/tags?post=41085"}],"curies":[{"name":"wp","href":"https:\/\/api.w.org\/{rel}","templated":true}]}}