{"id":41083,"date":"2025-05-07T18:40:24","date_gmt":"2025-05-08T00:40:24","guid":{"rendered":"https:\/\/contextoanalisisperiodistico.com\/index.php\/2025\/05\/07\/contabiliza-sso-oaxaca-19-casos-de-dengue\/"},"modified":"2025-05-07T18:40:24","modified_gmt":"2025-05-08T00:40:24","slug":"contabiliza-sso-oaxaca-19-casos-de-dengue","status":"publish","type":"post","link":"https:\/\/contextoanalisisperiodistico.com\/index.php\/2025\/05\/07\/contabiliza-sso-oaxaca-19-casos-de-dengue\/","title":{"rendered":"Contabiliza SSO Oaxaca 19 casos de dengue"},"content":{"rendered":"<div id=\"fb-root\"><\/div>\n\n<p>\u2022 Ante las lluvias, fundamental mantener la limpieza en viviendas y patios<\/p>\n\n\n\n<figure class=\"wp-block-image size-large\"><img fetchpriority=\"high\" decoding=\"async\" width=\"1024\" height=\"461\" src=\"https:\/\/contextoanalisisperiodistico.com\/wp-content\/uploads\/2025\/05\/img-20250507-wa0143346555390981554436-1024x461.jpg\" alt=\"\" class=\"wp-image-41081\" srcset=\"https:\/\/contextoanalisisperiodistico.com\/wp-content\/uploads\/2025\/05\/img-20250507-wa0143346555390981554436-1024x461.jpg 1024w, https:\/\/contextoanalisisperiodistico.com\/wp-content\/uploads\/2025\/05\/img-20250507-wa0143346555390981554436-300x135.jpg 300w, https:\/\/contextoanalisisperiodistico.com\/wp-content\/uploads\/2025\/05\/img-20250507-wa0143346555390981554436-768x346.jpg 768w, https:\/\/contextoanalisisperiodistico.com\/wp-content\/uploads\/2025\/05\/img-20250507-wa0143346555390981554436.jpg 1280w\" sizes=\"(max-width: 1024px) 100vw, 1024px\" \/><\/figure>\n\n\n\n<figure class=\"wp-block-image\"><img decoding=\"async\" width=\"1024\" height=\"461\" src=\"https:\/\/contextoanalisisperiodistico.com\/wp-content\/uploads\/2025\/05\/img-20250507-wa01427408478728368024300-1024x461.jpg\" alt=\"\" class=\"wp-image-41082\" srcset=\"https:\/\/contextoanalisisperiodistico.com\/wp-content\/uploads\/2025\/05\/img-20250507-wa01427408478728368024300-1024x461.jpg 1024w, https:\/\/contextoanalisisperiodistico.com\/wp-content\/uploads\/2025\/05\/img-20250507-wa01427408478728368024300-300x135.jpg 300w, https:\/\/contextoanalisisperiodistico.com\/wp-content\/uploads\/2025\/05\/img-20250507-wa01427408478728368024300-768x346.jpg 768w, https:\/\/contextoanalisisperiodistico.com\/wp-content\/uploads\/2025\/05\/img-20250507-wa01427408478728368024300.jpg 1280w\" sizes=\"(max-width: 1024px) 100vw, 1024px\" \/><\/figure>\n\n\n\n<p>Oaxaca de Ju\u00e1rez, Oax., 7 de mayo de 2025.\u2013 Servicios de Salud de Oaxaca (SSO) informa que, al corte de la semana epidemiol\u00f3gica n\u00famero 18, se ha confirmado un nuevo caso de dengue en la entidad, acumulando un total de 19 reportes en lo que va del a\u00f1o.<\/p>\n\n\n\n<p>De estos casos, ocho corresponden a Dengue No Grave (DNG), nueve a Dengue con Signos de Alarma (DCSA) y dos a Dengue Grave (DG), sin que hasta el momento se reporten defunciones.<\/p>\n\n\n\n<p>Por Jurisdicci\u00f3n Sanitaria, Tuxtepec registra ocho casos, seguido de Valles Centrales y Costa con cuatro casos cada uno, el Istmo tres, mientras que la Mixteca y Sierra cero casos, sin ninguna defunci\u00f3n<\/p>\n\n\n\n<p>Los municipios afectados incluyen: San Juan Bautista Tuxtepec, Salina Cruz, Santa Mar\u00eda Huatulco, San Pedro Pochutla, Juchit\u00e1n de Zaragoza, Santa Luc\u00eda del Camino, Loma Bonita, San Sebasti\u00e1n Tutla, Santo Domingo Armenta, Villa Sola de Vega, San Juan Colorado y San Francisco Sola.<\/p>\n\n\n\n<p>Ante el inicio de la temporada de lluvias, la instituci\u00f3n hace un llamado a la ciudadan\u00eda para reforzar las acciones de prevenci\u00f3n mediante la estrategia de patio y vivienda limpia, con acciones como: Lavar, Tapar, Voltear y Eliminar aquellos objetos que acumulen agua; deshierbar patios y jardines; no automedicarse y acudir a la unidad m\u00e9dica ante la presencia de s\u00edntomas.<\/p>\n\n\n\n<p>En caso de presentar s\u00edntomas como: fiebre elevada (40\u00baC), dolor de cabeza intenso, en los ojos, muscular y articular, n\u00e1useas, v\u00f3mito o salpullido.<\/p>\n\n\n\n<p>Finalmente, SSO reconoce el esfuerzo y compromiso del personal de vectores en las seis Jurisdicciones Sanitarias del estado, reiterando que en la lucha contra el dengue la participaci\u00f3n de la comunidad es fundamental.<\/p>\n\n\n\n<p>-0-<\/p>\n","protected":false},"excerpt":{"rendered":"<p>\u2022 Ante las lluvias, fundamental mantener la limpieza en viviendas y patios Oaxaca de Ju\u00e1rez,&#8230;<\/p>\n","protected":false},"author":4,"featured_media":41080,"comment_status":"","ping_status":"open","sticky":false,"template":"","format":"standard","meta":{"footnotes":""},"categories":[92],"tags":[],"jetpack_sharing_enabled":true,"featured_image_urls":{"full":["https:\/\/contextoanalisisperiodistico.com\/wp-content\/uploads\/2025\/05\/IMG-20250507-WA0144.jpg",767,1280,false],"thumbnail":["https:\/\/contextoanalisisperiodistico.com\/wp-content\/uploads\/2025\/05\/IMG-20250507-WA0144-150x150.jpg",150,150,true],"medium":["https:\/\/contextoanalisisperiodistico.com\/wp-content\/uploads\/2025\/05\/IMG-20250507-WA0144-180x300.jpg",180,300,true],"medium_large":["https:\/\/contextoanalisisperiodistico.com\/wp-content\/uploads\/2025\/05\/IMG-20250507-WA0144.jpg",640,1068,false],"large":["https:\/\/contextoanalisisperiodistico.com\/wp-content\/uploads\/2025\/05\/IMG-20250507-WA0144-614x1024.jpg",614,1024,true],"1536x1536":["https:\/\/contextoanalisisperiodistico.com\/wp-content\/uploads\/2025\/05\/IMG-20250507-WA0144.jpg",767,1280,false],"2048x2048":["https:\/\/contextoanalisisperiodistico.com\/wp-content\/uploads\/2025\/05\/IMG-20250507-WA0144.jpg",767,1280,false],"covernews-slider-full":["https:\/\/contextoanalisisperiodistico.com\/wp-content\/uploads\/2025\/05\/IMG-20250507-WA0144-767x715.jpg",767,715,true],"covernews-slider-center":["https:\/\/contextoanalisisperiodistico.com\/wp-content\/uploads\/2025\/05\/IMG-20250507-WA0144-767x500.jpg",767,500,true],"covernews-featured":["https:\/\/contextoanalisisperiodistico.com\/wp-content\/uploads\/2025\/05\/IMG-20250507-WA0144.jpg",767,1280,false],"covernews-medium":["https:\/\/contextoanalisisperiodistico.com\/wp-content\/uploads\/2025\/05\/IMG-20250507-WA0144-540x340.jpg",540,340,true],"covernews-medium-square":["https:\/\/contextoanalisisperiodistico.com\/wp-content\/uploads\/2025\/05\/IMG-20250507-WA0144-400x250.jpg",400,250,true]},"author_info":{"display_name":"Mario Gir\u00f3n","author_link":"https:\/\/contextoanalisisperiodistico.com\/index.php\/author\/director\/"},"category_info":"<a href=\"https:\/\/contextoanalisisperiodistico.com\/index.php\/category\/salud\/\" rel=\"category tag\">Salud<\/a>","tag_info":"Salud","comment_count":"0","jetpack_featured_media_url":"https:\/\/contextoanalisisperiodistico.com\/wp-content\/uploads\/2025\/05\/IMG-20250507-WA0144.jpg","_links":{"self":[{"href":"https:\/\/contextoanalisisperiodistico.com\/index.php\/wp-json\/wp\/v2\/posts\/41083"}],"collection":[{"href":"https:\/\/contextoanalisisperiodistico.com\/index.php\/wp-json\/wp\/v2\/posts"}],"about":[{"href":"https:\/\/contextoanalisisperiodistico.com\/index.php\/wp-json\/wp\/v2\/types\/post"}],"author":[{"embeddable":true,"href":"https:\/\/contextoanalisisperiodistico.com\/index.php\/wp-json\/wp\/v2\/users\/4"}],"replies":[{"embeddable":true,"href":"https:\/\/contextoanalisisperiodistico.com\/index.php\/wp-json\/wp\/v2\/comments?post=41083"}],"version-history":[{"count":0,"href":"https:\/\/contextoanalisisperiodistico.com\/index.php\/wp-json\/wp\/v2\/posts\/41083\/revisions"}],"wp:featuredmedia":[{"embeddable":true,"href":"https:\/\/contextoanalisisperiodistico.com\/index.php\/wp-json\/wp\/v2\/media\/41080"}],"wp:attachment":[{"href":"https:\/\/contextoanalisisperiodistico.com\/index.php\/wp-json\/wp\/v2\/media?parent=41083"}],"wp:term":[{"taxonomy":"category","embeddable":true,"href":"https:\/\/contextoanalisisperiodistico.com\/index.php\/wp-json\/wp\/v2\/categories?post=41083"},{"taxonomy":"post_tag","embeddable":true,"href":"https:\/\/contextoanalisisperiodistico.com\/index.php\/wp-json\/wp\/v2\/tags?post=41083"}],"curies":[{"name":"wp","href":"https:\/\/api.w.org\/{rel}","templated":true}]}}