{"id":41079,"date":"2025-05-07T16:01:15","date_gmt":"2025-05-07T22:01:15","guid":{"rendered":"https:\/\/contextoanalisisperiodistico.com\/index.php\/2025\/05\/07\/policia-municipal-de-oaxaca-de-juarez-identifica-y-detiene-a-presunto-cristalero\/"},"modified":"2025-05-07T16:01:15","modified_gmt":"2025-05-07T22:01:15","slug":"policia-municipal-de-oaxaca-de-juarez-identifica-y-detiene-a-presunto-cristalero","status":"publish","type":"post","link":"https:\/\/contextoanalisisperiodistico.com\/index.php\/2025\/05\/07\/policia-municipal-de-oaxaca-de-juarez-identifica-y-detiene-a-presunto-cristalero\/","title":{"rendered":"Polic\u00eda Municipal de Oaxaca de Ju\u00e1rez, identifica y detiene a presunto cristalero"},"content":{"rendered":"<div id=\"fb-root\"><\/div>\n\n<p>Oaxaca de Ju\u00e1rez, Oax., 07 de mayo de 2025.- Personal de la Secretar\u00eda de Seguridad Vecinal efectu\u00f3 la detenci\u00f3n de una persona presuntamente dedicada al robo en su modalidad de cristalazo a unidad de motor, mismo que fue consignado a la Fiscal\u00eda General del Estado.<\/p>\n\n\n\n<p>Este mi\u00e9rcoles a las 14:10 horas, elementos de la Direcci\u00f3n de Proximidad Social adscritos a la Unidad de Investigaci\u00f3n realizaban labores de campo y gabinete luego de un video difundido en redes sociales sobre un robo en su modalidad de cristalazo.<\/p>\n\n\n\n<p>Al circular en la calle de Las Casas esquina con Victoria, observaron a una persona con las mismas caracter\u00edsticas de las del video, mismo que al notar su presencia asumi\u00f3 una actitud evasiva.<\/p>\n\n\n\n<p>Debido a ello, lo abordaron y solicitaron una inspecci\u00f3n precautoria a su persona y la mochila que portaba en la espalda.<\/p>\n\n\n\n<p>Sin embargo, se comport\u00f3 de manera agresiva y comenz\u00f3 a insultar a los elementos, debido a ello, fue controlado y dijo llamarse Alan A. G. R., de 24 a\u00f1os de edad, quien fue consignado a la Fiscal\u00eda General del Estado como presunto responsable del delito de resistencia de particulares.<\/p>\n\n\n\n<p>Con estas acciones, la Secretar\u00eda de Seguridad Vecinal garantiza la seguridad de las vecinas y vecinos de Oaxaca de Ju\u00e1rez.<\/p>\n","protected":false},"excerpt":{"rendered":"<p>Oaxaca de Ju\u00e1rez, Oax., 07 de mayo de 2025.- Personal de la Secretar\u00eda de Seguridad&#8230;<\/p>\n","protected":false},"author":4,"featured_media":41078,"comment_status":"","ping_status":"open","sticky":false,"template":"","format":"standard","meta":{"footnotes":""},"categories":[10],"tags":[178,235,234,45],"jetpack_sharing_enabled":true,"featured_image_urls":{"full":["https:\/\/contextoanalisisperiodistico.com\/wp-content\/uploads\/2025\/05\/IMG-20250507-WA0101.jpg",853,1095,false],"thumbnail":["https:\/\/contextoanalisisperiodistico.com\/wp-content\/uploads\/2025\/05\/IMG-20250507-WA0101-150x150.jpg",150,150,true],"medium":["https:\/\/contextoanalisisperiodistico.com\/wp-content\/uploads\/2025\/05\/IMG-20250507-WA0101-234x300.jpg",234,300,true],"medium_large":["https:\/\/contextoanalisisperiodistico.com\/wp-content\/uploads\/2025\/05\/IMG-20250507-WA0101-768x986.jpg",640,822,true],"large":["https:\/\/contextoanalisisperiodistico.com\/wp-content\/uploads\/2025\/05\/IMG-20250507-WA0101-798x1024.jpg",640,821,true],"1536x1536":["https:\/\/contextoanalisisperiodistico.com\/wp-content\/uploads\/2025\/05\/IMG-20250507-WA0101.jpg",853,1095,false],"2048x2048":["https:\/\/contextoanalisisperiodistico.com\/wp-content\/uploads\/2025\/05\/IMG-20250507-WA0101.jpg",853,1095,false],"covernews-slider-full":["https:\/\/contextoanalisisperiodistico.com\/wp-content\/uploads\/2025\/05\/IMG-20250507-WA0101-853x715.jpg",853,715,true],"covernews-slider-center":["https:\/\/contextoanalisisperiodistico.com\/wp-content\/uploads\/2025\/05\/IMG-20250507-WA0101-800x500.jpg",800,500,true],"covernews-featured":["https:\/\/contextoanalisisperiodistico.com\/wp-content\/uploads\/2025\/05\/IMG-20250507-WA0101.jpg",853,1095,false],"covernews-medium":["https:\/\/contextoanalisisperiodistico.com\/wp-content\/uploads\/2025\/05\/IMG-20250507-WA0101-540x340.jpg",540,340,true],"covernews-medium-square":["https:\/\/contextoanalisisperiodistico.com\/wp-content\/uploads\/2025\/05\/IMG-20250507-WA0101-400x250.jpg",400,250,true]},"author_info":{"display_name":"Mario Gir\u00f3n","author_link":"https:\/\/contextoanalisisperiodistico.com\/index.php\/author\/director\/"},"category_info":"<a href=\"https:\/\/contextoanalisisperiodistico.com\/index.php\/category\/seguridad\/\" rel=\"category tag\">Seguridad<\/a>","tag_info":"Seguridad","comment_count":"0","jetpack_featured_media_url":"https:\/\/contextoanalisisperiodistico.com\/wp-content\/uploads\/2025\/05\/IMG-20250507-WA0101.jpg","_links":{"self":[{"href":"https:\/\/contextoanalisisperiodistico.com\/index.php\/wp-json\/wp\/v2\/posts\/41079"}],"collection":[{"href":"https:\/\/contextoanalisisperiodistico.com\/index.php\/wp-json\/wp\/v2\/posts"}],"about":[{"href":"https:\/\/contextoanalisisperiodistico.com\/index.php\/wp-json\/wp\/v2\/types\/post"}],"author":[{"embeddable":true,"href":"https:\/\/contextoanalisisperiodistico.com\/index.php\/wp-json\/wp\/v2\/users\/4"}],"replies":[{"embeddable":true,"href":"https:\/\/contextoanalisisperiodistico.com\/index.php\/wp-json\/wp\/v2\/comments?post=41079"}],"version-history":[{"count":0,"href":"https:\/\/contextoanalisisperiodistico.com\/index.php\/wp-json\/wp\/v2\/posts\/41079\/revisions"}],"wp:featuredmedia":[{"embeddable":true,"href":"https:\/\/contextoanalisisperiodistico.com\/index.php\/wp-json\/wp\/v2\/media\/41078"}],"wp:attachment":[{"href":"https:\/\/contextoanalisisperiodistico.com\/index.php\/wp-json\/wp\/v2\/media?parent=41079"}],"wp:term":[{"taxonomy":"category","embeddable":true,"href":"https:\/\/contextoanalisisperiodistico.com\/index.php\/wp-json\/wp\/v2\/categories?post=41079"},{"taxonomy":"post_tag","embeddable":true,"href":"https:\/\/contextoanalisisperiodistico.com\/index.php\/wp-json\/wp\/v2\/tags?post=41079"}],"curies":[{"name":"wp","href":"https:\/\/api.w.org\/{rel}","templated":true}]}}