{"id":41070,"date":"2025-05-07T14:19:44","date_gmt":"2025-05-07T20:19:44","guid":{"rendered":"https:\/\/contextoanalisisperiodistico.com\/index.php\/2025\/05\/07\/avanza-sic-con-trabajos-de-reencarpetamiento-en-boulevard-eduardo-vasconcelos\/"},"modified":"2025-05-07T14:19:44","modified_gmt":"2025-05-07T20:19:44","slug":"avanza-sic-con-trabajos-de-reencarpetamiento-en-boulevard-eduardo-vasconcelos","status":"publish","type":"post","link":"https:\/\/contextoanalisisperiodistico.com\/index.php\/2025\/05\/07\/avanza-sic-con-trabajos-de-reencarpetamiento-en-boulevard-eduardo-vasconcelos\/","title":{"rendered":"Avanza SIC con trabajos de reencarpetamiento en boulevard Eduardo Vasconcelos"},"content":{"rendered":"<div id=\"fb-root\"><\/div>\n\n<p>\u2022 Las labores se realizan del estadio de b\u00e9isbol hasta el cruce con calzada de la Rep\u00fablica y continuar\u00e1n hasta avenida Universidad<\/p>\n\n\n\n<figure class=\"wp-block-image size-large\"><img fetchpriority=\"high\" decoding=\"async\" width=\"592\" height=\"429\" src=\"https:\/\/contextoanalisisperiodistico.com\/wp-content\/uploads\/2025\/05\/img-20250507-wa00488813624430820091580.jpg\" alt=\"\" class=\"wp-image-41068\" srcset=\"https:\/\/contextoanalisisperiodistico.com\/wp-content\/uploads\/2025\/05\/img-20250507-wa00488813624430820091580.jpg 592w, https:\/\/contextoanalisisperiodistico.com\/wp-content\/uploads\/2025\/05\/img-20250507-wa00488813624430820091580-300x217.jpg 300w\" sizes=\"(max-width: 592px) 100vw, 592px\" \/><\/figure>\n\n\n\n<figure class=\"wp-block-image\"><img decoding=\"async\" width=\"300\" height=\"203\" src=\"https:\/\/contextoanalisisperiodistico.com\/wp-content\/uploads\/2025\/05\/img-20250507-wa00505411447556482466630-300x203.jpg\" alt=\"\" class=\"wp-image-41069\" srcset=\"https:\/\/contextoanalisisperiodistico.com\/wp-content\/uploads\/2025\/05\/img-20250507-wa00505411447556482466630-300x203.jpg 300w, https:\/\/contextoanalisisperiodistico.com\/wp-content\/uploads\/2025\/05\/img-20250507-wa00505411447556482466630.jpg 758w\" sizes=\"(max-width: 300px) 100vw, 300px\" \/><\/figure>\n\n\n\n<p>Oaxaca de Ju\u00e1rez, Oax. 7 de mayo de 2025.- El titular de la Secretar\u00eda de Infraestructuras y Comunicaciones (SIC), Carlos Vichido Hern\u00e1ndez inform\u00f3 que avanzan los trabajos de reencarpetamiento del boulevard Eduardo Vasconcelos, en el tramo del estadio de b\u00e9isbol Eduardo Vasconcelos al cruce con calzada de la Rep\u00fablica, donde se realizan labores de fresado y colocaci\u00f3n de asfalto.<\/p>\n\n\n\n<p>Destac\u00f3 que esta importante v\u00eda de comunicaci\u00f3n en breve contar\u00e1 con pavimento nuevo en su totalidad, ya que los trabajos llegar\u00e1n hasta avenida Universidad al cruce con S\u00edmbolos Patrios.<\/p>\n\n\n\n<p>El funcionario indic\u00f3 que dichas acciones se enmarcan en el Mega Plan de Bacheo y Reencarpetamiento de la Zona Metropolitana, el cual registra un avance superior al 95 por ciento en los municipios de Oaxaca de Ju\u00e1rez, Santa Luc\u00eda del Camino y Santa Cruz Xoxocotl\u00e1n.<\/p>\n\n\n\n<p>A\u00f1adi\u00f3 que, se trabaja como nunca para atender la necesidad ciudadana de tener calles y avenidas modernas que garanticen la seguridad de personas automovilistas, usuarias del transporte p\u00fablico y transe\u00fantes.<\/p>\n\n\n\n<p>Mediante estas labores, el Gobierno de la Primavera Oaxaque\u00f1a rehabilita importantes vialidades, fortaleciendo la infraestructura urbana y la conectividad.<br \/>-0-<\/p>\n","protected":false},"excerpt":{"rendered":"<p>\u2022 Las labores se realizan del estadio de b\u00e9isbol hasta el cruce con calzada de&#8230;<\/p>\n","protected":false},"author":4,"featured_media":41067,"comment_status":"","ping_status":"open","sticky":false,"template":"","format":"standard","meta":{"footnotes":""},"categories":[3],"tags":[],"jetpack_sharing_enabled":true,"featured_image_urls":{"full":["https:\/\/contextoanalisisperiodistico.com\/wp-content\/uploads\/2025\/05\/IMG-20250507-WA0049.jpg",747,494,false],"thumbnail":["https:\/\/contextoanalisisperiodistico.com\/wp-content\/uploads\/2025\/05\/IMG-20250507-WA0049-150x150.jpg",150,150,true],"medium":["https:\/\/contextoanalisisperiodistico.com\/wp-content\/uploads\/2025\/05\/IMG-20250507-WA0049-300x198.jpg",300,198,true],"medium_large":["https:\/\/contextoanalisisperiodistico.com\/wp-content\/uploads\/2025\/05\/IMG-20250507-WA0049.jpg",640,423,false],"large":["https:\/\/contextoanalisisperiodistico.com\/wp-content\/uploads\/2025\/05\/IMG-20250507-WA0049.jpg",640,423,false],"1536x1536":["https:\/\/contextoanalisisperiodistico.com\/wp-content\/uploads\/2025\/05\/IMG-20250507-WA0049.jpg",747,494,false],"2048x2048":["https:\/\/contextoanalisisperiodistico.com\/wp-content\/uploads\/2025\/05\/IMG-20250507-WA0049.jpg",747,494,false],"covernews-slider-full":["https:\/\/contextoanalisisperiodistico.com\/wp-content\/uploads\/2025\/05\/IMG-20250507-WA0049.jpg",747,494,false],"covernews-slider-center":["https:\/\/contextoanalisisperiodistico.com\/wp-content\/uploads\/2025\/05\/IMG-20250507-WA0049.jpg",747,494,false],"covernews-featured":["https:\/\/contextoanalisisperiodistico.com\/wp-content\/uploads\/2025\/05\/IMG-20250507-WA0049.jpg",747,494,false],"covernews-medium":["https:\/\/contextoanalisisperiodistico.com\/wp-content\/uploads\/2025\/05\/IMG-20250507-WA0049-540x340.jpg",540,340,true],"covernews-medium-square":["https:\/\/contextoanalisisperiodistico.com\/wp-content\/uploads\/2025\/05\/IMG-20250507-WA0049-400x250.jpg",400,250,true]},"author_info":{"display_name":"Mario Gir\u00f3n","author_link":"https:\/\/contextoanalisisperiodistico.com\/index.php\/author\/director\/"},"category_info":"<a href=\"https:\/\/contextoanalisisperiodistico.com\/index.php\/category\/ciudad\/\" rel=\"category tag\">Ciudad<\/a>","tag_info":"Ciudad","comment_count":"0","jetpack_featured_media_url":"https:\/\/contextoanalisisperiodistico.com\/wp-content\/uploads\/2025\/05\/IMG-20250507-WA0049.jpg","_links":{"self":[{"href":"https:\/\/contextoanalisisperiodistico.com\/index.php\/wp-json\/wp\/v2\/posts\/41070"}],"collection":[{"href":"https:\/\/contextoanalisisperiodistico.com\/index.php\/wp-json\/wp\/v2\/posts"}],"about":[{"href":"https:\/\/contextoanalisisperiodistico.com\/index.php\/wp-json\/wp\/v2\/types\/post"}],"author":[{"embeddable":true,"href":"https:\/\/contextoanalisisperiodistico.com\/index.php\/wp-json\/wp\/v2\/users\/4"}],"replies":[{"embeddable":true,"href":"https:\/\/contextoanalisisperiodistico.com\/index.php\/wp-json\/wp\/v2\/comments?post=41070"}],"version-history":[{"count":0,"href":"https:\/\/contextoanalisisperiodistico.com\/index.php\/wp-json\/wp\/v2\/posts\/41070\/revisions"}],"wp:featuredmedia":[{"embeddable":true,"href":"https:\/\/contextoanalisisperiodistico.com\/index.php\/wp-json\/wp\/v2\/media\/41067"}],"wp:attachment":[{"href":"https:\/\/contextoanalisisperiodistico.com\/index.php\/wp-json\/wp\/v2\/media?parent=41070"}],"wp:term":[{"taxonomy":"category","embeddable":true,"href":"https:\/\/contextoanalisisperiodistico.com\/index.php\/wp-json\/wp\/v2\/categories?post=41070"},{"taxonomy":"post_tag","embeddable":true,"href":"https:\/\/contextoanalisisperiodistico.com\/index.php\/wp-json\/wp\/v2\/tags?post=41070"}],"curies":[{"name":"wp","href":"https:\/\/api.w.org\/{rel}","templated":true}]}}