{"id":41066,"date":"2025-05-07T14:15:24","date_gmt":"2025-05-07T20:15:24","guid":{"rendered":"https:\/\/contextoanalisisperiodistico.com\/index.php\/2025\/05\/07\/gobierno-de-oaxaca-de-juarez-fortalece-el-dialogo-directo-con-la-ciudadania\/"},"modified":"2025-05-07T14:22:57","modified_gmt":"2025-05-07T20:22:57","slug":"gobierno-de-oaxaca-de-juarez-fortalece-el-dialogo-directo-con-la-ciudadania","status":"publish","type":"post","link":"https:\/\/contextoanalisisperiodistico.com\/index.php\/2025\/05\/07\/gobierno-de-oaxaca-de-juarez-fortalece-el-dialogo-directo-con-la-ciudadania\/","title":{"rendered":"Gobierno de Oaxaca de Ju\u00e1rez fortalece el di\u00e1logo directo con la ciudadan\u00eda"},"content":{"rendered":"<div id=\"fb-root\"><\/div>\n\n<ul class=\"wp-block-list\">\n<li>El presidente Ray Chagoya encabez\u00f3 una nueva jornada de atenci\u00f3n en la Plaza de la Danza y anuncia recorridos por agencias municipales<\/li>\n<\/ul>\n\n\n\n<figure class=\"wp-block-image size-large\"><img fetchpriority=\"high\" decoding=\"async\" width=\"1024\" height=\"717\" src=\"https:\/\/contextoanalisisperiodistico.com\/wp-content\/uploads\/2025\/05\/img-20250507-wa00737266800786722705372-1024x717.jpg\" alt=\"\" class=\"wp-image-41061\" srcset=\"https:\/\/contextoanalisisperiodistico.com\/wp-content\/uploads\/2025\/05\/img-20250507-wa00737266800786722705372-1024x717.jpg 1024w, https:\/\/contextoanalisisperiodistico.com\/wp-content\/uploads\/2025\/05\/img-20250507-wa00737266800786722705372-300x210.jpg 300w, https:\/\/contextoanalisisperiodistico.com\/wp-content\/uploads\/2025\/05\/img-20250507-wa00737266800786722705372-768x538.jpg 768w, https:\/\/contextoanalisisperiodistico.com\/wp-content\/uploads\/2025\/05\/img-20250507-wa00737266800786722705372.jpg 1280w\" sizes=\"(max-width: 1024px) 100vw, 1024px\" \/><\/figure>\n\n\n\n<figure class=\"wp-block-image\"><img decoding=\"async\" width=\"1024\" height=\"676\" src=\"https:\/\/contextoanalisisperiodistico.com\/wp-content\/uploads\/2025\/05\/img-20250507-wa00742904103097024963658-1024x676.jpg\" alt=\"\" class=\"wp-image-41062\" srcset=\"https:\/\/contextoanalisisperiodistico.com\/wp-content\/uploads\/2025\/05\/img-20250507-wa00742904103097024963658-1024x676.jpg 1024w, https:\/\/contextoanalisisperiodistico.com\/wp-content\/uploads\/2025\/05\/img-20250507-wa00742904103097024963658-300x198.jpg 300w, https:\/\/contextoanalisisperiodistico.com\/wp-content\/uploads\/2025\/05\/img-20250507-wa00742904103097024963658-768x507.jpg 768w, https:\/\/contextoanalisisperiodistico.com\/wp-content\/uploads\/2025\/05\/img-20250507-wa00742904103097024963658.jpg 1249w\" sizes=\"(max-width: 1024px) 100vw, 1024px\" \/><\/figure>\n\n\n\n<figure class=\"wp-block-image\"><img decoding=\"async\" width=\"1024\" height=\"684\" src=\"https:\/\/contextoanalisisperiodistico.com\/wp-content\/uploads\/2025\/05\/img-20250507-wa00777292775965207772021-1024x684.jpg\" alt=\"\" class=\"wp-image-41063\" srcset=\"https:\/\/contextoanalisisperiodistico.com\/wp-content\/uploads\/2025\/05\/img-20250507-wa00777292775965207772021-1024x684.jpg 1024w, https:\/\/contextoanalisisperiodistico.com\/wp-content\/uploads\/2025\/05\/img-20250507-wa00777292775965207772021-300x200.jpg 300w, https:\/\/contextoanalisisperiodistico.com\/wp-content\/uploads\/2025\/05\/img-20250507-wa00777292775965207772021-768x513.jpg 768w, https:\/\/contextoanalisisperiodistico.com\/wp-content\/uploads\/2025\/05\/img-20250507-wa00777292775965207772021-1536x1027.jpg 1536w, https:\/\/contextoanalisisperiodistico.com\/wp-content\/uploads\/2025\/05\/img-20250507-wa00777292775965207772021.jpg 1616w\" sizes=\"(max-width: 1024px) 100vw, 1024px\" \/><\/figure>\n\n\n\n<figure class=\"wp-block-image\"><img loading=\"lazy\" decoding=\"async\" width=\"1024\" height=\"684\" src=\"https:\/\/contextoanalisisperiodistico.com\/wp-content\/uploads\/2025\/05\/img-20250507-wa00765317530600849264361-1024x684.jpg\" alt=\"\" class=\"wp-image-41064\" srcset=\"https:\/\/contextoanalisisperiodistico.com\/wp-content\/uploads\/2025\/05\/img-20250507-wa00765317530600849264361-1024x684.jpg 1024w, https:\/\/contextoanalisisperiodistico.com\/wp-content\/uploads\/2025\/05\/img-20250507-wa00765317530600849264361-300x200.jpg 300w, https:\/\/contextoanalisisperiodistico.com\/wp-content\/uploads\/2025\/05\/img-20250507-wa00765317530600849264361-768x513.jpg 768w, https:\/\/contextoanalisisperiodistico.com\/wp-content\/uploads\/2025\/05\/img-20250507-wa00765317530600849264361-1536x1027.jpg 1536w, https:\/\/contextoanalisisperiodistico.com\/wp-content\/uploads\/2025\/05\/img-20250507-wa00765317530600849264361.jpg 1616w\" sizes=\"(max-width: 1024px) 100vw, 1024px\" \/><\/figure>\n\n\n\n<figure class=\"wp-block-image\"><img loading=\"lazy\" decoding=\"async\" width=\"1024\" height=\"684\" src=\"https:\/\/contextoanalisisperiodistico.com\/wp-content\/uploads\/2025\/05\/img-20250507-wa00751659728146639160072-1024x684.jpg\" alt=\"\" class=\"wp-image-41065\" srcset=\"https:\/\/contextoanalisisperiodistico.com\/wp-content\/uploads\/2025\/05\/img-20250507-wa00751659728146639160072-1024x684.jpg 1024w, https:\/\/contextoanalisisperiodistico.com\/wp-content\/uploads\/2025\/05\/img-20250507-wa00751659728146639160072-300x200.jpg 300w, https:\/\/contextoanalisisperiodistico.com\/wp-content\/uploads\/2025\/05\/img-20250507-wa00751659728146639160072-768x513.jpg 768w, https:\/\/contextoanalisisperiodistico.com\/wp-content\/uploads\/2025\/05\/img-20250507-wa00751659728146639160072-1536x1027.jpg 1536w, https:\/\/contextoanalisisperiodistico.com\/wp-content\/uploads\/2025\/05\/img-20250507-wa00751659728146639160072.jpg 1616w\" sizes=\"(max-width: 1024px) 100vw, 1024px\" \/><\/figure>\n\n\n\n<p>Oaxaca de Ju\u00e1rez, Oax. 7 de mayo de 2025.- Como parte del compromiso de construir un gobierno cercano y que escuche, el Presidente Municipal Ray Chagoya encabez\u00f3 una edici\u00f3n m\u00e1s de los Di\u00e1logos Vecinales, esta vez en la Plaza de la Danza, donde vecinas y vecinos fueron atendidos de manera directa por las diferentes \u00e1reas del Ayuntamiento capitalino.<\/p>\n\n\n\n<p>Durante la jornada, se ofrecieron servicios municipales integrales como atenci\u00f3n m\u00e9dica, aplicaci\u00f3n de vacunas, consulta oftalmol\u00f3gica, expedici\u00f3n de actas del Registro Civil, asesor\u00eda jur\u00eddica, as\u00ed como venta de productos b\u00e1sicos como leche Liconsa. Adem\u00e1s, se instalaron m\u00f3dulos de orientaci\u00f3n del Instituto Municipal de la Juventud y de programas sociales del gobierno estatal y federal.<\/p>\n\n\n\n<p>Ray Chagoya anunci\u00f3 que estos ejercicios de di\u00e1logo se extender\u00e1n a las agencias municipales, con el fin de que todas las comunidades de Oaxaca de Ju\u00e1rez tengan acceso equitativo a los servicios p\u00fablicos, sin necesidad de trasladarse al centro de la ciudad. \u201cEstamos convencidos de que gobernar es escuchar, y por eso vamos a salir a cada colonia, a cada agencia, a resolver junto con la gente\u201d, afirm\u00f3.<\/p>\n\n\n\n<p>El presidente municipal record\u00f3 que estas jornadas tambi\u00e9n se realizan de forma continua en el Palacio Municipal, cada 15 d\u00edas, con atenci\u00f3n personalizada por parte de las distintas dependencias. Esta estrategia de atenci\u00f3n directa se suma a otras acciones que buscan reconstruir la confianza ciudadana y fomentar una cultura de paz y participaci\u00f3n.<\/p>\n\n\n\n<p>Con los Di\u00e1logos Vecinales, el municipio de Oaxaca de Ju\u00e1rez reafirma su vocaci\u00f3n de servicio y cercan\u00eda, promoviendo un gobierno accesible, humano y que pone en el centro a la ciudadan\u00eda.<\/p>\n","protected":false},"excerpt":{"rendered":"<p>Oaxaca de Ju\u00e1rez, Oax. 7 de mayo de 2025.- Como parte del compromiso de construir&#8230;<\/p>\n","protected":false},"author":4,"featured_media":41060,"comment_status":"closed","ping_status":"open","sticky":false,"template":"","format":"standard","meta":{"footnotes":""},"categories":[9],"tags":[178,235,234,45],"jetpack_sharing_enabled":true,"featured_image_urls":{"full":["https:\/\/contextoanalisisperiodistico.com\/wp-content\/uploads\/2025\/05\/IMG-20250507-WA0072.jpg",1616,1080,false],"thumbnail":["https:\/\/contextoanalisisperiodistico.com\/wp-content\/uploads\/2025\/05\/IMG-20250507-WA0072-150x150.jpg",150,150,true],"medium":["https:\/\/contextoanalisisperiodistico.com\/wp-content\/uploads\/2025\/05\/IMG-20250507-WA0072-300x200.jpg",300,200,true],"medium_large":["https:\/\/contextoanalisisperiodistico.com\/wp-content\/uploads\/2025\/05\/IMG-20250507-WA0072-768x513.jpg",640,428,true],"large":["https:\/\/contextoanalisisperiodistico.com\/wp-content\/uploads\/2025\/05\/IMG-20250507-WA0072-1024x684.jpg",640,428,true],"1536x1536":["https:\/\/contextoanalisisperiodistico.com\/wp-content\/uploads\/2025\/05\/IMG-20250507-WA0072-1536x1027.jpg",1536,1027,true],"2048x2048":["https:\/\/contextoanalisisperiodistico.com\/wp-content\/uploads\/2025\/05\/IMG-20250507-WA0072.jpg",1616,1080,false],"covernews-slider-full":["https:\/\/contextoanalisisperiodistico.com\/wp-content\/uploads\/2025\/05\/IMG-20250507-WA0072-1115x715.jpg",1115,715,true],"covernews-slider-center":["https:\/\/contextoanalisisperiodistico.com\/wp-content\/uploads\/2025\/05\/IMG-20250507-WA0072-800x500.jpg",800,500,true],"covernews-featured":["https:\/\/contextoanalisisperiodistico.com\/wp-content\/uploads\/2025\/05\/IMG-20250507-WA0072-1024x684.jpg",1024,684,true],"covernews-medium":["https:\/\/contextoanalisisperiodistico.com\/wp-content\/uploads\/2025\/05\/IMG-20250507-WA0072-540x340.jpg",540,340,true],"covernews-medium-square":["https:\/\/contextoanalisisperiodistico.com\/wp-content\/uploads\/2025\/05\/IMG-20250507-WA0072-400x250.jpg",400,250,true]},"author_info":{"display_name":"Mario Gir\u00f3n","author_link":"https:\/\/contextoanalisisperiodistico.com\/index.php\/author\/director\/"},"category_info":"<a href=\"https:\/\/contextoanalisisperiodistico.com\/index.php\/category\/politica\/\" rel=\"category tag\">Pol\u00edtica<\/a>","tag_info":"Pol\u00edtica","comment_count":"0","jetpack_featured_media_url":"https:\/\/contextoanalisisperiodistico.com\/wp-content\/uploads\/2025\/05\/IMG-20250507-WA0072.jpg","_links":{"self":[{"href":"https:\/\/contextoanalisisperiodistico.com\/index.php\/wp-json\/wp\/v2\/posts\/41066"}],"collection":[{"href":"https:\/\/contextoanalisisperiodistico.com\/index.php\/wp-json\/wp\/v2\/posts"}],"about":[{"href":"https:\/\/contextoanalisisperiodistico.com\/index.php\/wp-json\/wp\/v2\/types\/post"}],"author":[{"embeddable":true,"href":"https:\/\/contextoanalisisperiodistico.com\/index.php\/wp-json\/wp\/v2\/users\/4"}],"replies":[{"embeddable":true,"href":"https:\/\/contextoanalisisperiodistico.com\/index.php\/wp-json\/wp\/v2\/comments?post=41066"}],"version-history":[{"count":1,"href":"https:\/\/contextoanalisisperiodistico.com\/index.php\/wp-json\/wp\/v2\/posts\/41066\/revisions"}],"predecessor-version":[{"id":41071,"href":"https:\/\/contextoanalisisperiodistico.com\/index.php\/wp-json\/wp\/v2\/posts\/41066\/revisions\/41071"}],"wp:featuredmedia":[{"embeddable":true,"href":"https:\/\/contextoanalisisperiodistico.com\/index.php\/wp-json\/wp\/v2\/media\/41060"}],"wp:attachment":[{"href":"https:\/\/contextoanalisisperiodistico.com\/index.php\/wp-json\/wp\/v2\/media?parent=41066"}],"wp:term":[{"taxonomy":"category","embeddable":true,"href":"https:\/\/contextoanalisisperiodistico.com\/index.php\/wp-json\/wp\/v2\/categories?post=41066"},{"taxonomy":"post_tag","embeddable":true,"href":"https:\/\/contextoanalisisperiodistico.com\/index.php\/wp-json\/wp\/v2\/tags?post=41066"}],"curies":[{"name":"wp","href":"https:\/\/api.w.org\/{rel}","templated":true}]}}