{"id":41059,"date":"2025-05-07T13:17:24","date_gmt":"2025-05-07T19:17:24","guid":{"rendered":"https:\/\/contextoanalisisperiodistico.com\/index.php\/2025\/05\/07\/oaxaca-de-juarez-mejora-en-seguridad\/"},"modified":"2025-05-07T13:17:24","modified_gmt":"2025-05-07T19:17:24","slug":"oaxaca-de-juarez-mejora-en-seguridad","status":"publish","type":"post","link":"https:\/\/contextoanalisisperiodistico.com\/index.php\/2025\/05\/07\/oaxaca-de-juarez-mejora-en-seguridad\/","title":{"rendered":"Oaxaca de Ju\u00e1rez mejora en seguridad"},"content":{"rendered":"<div id=\"fb-root\"><\/div>\n\n<ul class=\"wp-block-list\">\n<li>Presenta Ray Chagoya informe de resultados en materia de seguridad, cultura de paz y \u00e9xito del Festival Primavera Rodolfo Morales 2025<\/li>\n<\/ul>\n\n\n\n<p>Oaxaca de Ju\u00e1rez, Oax. 7 de mayo de 2023.- El Presidente Municipal Ray Chagoya present\u00f3 los avances en materia de seguridad p\u00fablica, destacando que gracias al trabajo coordinado entre los tres niveles de gobierno, se ha logrado una disminuci\u00f3n significativa en los principales indicadores delictivos.<\/p>\n\n\n\n<p>De acuerdo con datos del Secretariado Ejecutivo del Sistema Nacional de Seguridad P\u00fablica, en comparaci\u00f3n con el primer trimestre de la administraci\u00f3n anterior, se ha reducido en casi 30% los delitos contra la vida; 15% en delitos sexuales; 55% en robos y abuso de confianza; 58% en violencia familiar y de g\u00e9nero; y 48% en delitos como trata de personas. \u201cLos resultados muestran que estamos cumpliendo con nuestra palabra de mejorar la seguridad en la capital\u201d, se\u00f1al\u00f3 el edil.<\/p>\n\n\n\n<p>En su conferencia de prensa semanal, el edil de la capital subray\u00f3 que estos avances han sido posibles gracias al equipamiento de la Polic\u00eda Municipal, la recuperaci\u00f3n de m\u00f3dulos de seguridad y la capacitaci\u00f3n continua del personal. Afirm\u00f3 que si bien los resultados son positivos, no se bajar\u00e1 la guardia.<\/p>\n\n\n\n<p>\u201cLa f\u00f3rmula est\u00e1 funcionando, pero no significa que no seguiremos poniendo toda nuestra energ\u00eda para garantizar la tranquilidad de nuestras vecinas y vecinos\u201d, puntualiz\u00f3, al tiempo que agradeci\u00f3 el respaldo del gobernador Salom\u00f3n Jara Cruz como pieza clave en esta estrategia.<\/p>\n\n\n\n<p>En su oportunidad, la regidora de Seguridad Vecinal y Cultura de Paz, Alma Herrera, anunci\u00f3 el arranque del programa Autocuidado Digital y Ciberseguridad, que atiende temas como sexting, extorsi\u00f3n, fraudes y derechos digitales en ni\u00f1as, ni\u00f1os y adolescentes.<\/p>\n\n\n\n<p>La estrategia arranc\u00f3 con sesiones en la escuela secundaria t\u00e9cnica de Montoya y contempla una primera etapa en 12 primarias. \u201cEs la primera vez en Oaxaca que una regidur\u00eda lleva por nombre Cultura de Paz. Estamos convencidas de que la transformaci\u00f3n se logra con procesos comunitarios y participativos\u201d, expres\u00f3.<\/p>\n\n\n\n<p>La regidora subray\u00f3 la importancia de escuchar a la ciudadan\u00eda y trabajar con maestras, maestros, madres y padres de familia para que las estrategias lleguen a los lugares donde m\u00e1s se necesitan. Reiter\u00f3 que la prevenci\u00f3n de adicciones, la violencia familiar y los delitos cotidianos requiere una acci\u00f3n conjunta entre el gobierno municipal y la comunidad, siguiendo las instrucciones del gobernador y el compromiso del cabildo municipal.<\/p>\n\n\n\n<p>En otro punto de la conferencia, el edil celebr\u00f3 el \u00e9xito del Festival Primavera \u201cRodolfo Morales\u201d, realizado del 20 al 30 de abril en el marco del 493 aniversario de la ciudad. Con m\u00e1s de 70 actividades y una asistencia masiva en espacios como la Alameda de Le\u00f3n, la Plaza de la Danza y el Z\u00f3calo, el festival ofreci\u00f3 conciertos, talleres, exposiciones y eventos comunitarios. \u201cEste festival no solo fue un homenaje al maestro Rodolfo Morales, tambi\u00e9n fue una herramienta para fortalecer el tejido social, promover la cultura de paz y recuperar el espacio p\u00fablico\u201d, destac\u00f3.<\/p>\n\n\n\n<p>Finalmente, el Presidente Chagoya reafirm\u00f3 que \u201cla seguridad, la cultura y la educaci\u00f3n digital no son caminos separados, sino herramientas integradas que estamos utilizando para construir una ciudad con m\u00e1s paz, m\u00e1s orden y m\u00e1s futuro\u201d. Reiter\u00f3 que seguir\u00e1 rindiendo cuentas con transparencia y de cara a la ciudadan\u00eda, con resultados medibles y acciones constantes.<\/p>\n","protected":false},"excerpt":{"rendered":"<p>Oaxaca de Ju\u00e1rez, Oax. 7 de mayo de 2023.- El Presidente Municipal Ray Chagoya present\u00f3&#8230;<\/p>\n","protected":false},"author":4,"featured_media":41058,"comment_status":"","ping_status":"open","sticky":false,"template":"","format":"standard","meta":{"footnotes":""},"categories":[9],"tags":[178,235,234,45],"jetpack_sharing_enabled":true,"featured_image_urls":{"full":["https:\/\/contextoanalisisperiodistico.com\/wp-content\/uploads\/2025\/05\/IMG-20250507-WA0060.jpg",1616,1080,false],"thumbnail":["https:\/\/contextoanalisisperiodistico.com\/wp-content\/uploads\/2025\/05\/IMG-20250507-WA0060-150x150.jpg",150,150,true],"medium":["https:\/\/contextoanalisisperiodistico.com\/wp-content\/uploads\/2025\/05\/IMG-20250507-WA0060-300x200.jpg",300,200,true],"medium_large":["https:\/\/contextoanalisisperiodistico.com\/wp-content\/uploads\/2025\/05\/IMG-20250507-WA0060-768x513.jpg",640,428,true],"large":["https:\/\/contextoanalisisperiodistico.com\/wp-content\/uploads\/2025\/05\/IMG-20250507-WA0060-1024x684.jpg",640,428,true],"1536x1536":["https:\/\/contextoanalisisperiodistico.com\/wp-content\/uploads\/2025\/05\/IMG-20250507-WA0060-1536x1027.jpg",1536,1027,true],"2048x2048":["https:\/\/contextoanalisisperiodistico.com\/wp-content\/uploads\/2025\/05\/IMG-20250507-WA0060.jpg",1616,1080,false],"covernews-slider-full":["https:\/\/contextoanalisisperiodistico.com\/wp-content\/uploads\/2025\/05\/IMG-20250507-WA0060-1115x715.jpg",1115,715,true],"covernews-slider-center":["https:\/\/contextoanalisisperiodistico.com\/wp-content\/uploads\/2025\/05\/IMG-20250507-WA0060-800x500.jpg",800,500,true],"covernews-featured":["https:\/\/contextoanalisisperiodistico.com\/wp-content\/uploads\/2025\/05\/IMG-20250507-WA0060-1024x684.jpg",1024,684,true],"covernews-medium":["https:\/\/contextoanalisisperiodistico.com\/wp-content\/uploads\/2025\/05\/IMG-20250507-WA0060-540x340.jpg",540,340,true],"covernews-medium-square":["https:\/\/contextoanalisisperiodistico.com\/wp-content\/uploads\/2025\/05\/IMG-20250507-WA0060-400x250.jpg",400,250,true]},"author_info":{"display_name":"Mario Gir\u00f3n","author_link":"https:\/\/contextoanalisisperiodistico.com\/index.php\/author\/director\/"},"category_info":"<a href=\"https:\/\/contextoanalisisperiodistico.com\/index.php\/category\/politica\/\" rel=\"category tag\">Pol\u00edtica<\/a>","tag_info":"Pol\u00edtica","comment_count":"0","jetpack_featured_media_url":"https:\/\/contextoanalisisperiodistico.com\/wp-content\/uploads\/2025\/05\/IMG-20250507-WA0060.jpg","_links":{"self":[{"href":"https:\/\/contextoanalisisperiodistico.com\/index.php\/wp-json\/wp\/v2\/posts\/41059"}],"collection":[{"href":"https:\/\/contextoanalisisperiodistico.com\/index.php\/wp-json\/wp\/v2\/posts"}],"about":[{"href":"https:\/\/contextoanalisisperiodistico.com\/index.php\/wp-json\/wp\/v2\/types\/post"}],"author":[{"embeddable":true,"href":"https:\/\/contextoanalisisperiodistico.com\/index.php\/wp-json\/wp\/v2\/users\/4"}],"replies":[{"embeddable":true,"href":"https:\/\/contextoanalisisperiodistico.com\/index.php\/wp-json\/wp\/v2\/comments?post=41059"}],"version-history":[{"count":0,"href":"https:\/\/contextoanalisisperiodistico.com\/index.php\/wp-json\/wp\/v2\/posts\/41059\/revisions"}],"wp:featuredmedia":[{"embeddable":true,"href":"https:\/\/contextoanalisisperiodistico.com\/index.php\/wp-json\/wp\/v2\/media\/41058"}],"wp:attachment":[{"href":"https:\/\/contextoanalisisperiodistico.com\/index.php\/wp-json\/wp\/v2\/media?parent=41059"}],"wp:term":[{"taxonomy":"category","embeddable":true,"href":"https:\/\/contextoanalisisperiodistico.com\/index.php\/wp-json\/wp\/v2\/categories?post=41059"},{"taxonomy":"post_tag","embeddable":true,"href":"https:\/\/contextoanalisisperiodistico.com\/index.php\/wp-json\/wp\/v2\/tags?post=41059"}],"curies":[{"name":"wp","href":"https:\/\/api.w.org\/{rel}","templated":true}]}}