{"id":41051,"date":"2025-05-06T18:20:41","date_gmt":"2025-05-07T00:20:41","guid":{"rendered":"https:\/\/contextoanalisisperiodistico.com\/index.php\/2025\/05\/06\/policia-municipal-detiene-a-una-persona-por-el-presunto-delito-de-robo-con-violencia\/"},"modified":"2025-05-06T18:24:57","modified_gmt":"2025-05-07T00:24:57","slug":"policia-municipal-detiene-a-una-persona-por-el-presunto-delito-de-robo-con-violencia","status":"publish","type":"post","link":"https:\/\/contextoanalisisperiodistico.com\/index.php\/2025\/05\/06\/policia-municipal-detiene-a-una-persona-por-el-presunto-delito-de-robo-con-violencia\/","title":{"rendered":"Polic\u00eda Municipal detiene a una persona por el presunto delito de robo con violencia"},"content":{"rendered":"<div id=\"fb-root\"><\/div>\n\n<p>Oaxaca de Ju\u00e1rez, Oax., 06 de mayo de 2025.- Personal de la Secretar\u00eda de Seguridad Vecinal efectu\u00f3 la detenci\u00f3n de una persona al ser se\u00f1alada como presunta responsable del delito de robo con violencia.<br \/>La intervenci\u00f3n ocurri\u00f3 el lunes a las 18:20 horas cuando elementos de la Direcci\u00f3n de Proximidad Social realizaban labores de prevenci\u00f3n en la zona del Mercado de Abasto.<\/p>\n\n\n\n<p>Al caminar en el Perif\u00e9rico, frente a la Pluma 3, observaron que un sujeto era perseguido por otra persona, quien al notar su presencia les solicit\u00f3 apoyo.<\/p>\n\n\n\n<p>Debido a ello, decidieron intervenir y metros adelante interceptaron al sujeto que corr\u00eda, mismo que dijo llamarse Jorge G. L., de 42 a\u00f1os de edad.<\/p>\n\n\n\n<p>El sujeto fue se\u00f1alado por un comerciante, como el mismo que momentos antes, en complicidad de otro sujeto, lo hab\u00edan asaltado en su establecimiento de venta de mezcal, ubicado en la calle Victoria.<\/p>\n\n\n\n<p>El ofendido dijo que el sujeto y otro m\u00e1s, lo amagaron con cuchillos para despojarlo de 5 mil pesos, entre billetes y monedas, que ten\u00eda en la caja registradora.<\/p>\n\n\n\n<p>Tras consumar el robo, corrieron hacia el Perif\u00e9rico, por lo que al darle seguimiento le hallaron a uno de ellos, en la bolsa delantera derecha del pantal\u00f3n, el cuchillo con el que presuntamente amag\u00f3 a la persona afectada.<\/p>\n\n\n\n<p>El detenido qued\u00f3 a disposici\u00f3n de la Fiscal\u00eda General del Estado para determinar su situaci\u00f3n jur\u00eddica.<\/p>\n","protected":false},"excerpt":{"rendered":"<p>Oaxaca de Ju\u00e1rez, Oax., 06 de mayo de 2025.- Personal de la Secretar\u00eda de Seguridad&#8230;<\/p>\n","protected":false},"author":4,"featured_media":41050,"comment_status":"closed","ping_status":"open","sticky":false,"template":"","format":"standard","meta":{"footnotes":""},"categories":[10],"tags":[178,235,234,45],"jetpack_sharing_enabled":true,"featured_image_urls":{"full":["https:\/\/contextoanalisisperiodistico.com\/wp-content\/uploads\/2025\/05\/IMG-20250506-WA0163.jpg",495,570,false],"thumbnail":["https:\/\/contextoanalisisperiodistico.com\/wp-content\/uploads\/2025\/05\/IMG-20250506-WA0163-150x150.jpg",150,150,true],"medium":["https:\/\/contextoanalisisperiodistico.com\/wp-content\/uploads\/2025\/05\/IMG-20250506-WA0163-261x300.jpg",261,300,true],"medium_large":["https:\/\/contextoanalisisperiodistico.com\/wp-content\/uploads\/2025\/05\/IMG-20250506-WA0163.jpg",495,570,false],"large":["https:\/\/contextoanalisisperiodistico.com\/wp-content\/uploads\/2025\/05\/IMG-20250506-WA0163.jpg",495,570,false],"1536x1536":["https:\/\/contextoanalisisperiodistico.com\/wp-content\/uploads\/2025\/05\/IMG-20250506-WA0163.jpg",495,570,false],"2048x2048":["https:\/\/contextoanalisisperiodistico.com\/wp-content\/uploads\/2025\/05\/IMG-20250506-WA0163.jpg",495,570,false],"covernews-slider-full":["https:\/\/contextoanalisisperiodistico.com\/wp-content\/uploads\/2025\/05\/IMG-20250506-WA0163.jpg",495,570,false],"covernews-slider-center":["https:\/\/contextoanalisisperiodistico.com\/wp-content\/uploads\/2025\/05\/IMG-20250506-WA0163-495x500.jpg",495,500,true],"covernews-featured":["https:\/\/contextoanalisisperiodistico.com\/wp-content\/uploads\/2025\/05\/IMG-20250506-WA0163.jpg",495,570,false],"covernews-medium":["https:\/\/contextoanalisisperiodistico.com\/wp-content\/uploads\/2025\/05\/IMG-20250506-WA0163-495x340.jpg",495,340,true],"covernews-medium-square":["https:\/\/contextoanalisisperiodistico.com\/wp-content\/uploads\/2025\/05\/IMG-20250506-WA0163-400x250.jpg",400,250,true]},"author_info":{"display_name":"Mario Gir\u00f3n","author_link":"https:\/\/contextoanalisisperiodistico.com\/index.php\/author\/director\/"},"category_info":"<a href=\"https:\/\/contextoanalisisperiodistico.com\/index.php\/category\/seguridad\/\" rel=\"category tag\">Seguridad<\/a>","tag_info":"Seguridad","comment_count":"0","jetpack_featured_media_url":"https:\/\/contextoanalisisperiodistico.com\/wp-content\/uploads\/2025\/05\/IMG-20250506-WA0163.jpg","_links":{"self":[{"href":"https:\/\/contextoanalisisperiodistico.com\/index.php\/wp-json\/wp\/v2\/posts\/41051"}],"collection":[{"href":"https:\/\/contextoanalisisperiodistico.com\/index.php\/wp-json\/wp\/v2\/posts"}],"about":[{"href":"https:\/\/contextoanalisisperiodistico.com\/index.php\/wp-json\/wp\/v2\/types\/post"}],"author":[{"embeddable":true,"href":"https:\/\/contextoanalisisperiodistico.com\/index.php\/wp-json\/wp\/v2\/users\/4"}],"replies":[{"embeddable":true,"href":"https:\/\/contextoanalisisperiodistico.com\/index.php\/wp-json\/wp\/v2\/comments?post=41051"}],"version-history":[{"count":1,"href":"https:\/\/contextoanalisisperiodistico.com\/index.php\/wp-json\/wp\/v2\/posts\/41051\/revisions"}],"predecessor-version":[{"id":41052,"href":"https:\/\/contextoanalisisperiodistico.com\/index.php\/wp-json\/wp\/v2\/posts\/41051\/revisions\/41052"}],"wp:featuredmedia":[{"embeddable":true,"href":"https:\/\/contextoanalisisperiodistico.com\/index.php\/wp-json\/wp\/v2\/media\/41050"}],"wp:attachment":[{"href":"https:\/\/contextoanalisisperiodistico.com\/index.php\/wp-json\/wp\/v2\/media?parent=41051"}],"wp:term":[{"taxonomy":"category","embeddable":true,"href":"https:\/\/contextoanalisisperiodistico.com\/index.php\/wp-json\/wp\/v2\/categories?post=41051"},{"taxonomy":"post_tag","embeddable":true,"href":"https:\/\/contextoanalisisperiodistico.com\/index.php\/wp-json\/wp\/v2\/tags?post=41051"}],"curies":[{"name":"wp","href":"https:\/\/api.w.org\/{rel}","templated":true}]}}