{"id":41036,"date":"2025-05-06T16:11:04","date_gmt":"2025-05-06T22:11:04","guid":{"rendered":"https:\/\/contextoanalisisperiodistico.com\/index.php\/2025\/05\/06\/oaxaca-de-juarez-participa-en-el-foro-guardianes-de-los-derechos-para-fortalecer-el-bienestar-de-la-ninez\/"},"modified":"2025-05-06T16:12:23","modified_gmt":"2025-05-06T22:12:23","slug":"oaxaca-de-juarez-participa-en-el-foro-guardianes-de-los-derechos-para-fortalecer-el-bienestar-de-la-ninez","status":"publish","type":"post","link":"https:\/\/contextoanalisisperiodistico.com\/index.php\/2025\/05\/06\/oaxaca-de-juarez-participa-en-el-foro-guardianes-de-los-derechos-para-fortalecer-el-bienestar-de-la-ninez\/","title":{"rendered":"Oaxaca de Ju\u00e1rez participa en el foro \u201cGuardianes de los Derechos\u201d para fortalecer el bienestar de la ni\u00f1ez"},"content":{"rendered":"<div id=\"fb-root\"><\/div>\n\n<p>\u2022El municipio reconoce a las infancias como el coraz\u00f3n de la transformaci\u00f3n social<\/p>\n\n\n\n<figure class=\"wp-block-image size-large\"><img fetchpriority=\"high\" decoding=\"async\" width=\"1024\" height=\"684\" src=\"https:\/\/contextoanalisisperiodistico.com\/wp-content\/uploads\/2025\/05\/img-20250506-wa0106101566181532806905-1024x684.jpg\" alt=\"\" class=\"wp-image-41031\" srcset=\"https:\/\/contextoanalisisperiodistico.com\/wp-content\/uploads\/2025\/05\/img-20250506-wa0106101566181532806905-1024x684.jpg 1024w, https:\/\/contextoanalisisperiodistico.com\/wp-content\/uploads\/2025\/05\/img-20250506-wa0106101566181532806905-300x200.jpg 300w, https:\/\/contextoanalisisperiodistico.com\/wp-content\/uploads\/2025\/05\/img-20250506-wa0106101566181532806905-768x513.jpg 768w, https:\/\/contextoanalisisperiodistico.com\/wp-content\/uploads\/2025\/05\/img-20250506-wa0106101566181532806905-1536x1027.jpg 1536w, https:\/\/contextoanalisisperiodistico.com\/wp-content\/uploads\/2025\/05\/img-20250506-wa0106101566181532806905.jpg 1616w\" sizes=\"(max-width: 1024px) 100vw, 1024px\" \/><\/figure>\n\n\n\n<figure class=\"wp-block-image\"><img decoding=\"async\" width=\"1024\" height=\"684\" src=\"https:\/\/contextoanalisisperiodistico.com\/wp-content\/uploads\/2025\/05\/img-20250506-wa01088110483489265910426-1024x684.jpg\" alt=\"\" class=\"wp-image-41033\" srcset=\"https:\/\/contextoanalisisperiodistico.com\/wp-content\/uploads\/2025\/05\/img-20250506-wa01088110483489265910426-1024x684.jpg 1024w, https:\/\/contextoanalisisperiodistico.com\/wp-content\/uploads\/2025\/05\/img-20250506-wa01088110483489265910426-300x200.jpg 300w, https:\/\/contextoanalisisperiodistico.com\/wp-content\/uploads\/2025\/05\/img-20250506-wa01088110483489265910426-768x513.jpg 768w, https:\/\/contextoanalisisperiodistico.com\/wp-content\/uploads\/2025\/05\/img-20250506-wa01088110483489265910426.jpg 1414w\" sizes=\"(max-width: 1024px) 100vw, 1024px\" \/><\/figure>\n\n\n\n<figure class=\"wp-block-image\"><img decoding=\"async\" width=\"1024\" height=\"684\" src=\"https:\/\/contextoanalisisperiodistico.com\/wp-content\/uploads\/2025\/05\/img-20250506-wa01053117489228966050831-1024x684.jpg\" alt=\"\" class=\"wp-image-41032\" srcset=\"https:\/\/contextoanalisisperiodistico.com\/wp-content\/uploads\/2025\/05\/img-20250506-wa01053117489228966050831-1024x684.jpg 1024w, https:\/\/contextoanalisisperiodistico.com\/wp-content\/uploads\/2025\/05\/img-20250506-wa01053117489228966050831-300x201.jpg 300w, https:\/\/contextoanalisisperiodistico.com\/wp-content\/uploads\/2025\/05\/img-20250506-wa01053117489228966050831-768x513.jpg 768w, https:\/\/contextoanalisisperiodistico.com\/wp-content\/uploads\/2025\/05\/img-20250506-wa01053117489228966050831.jpg 1499w\" sizes=\"(max-width: 1024px) 100vw, 1024px\" \/><\/figure>\n\n\n\n<figure class=\"wp-block-image\"><img loading=\"lazy\" decoding=\"async\" width=\"1024\" height=\"638\" src=\"https:\/\/contextoanalisisperiodistico.com\/wp-content\/uploads\/2025\/05\/img-20250506-wa01078188425701381084090-1024x638.jpg\" alt=\"\" class=\"wp-image-41034\" srcset=\"https:\/\/contextoanalisisperiodistico.com\/wp-content\/uploads\/2025\/05\/img-20250506-wa01078188425701381084090-1024x638.jpg 1024w, https:\/\/contextoanalisisperiodistico.com\/wp-content\/uploads\/2025\/05\/img-20250506-wa01078188425701381084090-300x187.jpg 300w, https:\/\/contextoanalisisperiodistico.com\/wp-content\/uploads\/2025\/05\/img-20250506-wa01078188425701381084090-768x479.jpg 768w, https:\/\/contextoanalisisperiodistico.com\/wp-content\/uploads\/2025\/05\/img-20250506-wa01078188425701381084090-1536x957.jpg 1536w, https:\/\/contextoanalisisperiodistico.com\/wp-content\/uploads\/2025\/05\/img-20250506-wa01078188425701381084090-400x250.jpg 400w, https:\/\/contextoanalisisperiodistico.com\/wp-content\/uploads\/2025\/05\/img-20250506-wa01078188425701381084090.jpg 1577w\" sizes=\"(max-width: 1024px) 100vw, 1024px\" \/><\/figure>\n\n\n\n<figure class=\"wp-block-image\"><img loading=\"lazy\" decoding=\"async\" width=\"1024\" height=\"834\" src=\"https:\/\/contextoanalisisperiodistico.com\/wp-content\/uploads\/2025\/05\/img-20250506-wa01033010976463081136506-1024x834.jpg\" alt=\"\" class=\"wp-image-41035\" srcset=\"https:\/\/contextoanalisisperiodistico.com\/wp-content\/uploads\/2025\/05\/img-20250506-wa01033010976463081136506-1024x834.jpg 1024w, https:\/\/contextoanalisisperiodistico.com\/wp-content\/uploads\/2025\/05\/img-20250506-wa01033010976463081136506-300x244.jpg 300w, https:\/\/contextoanalisisperiodistico.com\/wp-content\/uploads\/2025\/05\/img-20250506-wa01033010976463081136506-768x625.jpg 768w, https:\/\/contextoanalisisperiodistico.com\/wp-content\/uploads\/2025\/05\/img-20250506-wa01033010976463081136506.jpg 1088w\" sizes=\"(max-width: 1024px) 100vw, 1024px\" \/><\/figure>\n\n\n\n<p>Oaxaca de Ju\u00e1rez, Oax., 6 de mayo de 2025.\u2013 El municipio de Oaxaca de Ju\u00e1rez particip\u00f3 este martes en el foro \u201cGuardianes de los Derechos\u201d, una iniciativa del DIF Estatal Oaxaca que pone en el centro a ni\u00f1as y ni\u00f1os como sujetos de derechos y agentes activos de cambio.<\/p>\n\n\n\n<p>Encabezado por la presidenta honoraria del DIF Oaxaca, Irma Bola\u00f1os Quijano, este espacio reafirma el compromiso de los gobiernos estatal y municipal con una ni\u00f1ez protegida, escuchada y formada en valores. Durante el encuentro se compartieron reflexiones sobre la importancia de educar desde la ra\u00edz en el respeto y el ejercicio pleno de los derechos de la infancia.<\/p>\n\n\n\n<p>En representaci\u00f3n del municipio, asisti\u00f3 la presidenta honoraria del DIF Municipal, Gaby Garc\u00eda, quien refrend\u00f3 el compromiso de Oaxaca de Ju\u00e1rez con el bienestar de la ni\u00f1ez, as\u00ed como Vilma Mart\u00ednez Cort\u00e9s, secretaria de Bienestar del Gobierno del Estado.<\/p>\n\n\n\n<p>El presidente municipal, Ray Chagoya, expres\u00f3 que ser una ciudad cuidadora implica proteger con amor, educar con valores y garantizar, desde lo local, los derechos fundamentales de ni\u00f1as y ni\u00f1os. \u201cLa transformaci\u00f3n comienza por las infancias\u201d, destac\u00f3.<\/p>\n\n\n\n<p>El gobierno municipal celebra este tipo de foros como espacios que fortalecen la construcci\u00f3n de un Oaxaca m\u00e1s justo, incluyente y con visi\u00f3n de futuro.<\/p>\n","protected":false},"excerpt":{"rendered":"<p>\u2022El municipio reconoce a las infancias como el coraz\u00f3n de la transformaci\u00f3n social Oaxaca de&#8230;<\/p>\n","protected":false},"author":4,"featured_media":41030,"comment_status":"closed","ping_status":"open","sticky":false,"template":"","format":"standard","meta":{"footnotes":""},"categories":[9],"tags":[178,235,234,45],"jetpack_sharing_enabled":true,"featured_image_urls":{"full":["https:\/\/contextoanalisisperiodistico.com\/wp-content\/uploads\/2025\/05\/IMG-20250506-WA0104.jpg",830,525,false],"thumbnail":["https:\/\/contextoanalisisperiodistico.com\/wp-content\/uploads\/2025\/05\/IMG-20250506-WA0104-150x150.jpg",150,150,true],"medium":["https:\/\/contextoanalisisperiodistico.com\/wp-content\/uploads\/2025\/05\/IMG-20250506-WA0104-300x190.jpg",300,190,true],"medium_large":["https:\/\/contextoanalisisperiodistico.com\/wp-content\/uploads\/2025\/05\/IMG-20250506-WA0104-768x486.jpg",640,405,true],"large":["https:\/\/contextoanalisisperiodistico.com\/wp-content\/uploads\/2025\/05\/IMG-20250506-WA0104.jpg",640,405,false],"1536x1536":["https:\/\/contextoanalisisperiodistico.com\/wp-content\/uploads\/2025\/05\/IMG-20250506-WA0104.jpg",830,525,false],"2048x2048":["https:\/\/contextoanalisisperiodistico.com\/wp-content\/uploads\/2025\/05\/IMG-20250506-WA0104.jpg",830,525,false],"covernews-slider-full":["https:\/\/contextoanalisisperiodistico.com\/wp-content\/uploads\/2025\/05\/IMG-20250506-WA0104.jpg",830,525,false],"covernews-slider-center":["https:\/\/contextoanalisisperiodistico.com\/wp-content\/uploads\/2025\/05\/IMG-20250506-WA0104-800x500.jpg",800,500,true],"covernews-featured":["https:\/\/contextoanalisisperiodistico.com\/wp-content\/uploads\/2025\/05\/IMG-20250506-WA0104.jpg",830,525,false],"covernews-medium":["https:\/\/contextoanalisisperiodistico.com\/wp-content\/uploads\/2025\/05\/IMG-20250506-WA0104-540x340.jpg",540,340,true],"covernews-medium-square":["https:\/\/contextoanalisisperiodistico.com\/wp-content\/uploads\/2025\/05\/IMG-20250506-WA0104-400x250.jpg",400,250,true]},"author_info":{"display_name":"Mario Gir\u00f3n","author_link":"https:\/\/contextoanalisisperiodistico.com\/index.php\/author\/director\/"},"category_info":"<a href=\"https:\/\/contextoanalisisperiodistico.com\/index.php\/category\/politica\/\" rel=\"category tag\">Pol\u00edtica<\/a>","tag_info":"Pol\u00edtica","comment_count":"0","jetpack_featured_media_url":"https:\/\/contextoanalisisperiodistico.com\/wp-content\/uploads\/2025\/05\/IMG-20250506-WA0104.jpg","_links":{"self":[{"href":"https:\/\/contextoanalisisperiodistico.com\/index.php\/wp-json\/wp\/v2\/posts\/41036"}],"collection":[{"href":"https:\/\/contextoanalisisperiodistico.com\/index.php\/wp-json\/wp\/v2\/posts"}],"about":[{"href":"https:\/\/contextoanalisisperiodistico.com\/index.php\/wp-json\/wp\/v2\/types\/post"}],"author":[{"embeddable":true,"href":"https:\/\/contextoanalisisperiodistico.com\/index.php\/wp-json\/wp\/v2\/users\/4"}],"replies":[{"embeddable":true,"href":"https:\/\/contextoanalisisperiodistico.com\/index.php\/wp-json\/wp\/v2\/comments?post=41036"}],"version-history":[{"count":1,"href":"https:\/\/contextoanalisisperiodistico.com\/index.php\/wp-json\/wp\/v2\/posts\/41036\/revisions"}],"predecessor-version":[{"id":41037,"href":"https:\/\/contextoanalisisperiodistico.com\/index.php\/wp-json\/wp\/v2\/posts\/41036\/revisions\/41037"}],"wp:featuredmedia":[{"embeddable":true,"href":"https:\/\/contextoanalisisperiodistico.com\/index.php\/wp-json\/wp\/v2\/media\/41030"}],"wp:attachment":[{"href":"https:\/\/contextoanalisisperiodistico.com\/index.php\/wp-json\/wp\/v2\/media?parent=41036"}],"wp:term":[{"taxonomy":"category","embeddable":true,"href":"https:\/\/contextoanalisisperiodistico.com\/index.php\/wp-json\/wp\/v2\/categories?post=41036"},{"taxonomy":"post_tag","embeddable":true,"href":"https:\/\/contextoanalisisperiodistico.com\/index.php\/wp-json\/wp\/v2\/tags?post=41036"}],"curies":[{"name":"wp","href":"https:\/\/api.w.org\/{rel}","templated":true}]}}