{"id":40886,"date":"2025-05-03T10:03:06","date_gmt":"2025-05-03T16:03:06","guid":{"rendered":"https:\/\/contextoanalisisperiodistico.com\/index.php\/2025\/05\/03\/con-cupo-total-en-el-teatro-alcala-orquesta-sinfonica-de-oaxaca-interpreta-piezas-de-joseph-haydn-y-tchaikovsky\/"},"modified":"2025-05-03T10:04:01","modified_gmt":"2025-05-03T16:04:01","slug":"con-cupo-total-en-el-teatro-alcala-orquesta-sinfonica-de-oaxaca-interpreta-piezas-de-joseph-haydn-y-tchaikovsky","status":"publish","type":"post","link":"https:\/\/contextoanalisisperiodistico.com\/index.php\/2025\/05\/03\/con-cupo-total-en-el-teatro-alcala-orquesta-sinfonica-de-oaxaca-interpreta-piezas-de-joseph-haydn-y-tchaikovsky\/","title":{"rendered":"En el teatro Alcal\u00e1, Orquesta Sinf\u00f3nica de Oaxaca interpreta piezas de Joseph Haydn y Tchaikovsky"},"content":{"rendered":"<div id=\"fb-root\"><\/div>\n\n<p>\u2022 El p\u00fablico disfrut\u00f3 de un concierto a cargo del director invitado Rey Alejandro Conde Valdivia<\/p>\n\n\n\n<p>Oaxaca de Ju\u00e1rez Oax. 3 de mayo de 2025.- La Orquesta Sinf\u00f3nica de Oaxaca (OSO) present\u00f3 su cuarto concierto de la temporada 2025 en el teatro Macedonio Alcal\u00e1, el cual cont\u00f3 con la presencia del titular de la Secretar\u00eda de las Culturas y Artes (Seculta), Flavio Sosa Villavicencio.<\/p>\n\n\n\n<p>El concierto, tuvo como director invitado a Rey Alejandro Conde Valdivia, originario de Xalapa, Veracruz; quien cuenta con una amplia trayectoria musical. Con gran fluidez y precisi\u00f3n, gui\u00f3 a la orquesta, llevando de principio a fin el ritmo y los tiempos musicales con exactitud, pero al mismo tiempo de forma org\u00e1nica.<\/p>\n\n\n\n<p>En esta ocasi\u00f3n se interpretaron la \u201cSinfon\u00eda n\u00famero 88, en sol mayor\u201d de Joseph Haydn y Segunda Sinfon\u00eda, en do menor, Op. 17, \u201cPeque\u00f1a Rusia\u201d de Piotr Ilich Tchaikovsky; ante un teatro con cupo lleno.<\/p>\n\n\n\n<p>Como es costumbre la OSO inici\u00f3 su interpretaci\u00f3n de manera puntual, con el primer movimiento Allegro sol mayor de la \u201cSinfon\u00eda n\u00famero 88\u201d, la cual se caracteriza por su car\u00e1cter alegre, con melod\u00edas pegadizas y un final que suele ser descrito como divertido y juguet\u00f3n.<\/p>\n\n\n\n<p>Continuaron los movimientos Largo mi menor y Minueto sol mayor, para culminar con un Allegro Molto sol mayor, que durante aproximadamente 25 minutos deleitaron al p\u00fablico, el cual rompi\u00f3 en aplausos al terminar la \u00faltima nota de este primer momento.<\/p>\n\n\n\n<p>Tras una breve pausa, la OSO continu\u00f3 con la segunda pieza de la noche, Sinfon\u00eda en do menor, Op. 17, \u201cPeque\u00f1a Rusia\u201d, que se caracteriza en su primer movimiento por elementos folcl\u00f3ricos de la antigua Rusia, hoy Ucrania.<\/p>\n\n\n\n<p>En el segundo movimiento de la pieza se escuch\u00f3 una marcha con una orquestaci\u00f3n que gener\u00f3 una atm\u00f3sfera misteriosa, para despu\u00e9s, en un tercer momento, dar paso a un Allegro molto vivace que emul\u00f3 a la m\u00fasica popular de la vieja Rusia.<\/p>\n\n\n\n<p>Ya, por \u00faltimo, se ejecut\u00f3 el cuarto movimiento Finale Moderato assai \u2013 Allegro vivo, en do mayor, donde la melod\u00eda recrea escenas de alegr\u00eda popular de las \u00f3peras rusas, y que es de donde se desprende el t\u00edtulo de \u201cPeque\u00f1a Rusia\u201d.<\/p>\n\n\n\n<p>Para ganarse alguno de los pases de la secci\u00f3n de palcos, en el pr\u00f3ximo concierto de la OSO previsto el 16 de mayo; Seculta inform\u00f3 que estos se incluir\u00e1n en la din\u00e1mica de la campa\u00f1a \u201cCazadores de letras\u201d, mediante la cual las y los interesados localizar\u00e1n libros en espacios culturales y p\u00fablicos de la ciudad.<\/p>\n\n\n\n<p>-0-<\/p>\n\n\n\n<figure class=\"wp-block-image size-large\"><img fetchpriority=\"high\" decoding=\"async\" width=\"1024\" height=\"682\" src=\"https:\/\/contextoanalisisperiodistico.com\/wp-content\/uploads\/2025\/05\/img-20250503-wa0040199010795674943313-1024x682.jpg\" alt=\"\" class=\"wp-image-40884\" srcset=\"https:\/\/contextoanalisisperiodistico.com\/wp-content\/uploads\/2025\/05\/img-20250503-wa0040199010795674943313-1024x682.jpg 1024w, https:\/\/contextoanalisisperiodistico.com\/wp-content\/uploads\/2025\/05\/img-20250503-wa0040199010795674943313-300x200.jpg 300w, https:\/\/contextoanalisisperiodistico.com\/wp-content\/uploads\/2025\/05\/img-20250503-wa0040199010795674943313-768x512.jpg 768w, https:\/\/contextoanalisisperiodistico.com\/wp-content\/uploads\/2025\/05\/img-20250503-wa0040199010795674943313-1536x1023.jpg 1536w, https:\/\/contextoanalisisperiodistico.com\/wp-content\/uploads\/2025\/05\/img-20250503-wa0040199010795674943313.jpg 1600w\" sizes=\"(max-width: 1024px) 100vw, 1024px\" \/><\/figure>\n\n\n\n<figure class=\"wp-block-image\"><img decoding=\"async\" width=\"1024\" height=\"576\" src=\"https:\/\/contextoanalisisperiodistico.com\/wp-content\/uploads\/2025\/05\/img-20250503-wa00425018629645425595175-1024x576.jpg\" alt=\"\" class=\"wp-image-40883\" srcset=\"https:\/\/contextoanalisisperiodistico.com\/wp-content\/uploads\/2025\/05\/img-20250503-wa00425018629645425595175-1024x576.jpg 1024w, https:\/\/contextoanalisisperiodistico.com\/wp-content\/uploads\/2025\/05\/img-20250503-wa00425018629645425595175-300x169.jpg 300w, https:\/\/contextoanalisisperiodistico.com\/wp-content\/uploads\/2025\/05\/img-20250503-wa00425018629645425595175-768x432.jpg 768w, https:\/\/contextoanalisisperiodistico.com\/wp-content\/uploads\/2025\/05\/img-20250503-wa00425018629645425595175-1536x864.jpg 1536w, https:\/\/contextoanalisisperiodistico.com\/wp-content\/uploads\/2025\/05\/img-20250503-wa00425018629645425595175.jpg 1600w\" sizes=\"(max-width: 1024px) 100vw, 1024px\" \/><\/figure>\n\n\n\n<figure class=\"wp-block-image\"><img decoding=\"async\" width=\"1024\" height=\"682\" src=\"https:\/\/contextoanalisisperiodistico.com\/wp-content\/uploads\/2025\/05\/img-20250503-wa0041660183553953648515-1024x682.jpg\" alt=\"\" class=\"wp-image-40885\" srcset=\"https:\/\/contextoanalisisperiodistico.com\/wp-content\/uploads\/2025\/05\/img-20250503-wa0041660183553953648515-1024x682.jpg 1024w, https:\/\/contextoanalisisperiodistico.com\/wp-content\/uploads\/2025\/05\/img-20250503-wa0041660183553953648515-300x200.jpg 300w, https:\/\/contextoanalisisperiodistico.com\/wp-content\/uploads\/2025\/05\/img-20250503-wa0041660183553953648515-768x512.jpg 768w, https:\/\/contextoanalisisperiodistico.com\/wp-content\/uploads\/2025\/05\/img-20250503-wa0041660183553953648515-1536x1023.jpg 1536w, https:\/\/contextoanalisisperiodistico.com\/wp-content\/uploads\/2025\/05\/img-20250503-wa0041660183553953648515.jpg 1600w\" sizes=\"(max-width: 1024px) 100vw, 1024px\" \/><\/figure>\n","protected":false},"excerpt":{"rendered":"<p>\u2022 El p\u00fablico disfrut\u00f3 de un concierto a cargo del director invitado Rey Alejandro Conde&#8230;<\/p>\n","protected":false},"author":4,"featured_media":40882,"comment_status":"closed","ping_status":"open","sticky":false,"template":"","format":"standard","meta":{"footnotes":""},"categories":[4],"tags":[],"jetpack_sharing_enabled":true,"featured_image_urls":{"full":["https:\/\/contextoanalisisperiodistico.com\/wp-content\/uploads\/2025\/05\/IMG-20250503-WA0044.jpg",1600,1066,false],"thumbnail":["https:\/\/contextoanalisisperiodistico.com\/wp-content\/uploads\/2025\/05\/IMG-20250503-WA0044-150x150.jpg",150,150,true],"medium":["https:\/\/contextoanalisisperiodistico.com\/wp-content\/uploads\/2025\/05\/IMG-20250503-WA0044-300x200.jpg",300,200,true],"medium_large":["https:\/\/contextoanalisisperiodistico.com\/wp-content\/uploads\/2025\/05\/IMG-20250503-WA0044-768x512.jpg",640,427,true],"large":["https:\/\/contextoanalisisperiodistico.com\/wp-content\/uploads\/2025\/05\/IMG-20250503-WA0044-1024x682.jpg",640,426,true],"1536x1536":["https:\/\/contextoanalisisperiodistico.com\/wp-content\/uploads\/2025\/05\/IMG-20250503-WA0044-1536x1023.jpg",1536,1023,true],"2048x2048":["https:\/\/contextoanalisisperiodistico.com\/wp-content\/uploads\/2025\/05\/IMG-20250503-WA0044.jpg",1600,1066,false],"covernews-slider-full":["https:\/\/contextoanalisisperiodistico.com\/wp-content\/uploads\/2025\/05\/IMG-20250503-WA0044-1115x715.jpg",1115,715,true],"covernews-slider-center":["https:\/\/contextoanalisisperiodistico.com\/wp-content\/uploads\/2025\/05\/IMG-20250503-WA0044-800x500.jpg",800,500,true],"covernews-featured":["https:\/\/contextoanalisisperiodistico.com\/wp-content\/uploads\/2025\/05\/IMG-20250503-WA0044-1024x682.jpg",1024,682,true],"covernews-medium":["https:\/\/contextoanalisisperiodistico.com\/wp-content\/uploads\/2025\/05\/IMG-20250503-WA0044-540x340.jpg",540,340,true],"covernews-medium-square":["https:\/\/contextoanalisisperiodistico.com\/wp-content\/uploads\/2025\/05\/IMG-20250503-WA0044-400x250.jpg",400,250,true]},"author_info":{"display_name":"Mario Gir\u00f3n","author_link":"https:\/\/contextoanalisisperiodistico.com\/index.php\/author\/director\/"},"category_info":"<a href=\"https:\/\/contextoanalisisperiodistico.com\/index.php\/category\/cultura\/\" rel=\"category tag\">Cultura<\/a>","tag_info":"Cultura","comment_count":"0","jetpack_featured_media_url":"https:\/\/contextoanalisisperiodistico.com\/wp-content\/uploads\/2025\/05\/IMG-20250503-WA0044.jpg","_links":{"self":[{"href":"https:\/\/contextoanalisisperiodistico.com\/index.php\/wp-json\/wp\/v2\/posts\/40886"}],"collection":[{"href":"https:\/\/contextoanalisisperiodistico.com\/index.php\/wp-json\/wp\/v2\/posts"}],"about":[{"href":"https:\/\/contextoanalisisperiodistico.com\/index.php\/wp-json\/wp\/v2\/types\/post"}],"author":[{"embeddable":true,"href":"https:\/\/contextoanalisisperiodistico.com\/index.php\/wp-json\/wp\/v2\/users\/4"}],"replies":[{"embeddable":true,"href":"https:\/\/contextoanalisisperiodistico.com\/index.php\/wp-json\/wp\/v2\/comments?post=40886"}],"version-history":[{"count":1,"href":"https:\/\/contextoanalisisperiodistico.com\/index.php\/wp-json\/wp\/v2\/posts\/40886\/revisions"}],"predecessor-version":[{"id":40887,"href":"https:\/\/contextoanalisisperiodistico.com\/index.php\/wp-json\/wp\/v2\/posts\/40886\/revisions\/40887"}],"wp:featuredmedia":[{"embeddable":true,"href":"https:\/\/contextoanalisisperiodistico.com\/index.php\/wp-json\/wp\/v2\/media\/40882"}],"wp:attachment":[{"href":"https:\/\/contextoanalisisperiodistico.com\/index.php\/wp-json\/wp\/v2\/media?parent=40886"}],"wp:term":[{"taxonomy":"category","embeddable":true,"href":"https:\/\/contextoanalisisperiodistico.com\/index.php\/wp-json\/wp\/v2\/categories?post=40886"},{"taxonomy":"post_tag","embeddable":true,"href":"https:\/\/contextoanalisisperiodistico.com\/index.php\/wp-json\/wp\/v2\/tags?post=40886"}],"curies":[{"name":"wp","href":"https:\/\/api.w.org\/{rel}","templated":true}]}}