{"id":40838,"date":"2025-05-02T16:09:22","date_gmt":"2025-05-02T22:09:22","guid":{"rendered":"https:\/\/contextoanalisisperiodistico.com\/index.php\/2025\/05\/02\/policia-municipal-asegura-camioneta-con-reporte-de-robo-activo-y-detiene-a-conductor\/"},"modified":"2025-05-02T16:09:22","modified_gmt":"2025-05-02T22:09:22","slug":"policia-municipal-asegura-camioneta-con-reporte-de-robo-activo-y-detiene-a-conductor","status":"publish","type":"post","link":"https:\/\/contextoanalisisperiodistico.com\/index.php\/2025\/05\/02\/policia-municipal-asegura-camioneta-con-reporte-de-robo-activo-y-detiene-a-conductor\/","title":{"rendered":"Polic\u00eda Municipal asegura camioneta con reporte de robo activo y detiene a conductor"},"content":{"rendered":"<div id=\"fb-root\"><\/div>\n\n<p>Oaxaca de Ju\u00e1rez, Oax., 02 de mayo de 2025.- Personal de la Secretar\u00eda de Seguridad Vecinal realiz\u00f3 la detenci\u00f3n del conductor de una camioneta al resultar con reporte de robo activo.<\/p>\n\n\n\n<figure class=\"wp-block-image size-large\"><img fetchpriority=\"high\" decoding=\"async\" width=\"1024\" height=\"576\" src=\"https:\/\/contextoanalisisperiodistico.com\/wp-content\/uploads\/2025\/05\/img-20250502-wa01069001607526320641514-1024x576.jpg\" alt=\"\" class=\"wp-image-40837\" srcset=\"https:\/\/contextoanalisisperiodistico.com\/wp-content\/uploads\/2025\/05\/img-20250502-wa01069001607526320641514-1024x576.jpg 1024w, https:\/\/contextoanalisisperiodistico.com\/wp-content\/uploads\/2025\/05\/img-20250502-wa01069001607526320641514-300x169.jpg 300w, https:\/\/contextoanalisisperiodistico.com\/wp-content\/uploads\/2025\/05\/img-20250502-wa01069001607526320641514-768x432.jpg 768w, https:\/\/contextoanalisisperiodistico.com\/wp-content\/uploads\/2025\/05\/img-20250502-wa01069001607526320641514-1536x864.jpg 1536w, https:\/\/contextoanalisisperiodistico.com\/wp-content\/uploads\/2025\/05\/img-20250502-wa01069001607526320641514.jpg 1600w\" sizes=\"(max-width: 1024px) 100vw, 1024px\" \/><\/figure>\n\n\n\n<p>Este viernes a las 07:49 horas, el C-4 alert\u00f3 a elementos de la Direcci\u00f3n de Proximidad Social sobre la camioneta Nissan NP300 color blanco, sin placa de circulaci\u00f3n, la cual activ\u00f3 el Arco del Registro P\u00fablico de Veh\u00edculos al ingresar a la ciudad, en la zona de Etla.<\/p>\n\n\n\n<p>Al contar con las caracter\u00edsticas del veh\u00edculo, elementos de la Unidad Motorizada de Acci\u00f3n R\u00e1pida (UMAR) implementaron un operativo de b\u00fasqueda y localizaci\u00f3n.<\/p>\n\n\n\n<p>A las 07:55 horas, los elementos observaron que en la avenida G\u00f3mez Mor\u00edn, frente a la gasolinera en las inmediaciones de la colonia Estado de Oaxaca, circulaba una camioneta con las mismas caracter\u00edsticas, por lo cual le solicitaron al conductor que detuviera su marcha, mismo que hizo alto y acept\u00f3 la inspecci\u00f3n al veh\u00edculo y su persona.<\/p>\n\n\n\n<p>Fue as\u00ed como, a trav\u00e9s del C-4, confirmaron que ser trataba de la misma camioneta Nissan NP 300 color blanco, ya hab\u00eda activado la alerta del Repuve.<\/p>\n\n\n\n<p>Debido a ello, aseguraron el veh\u00edculo y procedieron a la detenci\u00f3n del conductor, quien dijo llamarse Celso A. O. B., de 72 a\u00f1os de edad, quien junto con el veh\u00edculo qued\u00f3 a disposici\u00f3n de la Fiscal\u00eda General del Estado para determinar su situaci\u00f3n jur\u00eddica.<\/p>\n\n\n\n<p>Con estas acciones, la Secretar\u00eda de Seguridad Vecinal garantiza la seguridad de las vecinas y vecinos de Oaxaca de Ju\u00e1rez.<\/p>\n","protected":false},"excerpt":{"rendered":"<p>Oaxaca de Ju\u00e1rez, Oax., 02 de mayo de 2025.- Personal de la Secretar\u00eda de Seguridad&#8230;<\/p>\n","protected":false},"author":4,"featured_media":40836,"comment_status":"","ping_status":"open","sticky":false,"template":"","format":"standard","meta":{"footnotes":""},"categories":[10],"tags":[178,235,234],"jetpack_sharing_enabled":true,"featured_image_urls":{"full":["https:\/\/contextoanalisisperiodistico.com\/wp-content\/uploads\/2025\/05\/IMG-20250502-WA0107.jpg",684,855,false],"thumbnail":["https:\/\/contextoanalisisperiodistico.com\/wp-content\/uploads\/2025\/05\/IMG-20250502-WA0107-150x150.jpg",150,150,true],"medium":["https:\/\/contextoanalisisperiodistico.com\/wp-content\/uploads\/2025\/05\/IMG-20250502-WA0107-240x300.jpg",240,300,true],"medium_large":["https:\/\/contextoanalisisperiodistico.com\/wp-content\/uploads\/2025\/05\/IMG-20250502-WA0107.jpg",640,800,false],"large":["https:\/\/contextoanalisisperiodistico.com\/wp-content\/uploads\/2025\/05\/IMG-20250502-WA0107.jpg",640,800,false],"1536x1536":["https:\/\/contextoanalisisperiodistico.com\/wp-content\/uploads\/2025\/05\/IMG-20250502-WA0107.jpg",684,855,false],"2048x2048":["https:\/\/contextoanalisisperiodistico.com\/wp-content\/uploads\/2025\/05\/IMG-20250502-WA0107.jpg",684,855,false],"covernews-slider-full":["https:\/\/contextoanalisisperiodistico.com\/wp-content\/uploads\/2025\/05\/IMG-20250502-WA0107-684x715.jpg",684,715,true],"covernews-slider-center":["https:\/\/contextoanalisisperiodistico.com\/wp-content\/uploads\/2025\/05\/IMG-20250502-WA0107-684x500.jpg",684,500,true],"covernews-featured":["https:\/\/contextoanalisisperiodistico.com\/wp-content\/uploads\/2025\/05\/IMG-20250502-WA0107.jpg",684,855,false],"covernews-medium":["https:\/\/contextoanalisisperiodistico.com\/wp-content\/uploads\/2025\/05\/IMG-20250502-WA0107-540x340.jpg",540,340,true],"covernews-medium-square":["https:\/\/contextoanalisisperiodistico.com\/wp-content\/uploads\/2025\/05\/IMG-20250502-WA0107-400x250.jpg",400,250,true]},"author_info":{"display_name":"Mario Gir\u00f3n","author_link":"https:\/\/contextoanalisisperiodistico.com\/index.php\/author\/director\/"},"category_info":"<a href=\"https:\/\/contextoanalisisperiodistico.com\/index.php\/category\/seguridad\/\" rel=\"category tag\">Seguridad<\/a>","tag_info":"Seguridad","comment_count":"0","jetpack_featured_media_url":"https:\/\/contextoanalisisperiodistico.com\/wp-content\/uploads\/2025\/05\/IMG-20250502-WA0107.jpg","_links":{"self":[{"href":"https:\/\/contextoanalisisperiodistico.com\/index.php\/wp-json\/wp\/v2\/posts\/40838"}],"collection":[{"href":"https:\/\/contextoanalisisperiodistico.com\/index.php\/wp-json\/wp\/v2\/posts"}],"about":[{"href":"https:\/\/contextoanalisisperiodistico.com\/index.php\/wp-json\/wp\/v2\/types\/post"}],"author":[{"embeddable":true,"href":"https:\/\/contextoanalisisperiodistico.com\/index.php\/wp-json\/wp\/v2\/users\/4"}],"replies":[{"embeddable":true,"href":"https:\/\/contextoanalisisperiodistico.com\/index.php\/wp-json\/wp\/v2\/comments?post=40838"}],"version-history":[{"count":0,"href":"https:\/\/contextoanalisisperiodistico.com\/index.php\/wp-json\/wp\/v2\/posts\/40838\/revisions"}],"wp:featuredmedia":[{"embeddable":true,"href":"https:\/\/contextoanalisisperiodistico.com\/index.php\/wp-json\/wp\/v2\/media\/40836"}],"wp:attachment":[{"href":"https:\/\/contextoanalisisperiodistico.com\/index.php\/wp-json\/wp\/v2\/media?parent=40838"}],"wp:term":[{"taxonomy":"category","embeddable":true,"href":"https:\/\/contextoanalisisperiodistico.com\/index.php\/wp-json\/wp\/v2\/categories?post=40838"},{"taxonomy":"post_tag","embeddable":true,"href":"https:\/\/contextoanalisisperiodistico.com\/index.php\/wp-json\/wp\/v2\/tags?post=40838"}],"curies":[{"name":"wp","href":"https:\/\/api.w.org\/{rel}","templated":true}]}}