{"id":40827,"date":"2025-05-02T12:49:41","date_gmt":"2025-05-02T18:49:41","guid":{"rendered":"https:\/\/contextoanalisisperiodistico.com\/index.php\/2025\/05\/02\/cierra-con-exito-festival-primavera-rodolfo-morales-2025-celebracion-por-los-493-anos-de-oaxaca-de-juarez\/"},"modified":"2025-05-02T12:56:09","modified_gmt":"2025-05-02T18:56:09","slug":"cierra-con-exito-festival-primavera-rodolfo-morales-2025-celebracion-por-los-493-anos-de-oaxaca-de-juarez","status":"publish","type":"post","link":"https:\/\/contextoanalisisperiodistico.com\/index.php\/2025\/05\/02\/cierra-con-exito-festival-primavera-rodolfo-morales-2025-celebracion-por-los-493-anos-de-oaxaca-de-juarez\/","title":{"rendered":"Cierra con \u00e9xito Festival Primavera Rodolfo Morales 2025"},"content":{"rendered":"<div id=\"fb-root\"><\/div>\n\n<p>*Vecinas y vecinos disfrutaron m\u00e1s de 72 actividades gratuitas en diversos espacios de la ciudad por la celebraci\u00f3n de los 493 a\u00f1os de Oaxaca de Ju\u00e1rez<\/p>\n\n\n\n<figure class=\"wp-block-video\"><video controls src=\"https:\/\/contextoanalisisperiodistico.com\/wp-content\/uploads\/2025\/05\/VID-20250502-WA0062.mp4\"><\/video><\/figure>\n\n\n\n<p>Oaxaca de Ju\u00e1rez, Oax., 2 de mayo de 2025.- Del 20 al 30 de abril, vecinas y vecinos de Oaxaca de Ju\u00e1rez vivieron una gran jornada cultural con motivo del 493 aniversario de la ciudad, a trav\u00e9s del Festival Primavera Rodolfo Morales 2025, que ofreci\u00f3 m\u00e1s de 72 actividades gratuitas en barrios, colonias y agencias municipales.<\/p>\n\n\n\n<p>Con el respaldo del Gobierno del Estado y en coordinaci\u00f3n con la Secretar\u00eda de las Culturas y Artes (SECULTA), el gobierno municipal que encabeza Ray Chagoya llev\u00f3 arte, m\u00fasica, tradici\u00f3n y convivencia a trav\u00e9s de conciertos estelares como Los \u00c1ngeles Azules, Molotov y Man\u00e9 de la Parra, adem\u00e1s de presentaciones de la Banda de M\u00fasica del Estado, la Marimba del Estado y la Orquesta Primavera.<\/p>\n\n\n\n<p>La ciudadan\u00eda particip\u00f3 activamente en actividades deportivas, talleres de cer\u00e1mica, arte popular, fotograf\u00eda, danza, teatro y eventos comunitarios como la carrera atl\u00e9tica con m\u00e1s de 1,500 corredores, las tradicionales ma\u00f1anitas y un espect\u00e1culo a\u00e9reo que ilumin\u00f3 el cielo capitalino.<\/p>\n\n\n\n<p>El festival se vivi\u00f3 en lugares como la Plaza de la Danza, el Z\u00f3calo, la Alameda de Le\u00f3n y el Parque Primavera, y por primera vez lleg\u00f3 a agencias municipales como Santa Rosa Panzacola, Cinco Se\u00f1ores, San Mart\u00edn Mexicapan, San Felipe del Agua y Guadalupe Victoria, donde se realiz\u00f3 el evento de clausura.<\/p>\n\n\n\n<p>El Ayuntamiento de Oaxaca de Ju\u00e1rez reconoce y agradece la participaci\u00f3n de todas y todos. Este festival es reflejo del compromiso colectivo por hacer de la cultura una v\u00eda para fortalecer la identidad, el bienestar y la unidad en nuestra ciudad.<\/p>\n","protected":false},"excerpt":{"rendered":"<p>*Vecinas y vecinos disfrutaron m\u00e1s de 72 actividades gratuitas en diversos espacios de la ciudad&#8230;<\/p>\n","protected":false},"author":4,"featured_media":40825,"comment_status":"closed","ping_status":"open","sticky":false,"template":"","format":"standard","meta":{"footnotes":""},"categories":[9],"tags":[178,235,234,45],"jetpack_sharing_enabled":true,"featured_image_urls":{"full":["https:\/\/contextoanalisisperiodistico.com\/wp-content\/uploads\/2025\/05\/IMG_20250502_123910.jpg",720,1351,false],"thumbnail":["https:\/\/contextoanalisisperiodistico.com\/wp-content\/uploads\/2025\/05\/IMG_20250502_123910-150x150.jpg",150,150,true],"medium":["https:\/\/contextoanalisisperiodistico.com\/wp-content\/uploads\/2025\/05\/IMG_20250502_123910-160x300.jpg",160,300,true],"medium_large":["https:\/\/contextoanalisisperiodistico.com\/wp-content\/uploads\/2025\/05\/IMG_20250502_123910.jpg",640,1201,false],"large":["https:\/\/contextoanalisisperiodistico.com\/wp-content\/uploads\/2025\/05\/IMG_20250502_123910-546x1024.jpg",546,1024,true],"1536x1536":["https:\/\/contextoanalisisperiodistico.com\/wp-content\/uploads\/2025\/05\/IMG_20250502_123910.jpg",720,1351,false],"2048x2048":["https:\/\/contextoanalisisperiodistico.com\/wp-content\/uploads\/2025\/05\/IMG_20250502_123910.jpg",720,1351,false],"covernews-slider-full":["https:\/\/contextoanalisisperiodistico.com\/wp-content\/uploads\/2025\/05\/IMG_20250502_123910-720x715.jpg",720,715,true],"covernews-slider-center":["https:\/\/contextoanalisisperiodistico.com\/wp-content\/uploads\/2025\/05\/IMG_20250502_123910-720x500.jpg",720,500,true],"covernews-featured":["https:\/\/contextoanalisisperiodistico.com\/wp-content\/uploads\/2025\/05\/IMG_20250502_123910.jpg",720,1351,false],"covernews-medium":["https:\/\/contextoanalisisperiodistico.com\/wp-content\/uploads\/2025\/05\/IMG_20250502_123910-540x340.jpg",540,340,true],"covernews-medium-square":["https:\/\/contextoanalisisperiodistico.com\/wp-content\/uploads\/2025\/05\/IMG_20250502_123910-400x250.jpg",400,250,true]},"author_info":{"display_name":"Mario Gir\u00f3n","author_link":"https:\/\/contextoanalisisperiodistico.com\/index.php\/author\/director\/"},"category_info":"<a href=\"https:\/\/contextoanalisisperiodistico.com\/index.php\/category\/politica\/\" rel=\"category tag\">Pol\u00edtica<\/a>","tag_info":"Pol\u00edtica","comment_count":"0","jetpack_featured_media_url":"https:\/\/contextoanalisisperiodistico.com\/wp-content\/uploads\/2025\/05\/IMG_20250502_123910.jpg","_links":{"self":[{"href":"https:\/\/contextoanalisisperiodistico.com\/index.php\/wp-json\/wp\/v2\/posts\/40827"}],"collection":[{"href":"https:\/\/contextoanalisisperiodistico.com\/index.php\/wp-json\/wp\/v2\/posts"}],"about":[{"href":"https:\/\/contextoanalisisperiodistico.com\/index.php\/wp-json\/wp\/v2\/types\/post"}],"author":[{"embeddable":true,"href":"https:\/\/contextoanalisisperiodistico.com\/index.php\/wp-json\/wp\/v2\/users\/4"}],"replies":[{"embeddable":true,"href":"https:\/\/contextoanalisisperiodistico.com\/index.php\/wp-json\/wp\/v2\/comments?post=40827"}],"version-history":[{"count":2,"href":"https:\/\/contextoanalisisperiodistico.com\/index.php\/wp-json\/wp\/v2\/posts\/40827\/revisions"}],"predecessor-version":[{"id":40829,"href":"https:\/\/contextoanalisisperiodistico.com\/index.php\/wp-json\/wp\/v2\/posts\/40827\/revisions\/40829"}],"wp:featuredmedia":[{"embeddable":true,"href":"https:\/\/contextoanalisisperiodistico.com\/index.php\/wp-json\/wp\/v2\/media\/40825"}],"wp:attachment":[{"href":"https:\/\/contextoanalisisperiodistico.com\/index.php\/wp-json\/wp\/v2\/media?parent=40827"}],"wp:term":[{"taxonomy":"category","embeddable":true,"href":"https:\/\/contextoanalisisperiodistico.com\/index.php\/wp-json\/wp\/v2\/categories?post=40827"},{"taxonomy":"post_tag","embeddable":true,"href":"https:\/\/contextoanalisisperiodistico.com\/index.php\/wp-json\/wp\/v2\/tags?post=40827"}],"curies":[{"name":"wp","href":"https:\/\/api.w.org\/{rel}","templated":true}]}}