{"id":40805,"date":"2025-05-01T14:11:42","date_gmt":"2025-05-01T20:11:42","guid":{"rendered":"https:\/\/contextoanalisisperiodistico.com\/index.php\/2025\/05\/01\/se-multiplican-acciones-de-mantenimiento-urbano-en-beneficio-de-las-y-los-capitalinos\/"},"modified":"2025-05-01T14:13:23","modified_gmt":"2025-05-01T20:13:23","slug":"se-multiplican-acciones-de-mantenimiento-urbano-en-beneficio-de-las-y-los-capitalinos","status":"publish","type":"post","link":"https:\/\/contextoanalisisperiodistico.com\/index.php\/2025\/05\/01\/se-multiplican-acciones-de-mantenimiento-urbano-en-beneficio-de-las-y-los-capitalinos\/","title":{"rendered":"Se multiplican acciones de mantenimiento urbano en beneficio de las y los capitalinos"},"content":{"rendered":"<div id=\"fb-root\"><\/div>\n\n<ul class=\"wp-block-list\">\n<li>La Secretar\u00eda de Servicios Vecinales mejora espacios p\u00fablicos en distintos puntos de Oaxaca de Ju\u00e1rez<\/li>\n<\/ul>\n\n\n\n<p>Oaxaca de Ju\u00e1rez, Oax., 1 de mayo de 2025.- En atenci\u00f3n a las necesidades de la ciudadan\u00eda y con el firme compromiso de ofrecer una ciudad m\u00e1s funcional, limpia y segura, el gobierno municipal de Oaxaca de Ju\u00e1rez, que encabeza el presidente Ray Chagoya, contin\u00faa multiplicando acciones de mejora en la infraestructura urbana a trav\u00e9s de la Secretar\u00eda de Servicios Vecinales.<\/p>\n\n\n\n<figure class=\"wp-block-image size-large\"><img fetchpriority=\"high\" decoding=\"async\" width=\"768\" height=\"960\" src=\"https:\/\/contextoanalisisperiodistico.com\/wp-content\/uploads\/2025\/05\/img-20250501-wa01268445615520450613722.jpg\" alt=\"\" class=\"wp-image-40798\" srcset=\"https:\/\/contextoanalisisperiodistico.com\/wp-content\/uploads\/2025\/05\/img-20250501-wa01268445615520450613722.jpg 768w, https:\/\/contextoanalisisperiodistico.com\/wp-content\/uploads\/2025\/05\/img-20250501-wa01268445615520450613722-240x300.jpg 240w\" sizes=\"(max-width: 768px) 100vw, 768px\" \/><\/figure>\n\n\n\n<figure class=\"wp-block-image\"><img decoding=\"async\" width=\"768\" height=\"1024\" src=\"https:\/\/contextoanalisisperiodistico.com\/wp-content\/uploads\/2025\/05\/img-20250501-wa01241808498427281282586-768x1024.jpg\" alt=\"\" class=\"wp-image-40800\" srcset=\"https:\/\/contextoanalisisperiodistico.com\/wp-content\/uploads\/2025\/05\/img-20250501-wa01241808498427281282586-768x1024.jpg 768w, https:\/\/contextoanalisisperiodistico.com\/wp-content\/uploads\/2025\/05\/img-20250501-wa01241808498427281282586-225x300.jpg 225w, https:\/\/contextoanalisisperiodistico.com\/wp-content\/uploads\/2025\/05\/img-20250501-wa01241808498427281282586-1024x1365.jpg 1024w, https:\/\/contextoanalisisperiodistico.com\/wp-content\/uploads\/2025\/05\/img-20250501-wa01241808498427281282586.jpg 1080w\" sizes=\"(max-width: 768px) 100vw, 768px\" \/><\/figure>\n\n\n\n<figure class=\"wp-block-image\"><img decoding=\"async\" width=\"472\" height=\"1024\" src=\"https:\/\/contextoanalisisperiodistico.com\/wp-content\/uploads\/2025\/05\/img-20250501-wa01228874654333907078625-472x1024.jpg\" alt=\"\" class=\"wp-image-40799\" srcset=\"https:\/\/contextoanalisisperiodistico.com\/wp-content\/uploads\/2025\/05\/img-20250501-wa01228874654333907078625-472x1024.jpg 472w, https:\/\/contextoanalisisperiodistico.com\/wp-content\/uploads\/2025\/05\/img-20250501-wa01228874654333907078625-138x300.jpg 138w, https:\/\/contextoanalisisperiodistico.com\/wp-content\/uploads\/2025\/05\/img-20250501-wa01228874654333907078625-708x1536.jpg 708w, https:\/\/contextoanalisisperiodistico.com\/wp-content\/uploads\/2025\/05\/img-20250501-wa01228874654333907078625.jpg 738w\" sizes=\"(max-width: 472px) 100vw, 472px\" \/><\/figure>\n\n\n\n<figure class=\"wp-block-image\"><img loading=\"lazy\" decoding=\"async\" width=\"768\" height=\"1024\" src=\"https:\/\/contextoanalisisperiodistico.com\/wp-content\/uploads\/2025\/05\/img-20250501-wa01216900135368870425586-768x1024.jpg\" alt=\"\" class=\"wp-image-40801\" srcset=\"https:\/\/contextoanalisisperiodistico.com\/wp-content\/uploads\/2025\/05\/img-20250501-wa01216900135368870425586-768x1024.jpg 768w, https:\/\/contextoanalisisperiodistico.com\/wp-content\/uploads\/2025\/05\/img-20250501-wa01216900135368870425586-225x300.jpg 225w, https:\/\/contextoanalisisperiodistico.com\/wp-content\/uploads\/2025\/05\/img-20250501-wa01216900135368870425586-1024x1365.jpg 1024w, https:\/\/contextoanalisisperiodistico.com\/wp-content\/uploads\/2025\/05\/img-20250501-wa01216900135368870425586.jpg 1080w\" sizes=\"(max-width: 768px) 100vw, 768px\" \/><\/figure>\n\n\n\n<figure class=\"wp-block-image\"><img loading=\"lazy\" decoding=\"async\" width=\"819\" height=\"1024\" src=\"https:\/\/contextoanalisisperiodistico.com\/wp-content\/uploads\/2025\/05\/img-20250501-wa01271648731772658958897-819x1024.jpg\" alt=\"\" class=\"wp-image-40802\" srcset=\"https:\/\/contextoanalisisperiodistico.com\/wp-content\/uploads\/2025\/05\/img-20250501-wa01271648731772658958897-819x1024.jpg 819w, https:\/\/contextoanalisisperiodistico.com\/wp-content\/uploads\/2025\/05\/img-20250501-wa01271648731772658958897-240x300.jpg 240w, https:\/\/contextoanalisisperiodistico.com\/wp-content\/uploads\/2025\/05\/img-20250501-wa01271648731772658958897-768x960.jpg 768w, https:\/\/contextoanalisisperiodistico.com\/wp-content\/uploads\/2025\/05\/img-20250501-wa01271648731772658958897.jpg 960w\" sizes=\"(max-width: 819px) 100vw, 819px\" \/><\/figure>\n\n\n\n<figure class=\"wp-block-image\"><img loading=\"lazy\" decoding=\"async\" width=\"1024\" height=\"768\" src=\"https:\/\/contextoanalisisperiodistico.com\/wp-content\/uploads\/2025\/05\/img-20250501-wa01257572931620937360481-1024x768.jpg\" alt=\"\" class=\"wp-image-40803\" srcset=\"https:\/\/contextoanalisisperiodistico.com\/wp-content\/uploads\/2025\/05\/img-20250501-wa01257572931620937360481-1024x768.jpg 1024w, https:\/\/contextoanalisisperiodistico.com\/wp-content\/uploads\/2025\/05\/img-20250501-wa01257572931620937360481-300x225.jpg 300w, https:\/\/contextoanalisisperiodistico.com\/wp-content\/uploads\/2025\/05\/img-20250501-wa01257572931620937360481-768x576.jpg 768w, https:\/\/contextoanalisisperiodistico.com\/wp-content\/uploads\/2025\/05\/img-20250501-wa01257572931620937360481.jpg 1280w\" sizes=\"(max-width: 1024px) 100vw, 1024px\" \/><\/figure>\n\n\n\n<figure class=\"wp-block-image\"><img loading=\"lazy\" decoding=\"async\" width=\"240\" height=\"300\" src=\"https:\/\/contextoanalisisperiodistico.com\/wp-content\/uploads\/2025\/05\/img-20250501-wa01234872420085317000781-240x300.jpg\" alt=\"\" class=\"wp-image-40804\" srcset=\"https:\/\/contextoanalisisperiodistico.com\/wp-content\/uploads\/2025\/05\/img-20250501-wa01234872420085317000781-240x300.jpg 240w, https:\/\/contextoanalisisperiodistico.com\/wp-content\/uploads\/2025\/05\/img-20250501-wa01234872420085317000781.jpg 768w\" sizes=\"(max-width: 240px) 100vw, 240px\" \/><\/figure>\n\n\n\n<p>Esta semana, personal del Departamento de Saneamiento de la Direcci\u00f3n de Mantenimiento Urbano llev\u00f3 a cabo el reemplazo de una tapa de registro en un andador del centro de la ciudad, respondiendo a un reporte ciudadano y atendiendo de manera puntual esta necesidad para garantizar la seguridad de peatones.<\/p>\n\n\n\n<p>De igual manera, cuadrillas del Departamento de Mobiliario y Saneamiento, junto con la Cuadrilla C de la misma Direcci\u00f3n, realizaron labores de limpieza integral y colocaci\u00f3n de malla en el paso a desnivel de Cinco Se\u00f1ores, punto clave de circulaci\u00f3n en la capital oaxaque\u00f1a.<\/p>\n\n\n\n<p>Estas intervenciones forman parte de las tareas permanentes que el gobierno municipal ejecuta para transformar la capital y dignificar los espacios p\u00fablicos. A trav\u00e9s del trabajo coordinado entre dependencias, se impulsa una ciudad m\u00e1s ordenada, transitable y segura para quienes viven o visitan Oaxaca de Ju\u00e1rez.<\/p>\n\n\n\n<p>El Ayuntamiento reafirma su compromiso de continuar trabajando de la mano con vecinas y vecinos para seguir transformando juntos la capital.<\/p>\n","protected":false},"excerpt":{"rendered":"<p>Oaxaca de Ju\u00e1rez, Oax., 1 de mayo de 2025.- En atenci\u00f3n a las necesidades de&#8230;<\/p>\n","protected":false},"author":4,"featured_media":40797,"comment_status":"closed","ping_status":"open","sticky":false,"template":"","format":"standard","meta":{"footnotes":""},"categories":[9],"tags":[178,235,234,45],"jetpack_sharing_enabled":true,"featured_image_urls":{"full":["https:\/\/contextoanalisisperiodistico.com\/wp-content\/uploads\/2025\/05\/IMG-20250501-WA0120.jpg",1080,1440,false],"thumbnail":["https:\/\/contextoanalisisperiodistico.com\/wp-content\/uploads\/2025\/05\/IMG-20250501-WA0120-150x150.jpg",150,150,true],"medium":["https:\/\/contextoanalisisperiodistico.com\/wp-content\/uploads\/2025\/05\/IMG-20250501-WA0120-225x300.jpg",225,300,true],"medium_large":["https:\/\/contextoanalisisperiodistico.com\/wp-content\/uploads\/2025\/05\/IMG-20250501-WA0120-768x1024.jpg",640,853,true],"large":["https:\/\/contextoanalisisperiodistico.com\/wp-content\/uploads\/2025\/05\/IMG-20250501-WA0120-768x1024.jpg",640,853,true],"1536x1536":["https:\/\/contextoanalisisperiodistico.com\/wp-content\/uploads\/2025\/05\/IMG-20250501-WA0120.jpg",1080,1440,false],"2048x2048":["https:\/\/contextoanalisisperiodistico.com\/wp-content\/uploads\/2025\/05\/IMG-20250501-WA0120.jpg",1080,1440,false],"covernews-slider-full":["https:\/\/contextoanalisisperiodistico.com\/wp-content\/uploads\/2025\/05\/IMG-20250501-WA0120-1080x715.jpg",1080,715,true],"covernews-slider-center":["https:\/\/contextoanalisisperiodistico.com\/wp-content\/uploads\/2025\/05\/IMG-20250501-WA0120-800x500.jpg",800,500,true],"covernews-featured":["https:\/\/contextoanalisisperiodistico.com\/wp-content\/uploads\/2025\/05\/IMG-20250501-WA0120-1024x1365.jpg",1024,1365,true],"covernews-medium":["https:\/\/contextoanalisisperiodistico.com\/wp-content\/uploads\/2025\/05\/IMG-20250501-WA0120-540x340.jpg",540,340,true],"covernews-medium-square":["https:\/\/contextoanalisisperiodistico.com\/wp-content\/uploads\/2025\/05\/IMG-20250501-WA0120-400x250.jpg",400,250,true]},"author_info":{"display_name":"Mario Gir\u00f3n","author_link":"https:\/\/contextoanalisisperiodistico.com\/index.php\/author\/director\/"},"category_info":"<a href=\"https:\/\/contextoanalisisperiodistico.com\/index.php\/category\/politica\/\" rel=\"category tag\">Pol\u00edtica<\/a>","tag_info":"Pol\u00edtica","comment_count":"0","jetpack_featured_media_url":"https:\/\/contextoanalisisperiodistico.com\/wp-content\/uploads\/2025\/05\/IMG-20250501-WA0120.jpg","_links":{"self":[{"href":"https:\/\/contextoanalisisperiodistico.com\/index.php\/wp-json\/wp\/v2\/posts\/40805"}],"collection":[{"href":"https:\/\/contextoanalisisperiodistico.com\/index.php\/wp-json\/wp\/v2\/posts"}],"about":[{"href":"https:\/\/contextoanalisisperiodistico.com\/index.php\/wp-json\/wp\/v2\/types\/post"}],"author":[{"embeddable":true,"href":"https:\/\/contextoanalisisperiodistico.com\/index.php\/wp-json\/wp\/v2\/users\/4"}],"replies":[{"embeddable":true,"href":"https:\/\/contextoanalisisperiodistico.com\/index.php\/wp-json\/wp\/v2\/comments?post=40805"}],"version-history":[{"count":1,"href":"https:\/\/contextoanalisisperiodistico.com\/index.php\/wp-json\/wp\/v2\/posts\/40805\/revisions"}],"predecessor-version":[{"id":40806,"href":"https:\/\/contextoanalisisperiodistico.com\/index.php\/wp-json\/wp\/v2\/posts\/40805\/revisions\/40806"}],"wp:featuredmedia":[{"embeddable":true,"href":"https:\/\/contextoanalisisperiodistico.com\/index.php\/wp-json\/wp\/v2\/media\/40797"}],"wp:attachment":[{"href":"https:\/\/contextoanalisisperiodistico.com\/index.php\/wp-json\/wp\/v2\/media?parent=40805"}],"wp:term":[{"taxonomy":"category","embeddable":true,"href":"https:\/\/contextoanalisisperiodistico.com\/index.php\/wp-json\/wp\/v2\/categories?post=40805"},{"taxonomy":"post_tag","embeddable":true,"href":"https:\/\/contextoanalisisperiodistico.com\/index.php\/wp-json\/wp\/v2\/tags?post=40805"}],"curies":[{"name":"wp","href":"https:\/\/api.w.org\/{rel}","templated":true}]}}