{"id":40761,"date":"2025-04-30T16:48:15","date_gmt":"2025-04-30T22:48:15","guid":{"rendered":"https:\/\/contextoanalisisperiodistico.com\/index.php\/2025\/04\/30\/secretaria-de-seguridad-vecinal-nombra-a-tres-ninos-como-policias-honorarios\/"},"modified":"2025-04-30T16:51:07","modified_gmt":"2025-04-30T22:51:07","slug":"secretaria-de-seguridad-vecinal-nombra-a-tres-ninos-como-policias-honorarios","status":"publish","type":"post","link":"https:\/\/contextoanalisisperiodistico.com\/index.php\/2025\/04\/30\/secretaria-de-seguridad-vecinal-nombra-a-tres-ninos-como-policias-honorarios\/","title":{"rendered":"Secretar\u00eda de Seguridad Vecinal nombra a tres ni\u00f1os como Polic\u00edas Honorarios"},"content":{"rendered":"<div id=\"fb-root\"><\/div>\n\n<p>Oaxaca de Ju\u00e1rez, Oax., 30 de abril de 2025.- En el marco del D\u00eda de la Ni\u00f1a y el Ni\u00f1o, la Secretar\u00eda de Seguridad Vecinal entreg\u00f3 el nombramiento de Polic\u00eda Honorario a tres ni\u00f1os.<\/p>\n\n\n\n<figure class=\"wp-block-image size-large\"><img fetchpriority=\"high\" decoding=\"async\" width=\"1024\" height=\"736\" src=\"https:\/\/contextoanalisisperiodistico.com\/wp-content\/uploads\/2025\/04\/img-20250430-wa0132504790374923468342-1024x736.jpg\" alt=\"\" class=\"wp-image-40757\" srcset=\"https:\/\/contextoanalisisperiodistico.com\/wp-content\/uploads\/2025\/04\/img-20250430-wa0132504790374923468342-1024x736.jpg 1024w, https:\/\/contextoanalisisperiodistico.com\/wp-content\/uploads\/2025\/04\/img-20250430-wa0132504790374923468342-300x215.jpg 300w, https:\/\/contextoanalisisperiodistico.com\/wp-content\/uploads\/2025\/04\/img-20250430-wa0132504790374923468342-768x552.jpg 768w, https:\/\/contextoanalisisperiodistico.com\/wp-content\/uploads\/2025\/04\/img-20250430-wa0132504790374923468342.jpg 1271w\" sizes=\"(max-width: 1024px) 100vw, 1024px\" \/><\/figure>\n\n\n\n<figure class=\"wp-block-image\"><img decoding=\"async\" width=\"1024\" height=\"770\" src=\"https:\/\/contextoanalisisperiodistico.com\/wp-content\/uploads\/2025\/04\/img-20250430-wa01365414982144787493270-1024x770.jpg\" alt=\"\" class=\"wp-image-40760\" srcset=\"https:\/\/contextoanalisisperiodistico.com\/wp-content\/uploads\/2025\/04\/img-20250430-wa01365414982144787493270-1024x770.jpg 1024w, https:\/\/contextoanalisisperiodistico.com\/wp-content\/uploads\/2025\/04\/img-20250430-wa01365414982144787493270-300x226.jpg 300w, https:\/\/contextoanalisisperiodistico.com\/wp-content\/uploads\/2025\/04\/img-20250430-wa01365414982144787493270-768x577.jpg 768w, https:\/\/contextoanalisisperiodistico.com\/wp-content\/uploads\/2025\/04\/img-20250430-wa01365414982144787493270-1536x1155.jpg 1536w, https:\/\/contextoanalisisperiodistico.com\/wp-content\/uploads\/2025\/04\/img-20250430-wa01365414982144787493270.jpg 1600w\" sizes=\"(max-width: 1024px) 100vw, 1024px\" \/><\/figure>\n\n\n\n<figure class=\"wp-block-image\"><img decoding=\"async\" width=\"725\" height=\"1024\" src=\"https:\/\/contextoanalisisperiodistico.com\/wp-content\/uploads\/2025\/04\/img-20250430-wa01344362840378639963344-725x1024.jpg\" alt=\"\" class=\"wp-image-40759\" srcset=\"https:\/\/contextoanalisisperiodistico.com\/wp-content\/uploads\/2025\/04\/img-20250430-wa01344362840378639963344-725x1024.jpg 725w, https:\/\/contextoanalisisperiodistico.com\/wp-content\/uploads\/2025\/04\/img-20250430-wa01344362840378639963344-212x300.jpg 212w, https:\/\/contextoanalisisperiodistico.com\/wp-content\/uploads\/2025\/04\/img-20250430-wa01344362840378639963344-768x1085.jpg 768w, https:\/\/contextoanalisisperiodistico.com\/wp-content\/uploads\/2025\/04\/img-20250430-wa01344362840378639963344.jpg 899w\" sizes=\"(max-width: 725px) 100vw, 725px\" \/><\/figure>\n\n\n\n<figure class=\"wp-block-image\"><img loading=\"lazy\" decoding=\"async\" width=\"942\" height=\"1024\" src=\"https:\/\/contextoanalisisperiodistico.com\/wp-content\/uploads\/2025\/04\/img-20250430-wa01332333347878380438622-942x1024.jpg\" alt=\"\" class=\"wp-image-40758\" srcset=\"https:\/\/contextoanalisisperiodistico.com\/wp-content\/uploads\/2025\/04\/img-20250430-wa01332333347878380438622-942x1024.jpg 942w, https:\/\/contextoanalisisperiodistico.com\/wp-content\/uploads\/2025\/04\/img-20250430-wa01332333347878380438622-276x300.jpg 276w, https:\/\/contextoanalisisperiodistico.com\/wp-content\/uploads\/2025\/04\/img-20250430-wa01332333347878380438622-768x835.jpg 768w, https:\/\/contextoanalisisperiodistico.com\/wp-content\/uploads\/2025\/04\/img-20250430-wa01332333347878380438622-1024x1113.jpg 1024w, https:\/\/contextoanalisisperiodistico.com\/wp-content\/uploads\/2025\/04\/img-20250430-wa01332333347878380438622.jpg 1202w\" sizes=\"(max-width: 942px) 100vw, 942px\" \/><\/figure>\n\n\n\n<p>En el evento encabezado por la presidenta honoraria del DIF Municipal Gaby Garc\u00eda y el Teniente Coronel DEM, Claudio de Jes\u00fas P\u00e9rez y P\u00e9rez, secretario de Seguridad Vecinal, llenos de emoci\u00f3n, portando el uniforme azul, los ni\u00f1os llegaron a las instalaciones del DIF Municipal, ubicadas en la avenida Esteban Baca Calder\u00f3n, del Infonavit Primero de Mayo para recibir su nombramiento.<\/p>\n\n\n\n<p>En su mensaje, la presidenta honoraria del DIF Municipal, dijo que el D\u00eda de la Ni\u00f1a y el Ni\u00f1o, \u201ces una oportunidad para recordar lo valiosos, importantes y maravillosos que son cada uno, son el coraz\u00f3n del presente y la esperanza de nuestro futuro, con su curiosidad, sus preguntas y su energ\u00eda, nos ense\u00f1an todos los d\u00edas a nosotros los pap\u00e1s y las mam\u00e1s para ver el mundo con otros ojos con m\u00e1s amor imaginaci\u00f3n\u201d.<\/p>\n\n\n\n<p>Mientras que el secretario Claudio de Jes\u00fas P\u00e9rez y P\u00e9rez indic\u00f3 que \u201cnos llena de orgullo el sumar a nuestras filas, a partir del d\u00eda de hoy a esos tres ni\u00f1os valientes, con gran voluntad de conseguir sus sue\u00f1os. Las y los polic\u00edas aqu\u00ed presentes, nos sumamos con empat\u00eda y amor, por su ejemplo de constancia profunda fe y esperanza\u201d.<\/p>\n\n\n\n<p>Tras el acto protocolario, en el que se rindieron honores a los S\u00edmbolos Patrios, los ni\u00f1os No\u00e9 M\u00e9ndez Monjaraz, Salom\u00f3n Santiago Enr\u00edquez y John Gilbert Morales Estrada recibieron su nombramiento como Polic\u00edas Honorarios de la Secretar\u00eda de Seguridad Vecinal.<\/p>\n\n\n\n<p>Luego, el contingente del Grupo Urbano de Fuerzas Especiales (GUFE) y de la Unidad Motorizada de Acci\u00f3n R\u00e1pida (UMAR) realiz\u00f3 el pase de lista de los tres nuevos integrantes de la corporaci\u00f3n.<\/p>\n\n\n\n<p>La sorpresa continu\u00f3 para los tres polic\u00edas honorarios al poder subir a las patrullas y accionar las luces de emergencia y sirena; lo mismo realizaron al subir a las modernas motocicletas entregadas recientemente por el presidente Ray Chagoya.<br \/>Estuvieron presentes familiares de los ni\u00f1os participantes, as\u00ed como Hened Montserrat Tejada Morales, directora general del Comit\u00e9 del DIF Municipal; Lourdes Ch\u00e1vez, procuradora del DIF Municipal y el Mayor de Infanter\u00eda DEM, Marco Antonio Garc\u00eda Dom\u00ednguez, Jefe del Estado Mayor de la Secretar\u00eda de Seguridad Vecinal.<\/p>\n","protected":false},"excerpt":{"rendered":"<p>Oaxaca de Ju\u00e1rez, Oax., 30 de abril de 2025.- En el marco del D\u00eda de&#8230;<\/p>\n","protected":false},"author":4,"featured_media":40756,"comment_status":"closed","ping_status":"open","sticky":false,"template":"","format":"standard","meta":{"footnotes":""},"categories":[9],"tags":[178,235,234,45],"jetpack_sharing_enabled":true,"featured_image_urls":{"full":["https:\/\/contextoanalisisperiodistico.com\/wp-content\/uploads\/2025\/04\/IMG-20250430-WA0135.jpg",850,1055,false],"thumbnail":["https:\/\/contextoanalisisperiodistico.com\/wp-content\/uploads\/2025\/04\/IMG-20250430-WA0135-150x150.jpg",150,150,true],"medium":["https:\/\/contextoanalisisperiodistico.com\/wp-content\/uploads\/2025\/04\/IMG-20250430-WA0135-242x300.jpg",242,300,true],"medium_large":["https:\/\/contextoanalisisperiodistico.com\/wp-content\/uploads\/2025\/04\/IMG-20250430-WA0135-768x953.jpg",640,794,true],"large":["https:\/\/contextoanalisisperiodistico.com\/wp-content\/uploads\/2025\/04\/IMG-20250430-WA0135-825x1024.jpg",640,794,true],"1536x1536":["https:\/\/contextoanalisisperiodistico.com\/wp-content\/uploads\/2025\/04\/IMG-20250430-WA0135.jpg",850,1055,false],"2048x2048":["https:\/\/contextoanalisisperiodistico.com\/wp-content\/uploads\/2025\/04\/IMG-20250430-WA0135.jpg",850,1055,false],"covernews-slider-full":["https:\/\/contextoanalisisperiodistico.com\/wp-content\/uploads\/2025\/04\/IMG-20250430-WA0135-850x715.jpg",850,715,true],"covernews-slider-center":["https:\/\/contextoanalisisperiodistico.com\/wp-content\/uploads\/2025\/04\/IMG-20250430-WA0135-800x500.jpg",800,500,true],"covernews-featured":["https:\/\/contextoanalisisperiodistico.com\/wp-content\/uploads\/2025\/04\/IMG-20250430-WA0135.jpg",850,1055,false],"covernews-medium":["https:\/\/contextoanalisisperiodistico.com\/wp-content\/uploads\/2025\/04\/IMG-20250430-WA0135-540x340.jpg",540,340,true],"covernews-medium-square":["https:\/\/contextoanalisisperiodistico.com\/wp-content\/uploads\/2025\/04\/IMG-20250430-WA0135-400x250.jpg",400,250,true]},"author_info":{"display_name":"Mario Gir\u00f3n","author_link":"https:\/\/contextoanalisisperiodistico.com\/index.php\/author\/director\/"},"category_info":"<a href=\"https:\/\/contextoanalisisperiodistico.com\/index.php\/category\/politica\/\" rel=\"category tag\">Pol\u00edtica<\/a>","tag_info":"Pol\u00edtica","comment_count":"0","jetpack_featured_media_url":"https:\/\/contextoanalisisperiodistico.com\/wp-content\/uploads\/2025\/04\/IMG-20250430-WA0135.jpg","_links":{"self":[{"href":"https:\/\/contextoanalisisperiodistico.com\/index.php\/wp-json\/wp\/v2\/posts\/40761"}],"collection":[{"href":"https:\/\/contextoanalisisperiodistico.com\/index.php\/wp-json\/wp\/v2\/posts"}],"about":[{"href":"https:\/\/contextoanalisisperiodistico.com\/index.php\/wp-json\/wp\/v2\/types\/post"}],"author":[{"embeddable":true,"href":"https:\/\/contextoanalisisperiodistico.com\/index.php\/wp-json\/wp\/v2\/users\/4"}],"replies":[{"embeddable":true,"href":"https:\/\/contextoanalisisperiodistico.com\/index.php\/wp-json\/wp\/v2\/comments?post=40761"}],"version-history":[{"count":1,"href":"https:\/\/contextoanalisisperiodistico.com\/index.php\/wp-json\/wp\/v2\/posts\/40761\/revisions"}],"predecessor-version":[{"id":40762,"href":"https:\/\/contextoanalisisperiodistico.com\/index.php\/wp-json\/wp\/v2\/posts\/40761\/revisions\/40762"}],"wp:featuredmedia":[{"embeddable":true,"href":"https:\/\/contextoanalisisperiodistico.com\/index.php\/wp-json\/wp\/v2\/media\/40756"}],"wp:attachment":[{"href":"https:\/\/contextoanalisisperiodistico.com\/index.php\/wp-json\/wp\/v2\/media?parent=40761"}],"wp:term":[{"taxonomy":"category","embeddable":true,"href":"https:\/\/contextoanalisisperiodistico.com\/index.php\/wp-json\/wp\/v2\/categories?post=40761"},{"taxonomy":"post_tag","embeddable":true,"href":"https:\/\/contextoanalisisperiodistico.com\/index.php\/wp-json\/wp\/v2\/tags?post=40761"}],"curies":[{"name":"wp","href":"https:\/\/api.w.org\/{rel}","templated":true}]}}