{"id":40369,"date":"2025-04-23T21:03:54","date_gmt":"2025-04-24T03:03:54","guid":{"rendered":"https:\/\/contextoanalisisperiodistico.com\/index.php\/2025\/04\/23\/convoca-salomon-jara-a-informarse-y-participar-en-la-eleccion-del-poder-judicial\/"},"modified":"2025-04-23T21:03:54","modified_gmt":"2025-04-24T03:03:54","slug":"convoca-salomon-jara-a-informarse-y-participar-en-la-eleccion-del-poder-judicial","status":"publish","type":"post","link":"https:\/\/contextoanalisisperiodistico.com\/index.php\/2025\/04\/23\/convoca-salomon-jara-a-informarse-y-participar-en-la-eleccion-del-poder-judicial\/","title":{"rendered":"Convoca Salom\u00f3n Jara a informarse y participar en la elecci\u00f3n del Poder Judicial"},"content":{"rendered":"<div id=\"fb-root\"><\/div>\n\n<ul class=\"wp-block-list\">\n<li>Para que la ciudadan\u00eda sepa c\u00f3mo ejercer su voto, el Gobernador de Oaxaca explic\u00f3 los modelos de las boletas electorales que habr\u00e1n de utilizarse<\/li>\n<\/ul>\n\n\n\n<figure class=\"wp-block-video\"><video controls src=\"https:\/\/contextoanalisisperiodistico.com\/wp-content\/uploads\/2025\/04\/VID-20250423-WA0188.mp4\"><\/video><\/figure>\n\n\n\n<p>Oaxaca de Ju\u00e1rez, Oax. 23 de abril de 2025.- El Gobernador Salom\u00f3n Jara Cruz convoc\u00f3 a las y los ciudadanos a informarse y participar en la elecci\u00f3n de quienes integrar\u00e1n el Poder Judicial federal, en una jornada hist\u00f3rica prevista para el pr\u00f3ximo 1 de junio.<\/p>\n\n\n\n<p>Expuso que este acto reivindica un derecho del pueblo a decidir respecto a las personas que imparten justicia, lo que fortalece la democracia del pa\u00eds.<\/p>\n\n\n\n<p>\u201cEsto es in\u00e9dito, es hist\u00f3rico. Las elecciones del Poder Judicial de la Federaci\u00f3n har\u00e1n que tengamos una justicia cercana al pueblo, para seguir transformando a nuestro pa\u00eds\u201d, dijo el Mandatario estatal.<\/p>\n\n\n\n<p>Jara Cruz afirm\u00f3 que en los gobiernos del pasado est\u00e1 prerrogativa de la ciudadan\u00eda era imposible, porque se opon\u00edan a que fuera una realidad el acceso a juicios justos para la mayor\u00eda de la poblaci\u00f3n.<\/p>\n\n\n\n<p>\u201cLa gente quiere estas elecciones porque hoy el poder radica en el pueblo, por eso vamos a informarle, para que la gente salga a votar y generemos el cambio que tanto deseamos\u201d, agreg\u00f3.<\/p>\n\n\n\n<p>Con el objetivo de que la ciudadan\u00eda disponga de toda la informaci\u00f3n respecto a c\u00f3mo ejercer su voto, el Gobernador de Oaxaca mostr\u00f3 los modelos de boletas que habr\u00e1n de entregarse en las casillas el d\u00eda de la jornada electoral.<\/p>\n\n\n\n<p>Explic\u00f3 que la papeleta morada es para elegir a las ministras y ministros de la Suprema Corte de Justicia de la Naci\u00f3n (SCJN), las de color azul y salm\u00f3n son para las magistradas y magistrados de la Sala Superior y salas regionales del Tribunal Electoral del Poder Judicial de la Federaci\u00f3n (TEPJF), respectivamente; verde menta para las magistradas y magistrados del Tribunal de Disciplina, que es el nuevo \u00f3rgano del Poder Judicial.<\/p>\n\n\n\n<p>Adem\u00e1s, las boletas amarillas ser\u00e1n empleadas para votar por las y los jueces de distrito, y las de color rosa para personas magistradas de circuito.<\/p>\n\n\n\n<p>En este proceso, a\u00f1adi\u00f3, es fundamental saber la ubicaci\u00f3n de las casillas, la cual es posible conocer en la p\u00e1gina del Instituto Nacional Electoral: https:\/\/ine.mx\/.<\/p>\n\n\n\n<p>-0-<\/p>\n","protected":false},"excerpt":{"rendered":"<p>Oaxaca de Ju\u00e1rez, Oax. 23 de abril de 2025.- El Gobernador Salom\u00f3n Jara Cruz convoc\u00f3&#8230;<\/p>\n","protected":false},"author":4,"featured_media":40367,"comment_status":"","ping_status":"open","sticky":false,"template":"","format":"standard","meta":{"footnotes":""},"categories":[9],"tags":[],"jetpack_sharing_enabled":true,"featured_image_urls":{"full":["https:\/\/contextoanalisisperiodistico.com\/wp-content\/uploads\/2025\/04\/IMG_20250423_210251.jpg",596,724,false],"thumbnail":["https:\/\/contextoanalisisperiodistico.com\/wp-content\/uploads\/2025\/04\/IMG_20250423_210251-150x150.jpg",150,150,true],"medium":["https:\/\/contextoanalisisperiodistico.com\/wp-content\/uploads\/2025\/04\/IMG_20250423_210251-247x300.jpg",247,300,true],"medium_large":["https:\/\/contextoanalisisperiodistico.com\/wp-content\/uploads\/2025\/04\/IMG_20250423_210251.jpg",596,724,false],"large":["https:\/\/contextoanalisisperiodistico.com\/wp-content\/uploads\/2025\/04\/IMG_20250423_210251.jpg",596,724,false],"1536x1536":["https:\/\/contextoanalisisperiodistico.com\/wp-content\/uploads\/2025\/04\/IMG_20250423_210251.jpg",596,724,false],"2048x2048":["https:\/\/contextoanalisisperiodistico.com\/wp-content\/uploads\/2025\/04\/IMG_20250423_210251.jpg",596,724,false],"covernews-slider-full":["https:\/\/contextoanalisisperiodistico.com\/wp-content\/uploads\/2025\/04\/IMG_20250423_210251-596x715.jpg",596,715,true],"covernews-slider-center":["https:\/\/contextoanalisisperiodistico.com\/wp-content\/uploads\/2025\/04\/IMG_20250423_210251-596x500.jpg",596,500,true],"covernews-featured":["https:\/\/contextoanalisisperiodistico.com\/wp-content\/uploads\/2025\/04\/IMG_20250423_210251.jpg",596,724,false],"covernews-medium":["https:\/\/contextoanalisisperiodistico.com\/wp-content\/uploads\/2025\/04\/IMG_20250423_210251-540x340.jpg",540,340,true],"covernews-medium-square":["https:\/\/contextoanalisisperiodistico.com\/wp-content\/uploads\/2025\/04\/IMG_20250423_210251-400x250.jpg",400,250,true]},"author_info":{"display_name":"Mario Gir\u00f3n","author_link":"https:\/\/contextoanalisisperiodistico.com\/index.php\/author\/director\/"},"category_info":"<a href=\"https:\/\/contextoanalisisperiodistico.com\/index.php\/category\/politica\/\" rel=\"category tag\">Pol\u00edtica<\/a>","tag_info":"Pol\u00edtica","comment_count":"0","jetpack_featured_media_url":"https:\/\/contextoanalisisperiodistico.com\/wp-content\/uploads\/2025\/04\/IMG_20250423_210251.jpg","_links":{"self":[{"href":"https:\/\/contextoanalisisperiodistico.com\/index.php\/wp-json\/wp\/v2\/posts\/40369"}],"collection":[{"href":"https:\/\/contextoanalisisperiodistico.com\/index.php\/wp-json\/wp\/v2\/posts"}],"about":[{"href":"https:\/\/contextoanalisisperiodistico.com\/index.php\/wp-json\/wp\/v2\/types\/post"}],"author":[{"embeddable":true,"href":"https:\/\/contextoanalisisperiodistico.com\/index.php\/wp-json\/wp\/v2\/users\/4"}],"replies":[{"embeddable":true,"href":"https:\/\/contextoanalisisperiodistico.com\/index.php\/wp-json\/wp\/v2\/comments?post=40369"}],"version-history":[{"count":0,"href":"https:\/\/contextoanalisisperiodistico.com\/index.php\/wp-json\/wp\/v2\/posts\/40369\/revisions"}],"wp:featuredmedia":[{"embeddable":true,"href":"https:\/\/contextoanalisisperiodistico.com\/index.php\/wp-json\/wp\/v2\/media\/40367"}],"wp:attachment":[{"href":"https:\/\/contextoanalisisperiodistico.com\/index.php\/wp-json\/wp\/v2\/media?parent=40369"}],"wp:term":[{"taxonomy":"category","embeddable":true,"href":"https:\/\/contextoanalisisperiodistico.com\/index.php\/wp-json\/wp\/v2\/categories?post=40369"},{"taxonomy":"post_tag","embeddable":true,"href":"https:\/\/contextoanalisisperiodistico.com\/index.php\/wp-json\/wp\/v2\/tags?post=40369"}],"curies":[{"name":"wp","href":"https:\/\/api.w.org\/{rel}","templated":true}]}}