{"id":40363,"date":"2025-04-23T18:52:46","date_gmt":"2025-04-24T00:52:46","guid":{"rendered":"https:\/\/contextoanalisisperiodistico.com\/index.php\/2025\/04\/23\/por-lluvias-exhorta-sso-a-evitar-acumulacion-de-agua-que-favorezca-a-mosquito-transmisor-del-dengue\/"},"modified":"2025-04-23T18:52:46","modified_gmt":"2025-04-24T00:52:46","slug":"por-lluvias-exhorta-sso-a-evitar-acumulacion-de-agua-que-favorezca-a-mosquito-transmisor-del-dengue","status":"publish","type":"post","link":"https:\/\/contextoanalisisperiodistico.com\/index.php\/2025\/04\/23\/por-lluvias-exhorta-sso-a-evitar-acumulacion-de-agua-que-favorezca-a-mosquito-transmisor-del-dengue\/","title":{"rendered":"Por lluvias, exhorta SSO a evitar acumulaci\u00f3n de agua que favorezca a mosquito transmisor del dengue"},"content":{"rendered":"<div id=\"fb-root\"><\/div>\n\n<ul class=\"wp-block-list\">\n<li>Sin registro de casos nuevos por el vector durante la semana epidemiol\u00f3gica n\u00famero 16<\/li>\n<\/ul>\n\n\n\n<figure class=\"wp-block-image size-large\"><img fetchpriority=\"high\" decoding=\"async\" width=\"576\" height=\"829\" src=\"https:\/\/contextoanalisisperiodistico.com\/wp-content\/uploads\/2025\/04\/img-20250423-wa01277817692396554117736.jpg\" alt=\"\" class=\"wp-image-40362\" srcset=\"https:\/\/contextoanalisisperiodistico.com\/wp-content\/uploads\/2025\/04\/img-20250423-wa01277817692396554117736.jpg 576w, https:\/\/contextoanalisisperiodistico.com\/wp-content\/uploads\/2025\/04\/img-20250423-wa01277817692396554117736-208x300.jpg 208w\" sizes=\"(max-width: 576px) 100vw, 576px\" \/><\/figure>\n\n\n\n<p>Oaxaca de Ju\u00e1rez, Oax. 23 de abril de 2025.- Ante la presencia de lluvias y chubascos que se registran en la entidad, Servicios de Salud de Oaxaca (SSO) llama a la poblaci\u00f3n a revisar de manera permanente patios y azoteas, con el fin de evitar la acumulaci\u00f3n de agua limpia en recipientes o espacios, que favorezca la reproducci\u00f3n del mosquito transmisor del dengue.<\/p>\n\n\n\n<p>La instituci\u00f3n enfatiza que, derivado del pron\u00f3stico de precipitaciones pluviales, es imprescindible mantener las siguientes acciones de limpieza y prevenci\u00f3n en los hogares: lavar, tapar, voltear o desechar cubetas, botellas, llantas u otros objetos que puedan retener agua.<\/p>\n\n\n\n<p>As\u00ed como cambiar el l\u00edquido de floreros y bebederos de mascotas al menos cada tres d\u00edas, mantener libres de maleza patios y techos para eliminar posibles refugios del vector y tapar dep\u00f3sitos de agua limpia como tinacos y cisternas.<\/p>\n\n\n\n<p>Al corte de la semana epidemiol\u00f3gica n\u00famero 16, SSO informa que no se han registrado casos nuevos de dengue, manteniendo un acumulado de 18 reportes en lo que va del a\u00f1o y sin defunciones asociadas a esta enfermedad.<\/p>\n\n\n\n<p>La distribuci\u00f3n por Jurisdicci\u00f3n Sanitaria se desglosa de la siguiente manera: Tuxtepec con ocho casos, Valles Centrales con cuatro, Istmo con tres e igual n\u00famero en la Costa, mientras que en la Mixteca y Sierra contin\u00faan sin registrar casos positivos.<\/p>\n\n\n\n<p>En caso de presentar s\u00edntomas como fiebre alta, dolor de cabeza intenso o retroocular; la dependencia recomienda acudir de inmediato a la unidad de salud m\u00e1s cercana, evitar la automedicaci\u00f3n y aplicar medidas de protecci\u00f3n personal como instalar tela mosquitera en puertas y ventanas, dormir bajo pabell\u00f3n, utilizar ropa de manga larga y pantalones de tela gruesa.<\/p>\n\n\n\n<p>SSO reitera su compromiso con la salud de la poblaci\u00f3n oaxaque\u00f1a y convoca a las familias para mantener un entorno libre de criaderos del mosquito Aedes aegypti.<\/p>\n\n\n\n<p>-0-<\/p>\n","protected":false},"excerpt":{"rendered":"<p>Oaxaca de Ju\u00e1rez, Oax. 23 de abril de 2025.- Ante la presencia de lluvias y&#8230;<\/p>\n","protected":false},"author":4,"featured_media":40361,"comment_status":"","ping_status":"open","sticky":false,"template":"","format":"standard","meta":{"footnotes":""},"categories":[92],"tags":[],"jetpack_sharing_enabled":true,"featured_image_urls":{"full":["https:\/\/contextoanalisisperiodistico.com\/wp-content\/uploads\/2025\/04\/IMG-20250423-WA0128.jpg",960,1280,false],"thumbnail":["https:\/\/contextoanalisisperiodistico.com\/wp-content\/uploads\/2025\/04\/IMG-20250423-WA0128-150x150.jpg",150,150,true],"medium":["https:\/\/contextoanalisisperiodistico.com\/wp-content\/uploads\/2025\/04\/IMG-20250423-WA0128-225x300.jpg",225,300,true],"medium_large":["https:\/\/contextoanalisisperiodistico.com\/wp-content\/uploads\/2025\/04\/IMG-20250423-WA0128-768x1024.jpg",640,853,true],"large":["https:\/\/contextoanalisisperiodistico.com\/wp-content\/uploads\/2025\/04\/IMG-20250423-WA0128-768x1024.jpg",640,853,true],"1536x1536":["https:\/\/contextoanalisisperiodistico.com\/wp-content\/uploads\/2025\/04\/IMG-20250423-WA0128.jpg",960,1280,false],"2048x2048":["https:\/\/contextoanalisisperiodistico.com\/wp-content\/uploads\/2025\/04\/IMG-20250423-WA0128.jpg",960,1280,false],"covernews-slider-full":["https:\/\/contextoanalisisperiodistico.com\/wp-content\/uploads\/2025\/04\/IMG-20250423-WA0128-960x715.jpg",960,715,true],"covernews-slider-center":["https:\/\/contextoanalisisperiodistico.com\/wp-content\/uploads\/2025\/04\/IMG-20250423-WA0128-800x500.jpg",800,500,true],"covernews-featured":["https:\/\/contextoanalisisperiodistico.com\/wp-content\/uploads\/2025\/04\/IMG-20250423-WA0128.jpg",960,1280,false],"covernews-medium":["https:\/\/contextoanalisisperiodistico.com\/wp-content\/uploads\/2025\/04\/IMG-20250423-WA0128-540x340.jpg",540,340,true],"covernews-medium-square":["https:\/\/contextoanalisisperiodistico.com\/wp-content\/uploads\/2025\/04\/IMG-20250423-WA0128-400x250.jpg",400,250,true]},"author_info":{"display_name":"Mario Gir\u00f3n","author_link":"https:\/\/contextoanalisisperiodistico.com\/index.php\/author\/director\/"},"category_info":"<a href=\"https:\/\/contextoanalisisperiodistico.com\/index.php\/category\/salud\/\" rel=\"category tag\">Salud<\/a>","tag_info":"Salud","comment_count":"0","jetpack_featured_media_url":"https:\/\/contextoanalisisperiodistico.com\/wp-content\/uploads\/2025\/04\/IMG-20250423-WA0128.jpg","_links":{"self":[{"href":"https:\/\/contextoanalisisperiodistico.com\/index.php\/wp-json\/wp\/v2\/posts\/40363"}],"collection":[{"href":"https:\/\/contextoanalisisperiodistico.com\/index.php\/wp-json\/wp\/v2\/posts"}],"about":[{"href":"https:\/\/contextoanalisisperiodistico.com\/index.php\/wp-json\/wp\/v2\/types\/post"}],"author":[{"embeddable":true,"href":"https:\/\/contextoanalisisperiodistico.com\/index.php\/wp-json\/wp\/v2\/users\/4"}],"replies":[{"embeddable":true,"href":"https:\/\/contextoanalisisperiodistico.com\/index.php\/wp-json\/wp\/v2\/comments?post=40363"}],"version-history":[{"count":0,"href":"https:\/\/contextoanalisisperiodistico.com\/index.php\/wp-json\/wp\/v2\/posts\/40363\/revisions"}],"wp:featuredmedia":[{"embeddable":true,"href":"https:\/\/contextoanalisisperiodistico.com\/index.php\/wp-json\/wp\/v2\/media\/40361"}],"wp:attachment":[{"href":"https:\/\/contextoanalisisperiodistico.com\/index.php\/wp-json\/wp\/v2\/media?parent=40363"}],"wp:term":[{"taxonomy":"category","embeddable":true,"href":"https:\/\/contextoanalisisperiodistico.com\/index.php\/wp-json\/wp\/v2\/categories?post=40363"},{"taxonomy":"post_tag","embeddable":true,"href":"https:\/\/contextoanalisisperiodistico.com\/index.php\/wp-json\/wp\/v2\/tags?post=40363"}],"curies":[{"name":"wp","href":"https:\/\/api.w.org\/{rel}","templated":true}]}}