{"id":40351,"date":"2025-04-23T15:23:13","date_gmt":"2025-04-23T21:23:13","guid":{"rendered":"https:\/\/contextoanalisisperiodistico.com\/index.php\/2025\/04\/23\/invita-ray-chagoya-a-celebrar-el-493-aniversario-de-oaxaca-de-juarez-con-una-gran-jornada-cultural-y-musical\/"},"modified":"2025-04-23T15:23:13","modified_gmt":"2025-04-23T21:23:13","slug":"invita-ray-chagoya-a-celebrar-el-493-aniversario-de-oaxaca-de-juarez-con-una-gran-jornada-cultural-y-musical","status":"publish","type":"post","link":"https:\/\/contextoanalisisperiodistico.com\/index.php\/2025\/04\/23\/invita-ray-chagoya-a-celebrar-el-493-aniversario-de-oaxaca-de-juarez-con-una-gran-jornada-cultural-y-musical\/","title":{"rendered":"Invita Ray Chagoya a celebrar el 493 aniversario de Oaxaca de Ju\u00e1rez con una gran jornada cultural y musical"},"content":{"rendered":"<div id=\"fb-root\"><\/div>\n\n<p>\u2022 El 25 de abril iniciar\u00e1n los festejos con las tradicionales ma\u00f1anitas a la ciudad y la Sesi\u00f3n Solemne de Cabildo<\/p>\n\n\n\n<figure class=\"wp-block-image size-large\"><img fetchpriority=\"high\" decoding=\"async\" width=\"819\" height=\"1024\" src=\"https:\/\/contextoanalisisperiodistico.com\/wp-content\/uploads\/2025\/04\/img-20250419-wa0064602943637982100246-819x1024.jpg\" alt=\"\" class=\"wp-image-40350\" srcset=\"https:\/\/contextoanalisisperiodistico.com\/wp-content\/uploads\/2025\/04\/img-20250419-wa0064602943637982100246-819x1024.jpg 819w, https:\/\/contextoanalisisperiodistico.com\/wp-content\/uploads\/2025\/04\/img-20250419-wa0064602943637982100246-240x300.jpg 240w, https:\/\/contextoanalisisperiodistico.com\/wp-content\/uploads\/2025\/04\/img-20250419-wa0064602943637982100246-768x960.jpg 768w, https:\/\/contextoanalisisperiodistico.com\/wp-content\/uploads\/2025\/04\/img-20250419-wa0064602943637982100246-1229x1536.jpg 1229w, https:\/\/contextoanalisisperiodistico.com\/wp-content\/uploads\/2025\/04\/img-20250419-wa0064602943637982100246-1024x1280.jpg 1024w, https:\/\/contextoanalisisperiodistico.com\/wp-content\/uploads\/2025\/04\/img-20250419-wa0064602943637982100246.jpg 1280w\" sizes=\"(max-width: 819px) 100vw, 819px\" \/><\/figure>\n\n\n\n<p>Oaxaca de Ju\u00e1rez, Oax. 23 de abril de 2025.- El pr\u00f3ximo viernes 25 de abril, el Municipio de Oaxaca de Ju\u00e1rez, que encabeza el presidente Ray Chagoya, invita a las vecinas y vecinos a celebrar con orgullo el 493 aniversario de la ciudad con una jornada repleta de arte, cultura y m\u00fasica para toda la familia.<\/p>\n\n\n\n<p>En el marco del Festival Primavera \u00abRodolfo Morales\u00bb, las actividades comenzar\u00e1n desde las 06:45 horas en la Alameda de Le\u00f3n con las tradicionales \u201cMa\u00f1anitas a la ciudad\u201d, acompa\u00f1adas por el repique de campanas, el Concierto del Coro de la Ciudad y la participaci\u00f3n de la Banda de M\u00fasica del Estado. Tambi\u00e9n se contar\u00e1 con la presentaci\u00f3n del tenor Rodrigo Petate, la alegr\u00eda de las Chinas Oaxaque\u00f1as y una degustaci\u00f3n de tamales y atole.<\/p>\n\n\n\n<p>A las 10:00 horas se llevar\u00e1 a cabo la Sesi\u00f3n Solemne del Honorable Cabildo en el Teatro Macedonio Alcal\u00e1, un acto c\u00edvico conmemorativo para reflexionar sobre el valor hist\u00f3rico y cultural de nuestra ciudad, donde se entregar\u00e1n reconocimientos a personalidades que han contribuido al desarrollo de la ciudad.<\/p>\n\n\n\n<p>Durante todo el d\u00eda se desarrollar\u00e1n actividades como el \u201cTamayo M\u00f3vil\u201d con grabados alusivos a Rodolfo Morales, en el Parque Primavera a las 18:00 horas, la presentaci\u00f3n folkl\u00f3rica de los Nitos Oaxaque\u00f1os a las 16:00 horas en la calle Macedonio Alcal\u00e1.<\/p>\n\n\n\n<p>Habr\u00e1 un recital po\u00e9tico a las 18:00 horas en el Jard\u00edn el Pa\u00f1uelito, as\u00ed como conciertos de la Marimba del Estado a las 18:30 horas en el Paseo Ju\u00e1rez el Llano, la Banda Filarm\u00f3nica de Santo Tom\u00e1s Jalieza en la calle de Flores Mag\u00f3n y el concierto la cantante Rub\u00ed L\u00f3pez a las 19:00 horas en la explanada del templo de San Mat\u00edas Jalatlaco.<\/p>\n\n\n\n<p>La gran fiesta culminar\u00e1 a las 20:00 horas con un concierto de Los \u00c1ngeles Azules en la Alameda de Le\u00f3n.<\/p>\n\n\n\n<p>El Municipio hace un llamado a las vecinas y vecinos para sumarse a esta celebraci\u00f3n que honra nuestra historia y fortalece nuestra identidad como oaxaque\u00f1os.<\/p>\n","protected":false},"excerpt":{"rendered":"<p>\u2022 El 25 de abril iniciar\u00e1n los festejos con las tradicionales ma\u00f1anitas a la ciudad&#8230;<\/p>\n","protected":false},"author":4,"featured_media":40349,"comment_status":"","ping_status":"open","sticky":false,"template":"","format":"standard","meta":{"footnotes":""},"categories":[9],"tags":[178,235,234,45],"jetpack_sharing_enabled":true,"featured_image_urls":{"full":["https:\/\/contextoanalisisperiodistico.com\/wp-content\/uploads\/2025\/04\/IMG-20250423-WA0067.jpg",1143,1600,false],"thumbnail":["https:\/\/contextoanalisisperiodistico.com\/wp-content\/uploads\/2025\/04\/IMG-20250423-WA0067-150x150.jpg",150,150,true],"medium":["https:\/\/contextoanalisisperiodistico.com\/wp-content\/uploads\/2025\/04\/IMG-20250423-WA0067-214x300.jpg",214,300,true],"medium_large":["https:\/\/contextoanalisisperiodistico.com\/wp-content\/uploads\/2025\/04\/IMG-20250423-WA0067-768x1075.jpg",640,896,true],"large":["https:\/\/contextoanalisisperiodistico.com\/wp-content\/uploads\/2025\/04\/IMG-20250423-WA0067-732x1024.jpg",640,895,true],"1536x1536":["https:\/\/contextoanalisisperiodistico.com\/wp-content\/uploads\/2025\/04\/IMG-20250423-WA0067-1097x1536.jpg",1097,1536,true],"2048x2048":["https:\/\/contextoanalisisperiodistico.com\/wp-content\/uploads\/2025\/04\/IMG-20250423-WA0067.jpg",1143,1600,false],"covernews-slider-full":["https:\/\/contextoanalisisperiodistico.com\/wp-content\/uploads\/2025\/04\/IMG-20250423-WA0067-1115x715.jpg",1115,715,true],"covernews-slider-center":["https:\/\/contextoanalisisperiodistico.com\/wp-content\/uploads\/2025\/04\/IMG-20250423-WA0067-800x500.jpg",800,500,true],"covernews-featured":["https:\/\/contextoanalisisperiodistico.com\/wp-content\/uploads\/2025\/04\/IMG-20250423-WA0067-1024x1433.jpg",1024,1433,true],"covernews-medium":["https:\/\/contextoanalisisperiodistico.com\/wp-content\/uploads\/2025\/04\/IMG-20250423-WA0067-540x340.jpg",540,340,true],"covernews-medium-square":["https:\/\/contextoanalisisperiodistico.com\/wp-content\/uploads\/2025\/04\/IMG-20250423-WA0067-400x250.jpg",400,250,true]},"author_info":{"display_name":"Mario Gir\u00f3n","author_link":"https:\/\/contextoanalisisperiodistico.com\/index.php\/author\/director\/"},"category_info":"<a href=\"https:\/\/contextoanalisisperiodistico.com\/index.php\/category\/politica\/\" rel=\"category tag\">Pol\u00edtica<\/a>","tag_info":"Pol\u00edtica","comment_count":"0","jetpack_featured_media_url":"https:\/\/contextoanalisisperiodistico.com\/wp-content\/uploads\/2025\/04\/IMG-20250423-WA0067.jpg","_links":{"self":[{"href":"https:\/\/contextoanalisisperiodistico.com\/index.php\/wp-json\/wp\/v2\/posts\/40351"}],"collection":[{"href":"https:\/\/contextoanalisisperiodistico.com\/index.php\/wp-json\/wp\/v2\/posts"}],"about":[{"href":"https:\/\/contextoanalisisperiodistico.com\/index.php\/wp-json\/wp\/v2\/types\/post"}],"author":[{"embeddable":true,"href":"https:\/\/contextoanalisisperiodistico.com\/index.php\/wp-json\/wp\/v2\/users\/4"}],"replies":[{"embeddable":true,"href":"https:\/\/contextoanalisisperiodistico.com\/index.php\/wp-json\/wp\/v2\/comments?post=40351"}],"version-history":[{"count":0,"href":"https:\/\/contextoanalisisperiodistico.com\/index.php\/wp-json\/wp\/v2\/posts\/40351\/revisions"}],"wp:featuredmedia":[{"embeddable":true,"href":"https:\/\/contextoanalisisperiodistico.com\/index.php\/wp-json\/wp\/v2\/media\/40349"}],"wp:attachment":[{"href":"https:\/\/contextoanalisisperiodistico.com\/index.php\/wp-json\/wp\/v2\/media?parent=40351"}],"wp:term":[{"taxonomy":"category","embeddable":true,"href":"https:\/\/contextoanalisisperiodistico.com\/index.php\/wp-json\/wp\/v2\/categories?post=40351"},{"taxonomy":"post_tag","embeddable":true,"href":"https:\/\/contextoanalisisperiodistico.com\/index.php\/wp-json\/wp\/v2\/tags?post=40351"}],"curies":[{"name":"wp","href":"https:\/\/api.w.org\/{rel}","templated":true}]}}