{"id":40342,"date":"2025-04-23T09:44:34","date_gmt":"2025-04-23T15:44:34","guid":{"rendered":"https:\/\/contextoanalisisperiodistico.com\/index.php\/2025\/04\/23\/disminuye-la-incidencia-delictiva-en-oaxaca-de-juarez-durante-los-primeros-100-dias-de-gobierno-de-ray-chagoya\/"},"modified":"2025-04-23T09:44:34","modified_gmt":"2025-04-23T15:44:34","slug":"disminuye-la-incidencia-delictiva-en-oaxaca-de-juarez-durante-los-primeros-100-dias-de-gobierno-de-ray-chagoya","status":"publish","type":"post","link":"https:\/\/contextoanalisisperiodistico.com\/index.php\/2025\/04\/23\/disminuye-la-incidencia-delictiva-en-oaxaca-de-juarez-durante-los-primeros-100-dias-de-gobierno-de-ray-chagoya\/","title":{"rendered":"Disminuye la incidencia delictiva en Oaxaca de Ju\u00e1rez durante los primeros 100 d\u00edas de gobierno de Ray Chagoya"},"content":{"rendered":"<div id=\"fb-root\"><\/div>\n\n<p>Oaxaca de Ju\u00e1rez, Oax.,23 de abril de 2025.- Las acciones emprendidas por el presidente municipal Ray Chagoya, en materia de seguridad los primeros 100 d\u00edas de su administraci\u00f3n, reflejan una disminuci\u00f3n en la incidencia delictiva en el municipio de Oaxaca de Ju\u00e1rez.<\/p>\n\n\n\n<p>Al respecto, el secretario de Seguridad Vecinal, Claudio de Jes\u00fas P\u00e9rez y P\u00e9rez inform\u00f3 que de acuerdo con datos del Secretariado Ejecutivo del Sistema Nacional de Seguridad P\u00fablica (SESNSP), Oaxaca de Ju\u00e1rez presenta una disminuci\u00f3n en la incidencia delictiva al corte del 31 de marzo.<\/p>\n\n\n\n<p>Detall\u00f3 que los delitos que reflejan una reducci\u00f3n en la incidencia delictiva son el robo a veh\u00edculo 10%, extorsi\u00f3n 75%, robo a transporte 60%, robo a transe\u00fante 65.8%, robo a negocio 13.6%, lesiones dolosas 38.2% y violencia familiar 30.7%.<\/p>\n\n\n\n<p>\u201cEllo es el reflejo de las acciones de seguridad a trav\u00e9s del nuevo modelo de Proximidad Social y de la estrecha coordinaci\u00f3n con corporaciones de nivel federal y estatal, con las que se realizan patrullajes de manera constante en colonias, barrios y parajes de Oaxaca de Ju\u00e1rez,\u201d, indic\u00f3.<\/p>\n\n\n\n<p>Precis\u00f3 que el Operativo Semana Santa Segura 2025, que se realiza en coordinaci\u00f3n con el Gobierno del Estado, la Guardia Nacional, Sedena y Polic\u00eda Estatal continuar\u00e1 hasta la media noche del pr\u00f3ximo domingo con patrullajes de prevenci\u00f3n, filtros de seguridad y proximidad social en varios puntos de la ciudad.<\/p>\n\n\n\n<p>En materia de seguridad, dijo que se trabaja de manera coordinada con los municipios de Santa Cruz Xoxocotl\u00e1n y Santa Luc\u00eda del Camino a trav\u00e9s del Mando Metropolitano, as\u00ed mismo se trabaja de manera conjunta con los municipios conurbados, como San Jacinto Amilpas, Santa Mar\u00eda Atzompa, San Agust\u00edn Yatareni y San Andr\u00e9s Huay\u00e1pam, entre otros, a fin de realizar un blindaje en los l\u00edmites para reaccionar ante alguna contingencia.<\/p>\n\n\n\n<p>Entre las acciones relevantes de la semana, destac\u00f3 la detenci\u00f3n de dos personas que presuntamente allanaron un domicilio en el paraje La Magueyera, de Trinidad de Viguera y un sujeto que cometi\u00f3 asaltos a las tiendas OXXO el centro de la ciudad. Las tres personas ya est\u00e1n a disposici\u00f3n de la Fiscal\u00eda General del Estado.<\/p>\n\n\n\n<p>Adem\u00e1s, en la presente semana, se aplica el Operativo Fuerza Interinstitucional por Oaxaca de Ju\u00e1rez, coordinado por la Sedena, en la que participa la Guardia Nacional, Polic\u00eda Estatal, Agencia Estatal de Investigaci\u00f3n y la Secretar\u00eda de Seguridad Vecinal con elementos de la Direcci\u00f3n de Proximidad Social y Direcci\u00f3n de Movilidad.<\/p>\n","protected":false},"excerpt":{"rendered":"<p>Oaxaca de Ju\u00e1rez, Oax.,23 de abril de 2025.- Las acciones emprendidas por el presidente municipal&#8230;<\/p>\n","protected":false},"author":4,"featured_media":40341,"comment_status":"","ping_status":"open","sticky":false,"template":"","format":"standard","meta":{"footnotes":""},"categories":[9],"tags":[178,235,234,45],"jetpack_sharing_enabled":true,"featured_image_urls":{"full":["https:\/\/contextoanalisisperiodistico.com\/wp-content\/uploads\/2025\/04\/IMG-20250423-WA0010.jpg",1355,1080,false],"thumbnail":["https:\/\/contextoanalisisperiodistico.com\/wp-content\/uploads\/2025\/04\/IMG-20250423-WA0010-150x150.jpg",150,150,true],"medium":["https:\/\/contextoanalisisperiodistico.com\/wp-content\/uploads\/2025\/04\/IMG-20250423-WA0010-300x239.jpg",300,239,true],"medium_large":["https:\/\/contextoanalisisperiodistico.com\/wp-content\/uploads\/2025\/04\/IMG-20250423-WA0010-768x612.jpg",640,510,true],"large":["https:\/\/contextoanalisisperiodistico.com\/wp-content\/uploads\/2025\/04\/IMG-20250423-WA0010-1024x816.jpg",640,510,true],"1536x1536":["https:\/\/contextoanalisisperiodistico.com\/wp-content\/uploads\/2025\/04\/IMG-20250423-WA0010.jpg",1355,1080,false],"2048x2048":["https:\/\/contextoanalisisperiodistico.com\/wp-content\/uploads\/2025\/04\/IMG-20250423-WA0010.jpg",1355,1080,false],"covernews-slider-full":["https:\/\/contextoanalisisperiodistico.com\/wp-content\/uploads\/2025\/04\/IMG-20250423-WA0010-1115x715.jpg",1115,715,true],"covernews-slider-center":["https:\/\/contextoanalisisperiodistico.com\/wp-content\/uploads\/2025\/04\/IMG-20250423-WA0010-800x500.jpg",800,500,true],"covernews-featured":["https:\/\/contextoanalisisperiodistico.com\/wp-content\/uploads\/2025\/04\/IMG-20250423-WA0010-1024x816.jpg",1024,816,true],"covernews-medium":["https:\/\/contextoanalisisperiodistico.com\/wp-content\/uploads\/2025\/04\/IMG-20250423-WA0010-540x340.jpg",540,340,true],"covernews-medium-square":["https:\/\/contextoanalisisperiodistico.com\/wp-content\/uploads\/2025\/04\/IMG-20250423-WA0010-400x250.jpg",400,250,true]},"author_info":{"display_name":"Mario Gir\u00f3n","author_link":"https:\/\/contextoanalisisperiodistico.com\/index.php\/author\/director\/"},"category_info":"<a href=\"https:\/\/contextoanalisisperiodistico.com\/index.php\/category\/politica\/\" rel=\"category tag\">Pol\u00edtica<\/a>","tag_info":"Pol\u00edtica","comment_count":"0","jetpack_featured_media_url":"https:\/\/contextoanalisisperiodistico.com\/wp-content\/uploads\/2025\/04\/IMG-20250423-WA0010.jpg","_links":{"self":[{"href":"https:\/\/contextoanalisisperiodistico.com\/index.php\/wp-json\/wp\/v2\/posts\/40342"}],"collection":[{"href":"https:\/\/contextoanalisisperiodistico.com\/index.php\/wp-json\/wp\/v2\/posts"}],"about":[{"href":"https:\/\/contextoanalisisperiodistico.com\/index.php\/wp-json\/wp\/v2\/types\/post"}],"author":[{"embeddable":true,"href":"https:\/\/contextoanalisisperiodistico.com\/index.php\/wp-json\/wp\/v2\/users\/4"}],"replies":[{"embeddable":true,"href":"https:\/\/contextoanalisisperiodistico.com\/index.php\/wp-json\/wp\/v2\/comments?post=40342"}],"version-history":[{"count":0,"href":"https:\/\/contextoanalisisperiodistico.com\/index.php\/wp-json\/wp\/v2\/posts\/40342\/revisions"}],"wp:featuredmedia":[{"embeddable":true,"href":"https:\/\/contextoanalisisperiodistico.com\/index.php\/wp-json\/wp\/v2\/media\/40341"}],"wp:attachment":[{"href":"https:\/\/contextoanalisisperiodistico.com\/index.php\/wp-json\/wp\/v2\/media?parent=40342"}],"wp:term":[{"taxonomy":"category","embeddable":true,"href":"https:\/\/contextoanalisisperiodistico.com\/index.php\/wp-json\/wp\/v2\/categories?post=40342"},{"taxonomy":"post_tag","embeddable":true,"href":"https:\/\/contextoanalisisperiodistico.com\/index.php\/wp-json\/wp\/v2\/tags?post=40342"}],"curies":[{"name":"wp","href":"https:\/\/api.w.org\/{rel}","templated":true}]}}