{"id":40326,"date":"2025-04-22T16:58:50","date_gmt":"2025-04-22T22:58:50","guid":{"rendered":"https:\/\/contextoanalisisperiodistico.com\/index.php\/2025\/04\/22\/oaxaca-de-juarez-celebra-con-arte-y-cultura-ray-chagoya-invita-al-festival-primavera-y-destaca-avances-en-sus-primeros-100-dias-de-gobierno\/"},"modified":"2025-04-22T17:03:15","modified_gmt":"2025-04-22T23:03:15","slug":"oaxaca-de-juarez-celebra-con-arte-y-cultura-ray-chagoya-invita-al-festival-primavera-y-destaca-avances-en-sus-primeros-100-dias-de-gobierno","status":"publish","type":"post","link":"https:\/\/contextoanalisisperiodistico.com\/index.php\/2025\/04\/22\/oaxaca-de-juarez-celebra-con-arte-y-cultura-ray-chagoya-invita-al-festival-primavera-y-destaca-avances-en-sus-primeros-100-dias-de-gobierno\/","title":{"rendered":"Oaxaca de Ju\u00e1rez celebra con arte y cultura: Ray Chagoya"},"content":{"rendered":"<div id=\"fb-root\"><\/div>\n\n<ul class=\"wp-block-list\">\n<li>Con motivo del 493 aniversario de la ciudad, el edil promueve una gran fiesta popular y se reporta una disminuci\u00f3n significativa en la incidencia delictiva<\/li>\n<\/ul>\n\n\n\n<p>Oaxaca de Ju\u00e1rez, Oax., 22 de abril de 2025.\u2013 En el marco del 493 aniversario de la ciudad de Oaxaca de Ju\u00e1rez, el presidente municipal Ray Chagoya convoc\u00f3 a celebrar con orgullo el \u201cFestival Primavera Rodolfo Morales\u201d, una fiesta de arte, tradici\u00f3n y cultura que se vive del 20 al 30 de abril en distintos puntos del municipio, con m\u00e1s de 50 actividades gratuitas.<\/p>\n\n\n\n<p>\u201cEste festival es una muestra del talento que florece en cada barrio y comunidad. Una fiesta del pueblo y para el pueblo\u201d, destac\u00f3 el edil, quien agradeci\u00f3 al gobernador Salom\u00f3n Jara Cruz por impulsar, junto con el municipio, esta iniciativa que rinde homenaje al maestro Rodolfo Morales.<\/p>\n\n\n\n<p>En conferencia de prensa el edil detall\u00f3 que este jueves 25 de abril ser\u00e1 una jornada inolvidable con ma\u00f1anitas oaxaque\u00f1as, una convivencia con tamales en la Alameda y la Sesi\u00f3n Solemne de Cabildo en el Teatro Macedonio Alcal\u00e1, a las 10:00 horas. Por la noche, Los \u00c1ngeles Azules encender\u00e1n la celebraci\u00f3n con un concierto gratuito, y el 28 de abril, Molotov har\u00e1 lo propio. \u201cInvitamos a todas y todos a sumarse a esta gran fiesta que celebra nuestra identidad\u201d, se\u00f1al\u00f3 Chagoya.<\/p>\n\n\n\n<p>Sobre los primeros 100 d\u00edas de su administraci\u00f3n, el presidente municipal expres\u00f3: \u201cHemos trabajado con energ\u00eda total, en territorio, en equipo y con resultados. Gracias al respaldo del gobernador Salom\u00f3n Jara, hemos logrado avances en seguridad, servicios p\u00fablicos, infraestructura y bienestar\u201d. A\u00f1adi\u00f3 que su gobierno construye un proyecto de largo plazo que atienda tanto los problemas inmediatos como las soluciones estructurales para la ciudad.<\/p>\n\n\n\n<p>Finalmente, anunci\u00f3 que ya se ejecutan acciones preventivas ante el inicio de la temporada de lluvias, incluyendo limpieza de drenajes, podas preventivas y la habilitaci\u00f3n de refugios temporales. \u201cCuidar la vida y seguridad de las y los oaxaque\u00f1os es nuestra prioridad, y no escatimaremos ning\u00fan esfuerzo para prevenir riesgos\u201d, concluy\u00f3.<\/p>\n","protected":false},"excerpt":{"rendered":"<p>Oaxaca de Ju\u00e1rez, Oax., 22 de abril de 2025.\u2013 En el marco del 493 aniversario&#8230;<\/p>\n","protected":false},"author":4,"featured_media":40325,"comment_status":"closed","ping_status":"open","sticky":false,"template":"","format":"standard","meta":{"footnotes":""},"categories":[9],"tags":[178,235,234,45],"jetpack_sharing_enabled":true,"featured_image_urls":{"full":["https:\/\/contextoanalisisperiodistico.com\/wp-content\/uploads\/2025\/04\/IMG-20250422-WA0119.jpg",1600,1067,false],"thumbnail":["https:\/\/contextoanalisisperiodistico.com\/wp-content\/uploads\/2025\/04\/IMG-20250422-WA0119-150x150.jpg",150,150,true],"medium":["https:\/\/contextoanalisisperiodistico.com\/wp-content\/uploads\/2025\/04\/IMG-20250422-WA0119-300x200.jpg",300,200,true],"medium_large":["https:\/\/contextoanalisisperiodistico.com\/wp-content\/uploads\/2025\/04\/IMG-20250422-WA0119-768x512.jpg",640,427,true],"large":["https:\/\/contextoanalisisperiodistico.com\/wp-content\/uploads\/2025\/04\/IMG-20250422-WA0119-1024x683.jpg",640,427,true],"1536x1536":["https:\/\/contextoanalisisperiodistico.com\/wp-content\/uploads\/2025\/04\/IMG-20250422-WA0119-1536x1024.jpg",1536,1024,true],"2048x2048":["https:\/\/contextoanalisisperiodistico.com\/wp-content\/uploads\/2025\/04\/IMG-20250422-WA0119.jpg",1600,1067,false],"covernews-slider-full":["https:\/\/contextoanalisisperiodistico.com\/wp-content\/uploads\/2025\/04\/IMG-20250422-WA0119-1115x715.jpg",1115,715,true],"covernews-slider-center":["https:\/\/contextoanalisisperiodistico.com\/wp-content\/uploads\/2025\/04\/IMG-20250422-WA0119-800x500.jpg",800,500,true],"covernews-featured":["https:\/\/contextoanalisisperiodistico.com\/wp-content\/uploads\/2025\/04\/IMG-20250422-WA0119-1024x683.jpg",1024,683,true],"covernews-medium":["https:\/\/contextoanalisisperiodistico.com\/wp-content\/uploads\/2025\/04\/IMG-20250422-WA0119-540x340.jpg",540,340,true],"covernews-medium-square":["https:\/\/contextoanalisisperiodistico.com\/wp-content\/uploads\/2025\/04\/IMG-20250422-WA0119-400x250.jpg",400,250,true]},"author_info":{"display_name":"Mario Gir\u00f3n","author_link":"https:\/\/contextoanalisisperiodistico.com\/index.php\/author\/director\/"},"category_info":"<a href=\"https:\/\/contextoanalisisperiodistico.com\/index.php\/category\/politica\/\" rel=\"category tag\">Pol\u00edtica<\/a>","tag_info":"Pol\u00edtica","comment_count":"0","jetpack_featured_media_url":"https:\/\/contextoanalisisperiodistico.com\/wp-content\/uploads\/2025\/04\/IMG-20250422-WA0119.jpg","_links":{"self":[{"href":"https:\/\/contextoanalisisperiodistico.com\/index.php\/wp-json\/wp\/v2\/posts\/40326"}],"collection":[{"href":"https:\/\/contextoanalisisperiodistico.com\/index.php\/wp-json\/wp\/v2\/posts"}],"about":[{"href":"https:\/\/contextoanalisisperiodistico.com\/index.php\/wp-json\/wp\/v2\/types\/post"}],"author":[{"embeddable":true,"href":"https:\/\/contextoanalisisperiodistico.com\/index.php\/wp-json\/wp\/v2\/users\/4"}],"replies":[{"embeddable":true,"href":"https:\/\/contextoanalisisperiodistico.com\/index.php\/wp-json\/wp\/v2\/comments?post=40326"}],"version-history":[{"count":1,"href":"https:\/\/contextoanalisisperiodistico.com\/index.php\/wp-json\/wp\/v2\/posts\/40326\/revisions"}],"predecessor-version":[{"id":40327,"href":"https:\/\/contextoanalisisperiodistico.com\/index.php\/wp-json\/wp\/v2\/posts\/40326\/revisions\/40327"}],"wp:featuredmedia":[{"embeddable":true,"href":"https:\/\/contextoanalisisperiodistico.com\/index.php\/wp-json\/wp\/v2\/media\/40325"}],"wp:attachment":[{"href":"https:\/\/contextoanalisisperiodistico.com\/index.php\/wp-json\/wp\/v2\/media?parent=40326"}],"wp:term":[{"taxonomy":"category","embeddable":true,"href":"https:\/\/contextoanalisisperiodistico.com\/index.php\/wp-json\/wp\/v2\/categories?post=40326"},{"taxonomy":"post_tag","embeddable":true,"href":"https:\/\/contextoanalisisperiodistico.com\/index.php\/wp-json\/wp\/v2\/tags?post=40326"}],"curies":[{"name":"wp","href":"https:\/\/api.w.org\/{rel}","templated":true}]}}