{"id":40324,"date":"2025-04-22T14:17:48","date_gmt":"2025-04-22T20:17:48","guid":{"rendered":"https:\/\/contextoanalisisperiodistico.com\/index.php\/2025\/04\/22\/alista-sso-semana-nacional-de-vacunacion-2025-vacunarse-es-salud\/"},"modified":"2025-04-22T14:17:48","modified_gmt":"2025-04-22T20:17:48","slug":"alista-sso-semana-nacional-de-vacunacion-2025-vacunarse-es-salud","status":"publish","type":"post","link":"https:\/\/contextoanalisisperiodistico.com\/index.php\/2025\/04\/22\/alista-sso-semana-nacional-de-vacunacion-2025-vacunarse-es-salud\/","title":{"rendered":"Alista SSO Semana Nacional de Vacunaci\u00f3n 2025 \u201cVacunarse es Salud\u201d"},"content":{"rendered":"<div id=\"fb-root\"><\/div>\n\n<p>\u2022 Del 26 de abril al 3 de mayo, se aplicar\u00e1n 12 biol\u00f3gicos en toda la entidad de manera gratuita para proteger a la poblaci\u00f3n m\u00e1s vulnerable contra enfermedades prevenibles<\/p>\n\n\n\n<figure class=\"wp-block-image size-large\"><img fetchpriority=\"high\" decoding=\"async\" width=\"1024\" height=\"576\" src=\"https:\/\/contextoanalisisperiodistico.com\/wp-content\/uploads\/2025\/04\/img-20250422-wa00778754903827184913240-1024x576.jpg\" alt=\"\" class=\"wp-image-40323\" srcset=\"https:\/\/contextoanalisisperiodistico.com\/wp-content\/uploads\/2025\/04\/img-20250422-wa00778754903827184913240-1024x576.jpg 1024w, https:\/\/contextoanalisisperiodistico.com\/wp-content\/uploads\/2025\/04\/img-20250422-wa00778754903827184913240-300x169.jpg 300w, https:\/\/contextoanalisisperiodistico.com\/wp-content\/uploads\/2025\/04\/img-20250422-wa00778754903827184913240-768x432.jpg 768w, https:\/\/contextoanalisisperiodistico.com\/wp-content\/uploads\/2025\/04\/img-20250422-wa00778754903827184913240-1536x864.jpg 1536w, https:\/\/contextoanalisisperiodistico.com\/wp-content\/uploads\/2025\/04\/img-20250422-wa00778754903827184913240.jpg 1600w\" sizes=\"(max-width: 1024px) 100vw, 1024px\" \/><\/figure>\n\n\n\n<p>Oaxaca de Ju\u00e1rez, Oax. 22 de abril de 2025.- Servicios de Salud de Oaxaca (SSO) prepara la Semana Nacional de Vacunaci\u00f3n 2025, que se llevar\u00e1 a cabo del 26 de abril al 3 de mayo en las seis Jurisdicciones Sanitarias de la entidad, bajo el lema \u201cVacunarse es Salud\u201d.<\/p>\n\n\n\n<p>El secretario de Salud, Efr\u00e9n Emmanuel Jarqu\u00edn Gonz\u00e1lez precis\u00f3 que esta jornada intensiva ofertar\u00e1 de manera gratuita 12 biol\u00f3gicos del cuadro b\u00e1sico, dirigidos especialmente a los grupos m\u00e1s vulnerables: ni\u00f1as y ni\u00f1os menores de cinco a\u00f1os, adolescentes, mujeres embarazadas, personas adultas y mayores, grupos en situaci\u00f3n de riesgo, y personal m\u00e9dico en contacto directo con pacientes.<\/p>\n\n\n\n<p>Para asegurar la cobertura universal, las instituciones del Sector Salud: SSO, IMSS, IMSS Bienestar, Instituto de Seguridad y Servicio Social de los Trabajadores del Estado (ISSSTE), Petr\u00f3leos Mexicanos (Pemex), Secretar\u00eda de la Defensa Nacional (Defensa) y Secretar\u00eda de Marina (Semar) operar\u00e1n de forma conjunta, habilitando unidades m\u00e9dicas fijas, puestos m\u00f3viles y brigadas comunitarias en las ocho regiones del estado.<\/p>\n\n\n\n<p>Especific\u00f3 que la poblaci\u00f3n tendr\u00e1 acceso a los inmunol\u00f3gicos BCG, que protege contra la Tuberculosis miliar y men\u00edngea; Hepatitis B; Hexavalente acelular contra: difteria, tosferina, t\u00e9tanos, poliomielitis, hepatitis B y Haemophilus influenzae tipo B; rotavirus contra diarreas.<\/p>\n\n\n\n<p>Adem\u00e1s de Antineumoc\u00f3cica conjugada para: neumon\u00eda y meningitis; Antineumococica polisac\u00e1rida contra: neumon\u00eda y meningitis; SRP para: sarampi\u00f3n, rub\u00e9ola y parotiditis; DPT contra: difteria, tosferina y t\u00e9tanos; Tdpa que evita: difteria, tosferina y t\u00e9tanos; VPH para la prevenci\u00f3n del c\u00e1ncer: cervicouterino y verrugas genitales; as\u00ed como SR contra: sarampi\u00f3n y rub\u00e9ola. Las cuales se aplicar\u00e1n conforme a la edad, condiciones de salud y antecedentes de vacunaci\u00f3n.<\/p>\n\n\n\n<p>Jarqu\u00edn Gonz\u00e1lez exhort\u00f3 a la poblaci\u00f3n a llevar su cartilla de vacunaci\u00f3n y asistir a la unidad de salud m\u00e1s cercana o a alguno de los puestos de vacunaci\u00f3n itinerantes, para iniciar o completar esquemas, as\u00ed como actualizar refuerzos y consolidar la protecci\u00f3n de los sectores prioritarios.<\/p>\n\n\n\n<p>\u201cLa vacunaci\u00f3n es una de las intervenciones m\u00e1s eficaces y seguras para prevenir enfermedades, discapacidades y muertes. Todas las dosis son gratuitas, efectivas y est\u00e1n garantizadas en nuestras unidades\u201d, subray\u00f3 el secretario de Salud.<br \/>-0-<\/p>\n","protected":false},"excerpt":{"rendered":"<p>\u2022 Del 26 de abril al 3 de mayo, se aplicar\u00e1n 12 biol\u00f3gicos en toda&#8230;<\/p>\n","protected":false},"author":4,"featured_media":40322,"comment_status":"","ping_status":"open","sticky":false,"template":"","format":"standard","meta":{"footnotes":""},"categories":[92],"tags":[],"jetpack_sharing_enabled":true,"featured_image_urls":{"full":["https:\/\/contextoanalisisperiodistico.com\/wp-content\/uploads\/2025\/04\/IMG-20250422-WA0078.jpg",1600,900,false],"thumbnail":["https:\/\/contextoanalisisperiodistico.com\/wp-content\/uploads\/2025\/04\/IMG-20250422-WA0078-150x150.jpg",150,150,true],"medium":["https:\/\/contextoanalisisperiodistico.com\/wp-content\/uploads\/2025\/04\/IMG-20250422-WA0078-300x169.jpg",300,169,true],"medium_large":["https:\/\/contextoanalisisperiodistico.com\/wp-content\/uploads\/2025\/04\/IMG-20250422-WA0078-768x432.jpg",640,360,true],"large":["https:\/\/contextoanalisisperiodistico.com\/wp-content\/uploads\/2025\/04\/IMG-20250422-WA0078-1024x576.jpg",640,360,true],"1536x1536":["https:\/\/contextoanalisisperiodistico.com\/wp-content\/uploads\/2025\/04\/IMG-20250422-WA0078-1536x864.jpg",1536,864,true],"2048x2048":["https:\/\/contextoanalisisperiodistico.com\/wp-content\/uploads\/2025\/04\/IMG-20250422-WA0078.jpg",1600,900,false],"covernews-slider-full":["https:\/\/contextoanalisisperiodistico.com\/wp-content\/uploads\/2025\/04\/IMG-20250422-WA0078-1115x715.jpg",1115,715,true],"covernews-slider-center":["https:\/\/contextoanalisisperiodistico.com\/wp-content\/uploads\/2025\/04\/IMG-20250422-WA0078-800x500.jpg",800,500,true],"covernews-featured":["https:\/\/contextoanalisisperiodistico.com\/wp-content\/uploads\/2025\/04\/IMG-20250422-WA0078-1024x576.jpg",1024,576,true],"covernews-medium":["https:\/\/contextoanalisisperiodistico.com\/wp-content\/uploads\/2025\/04\/IMG-20250422-WA0078-540x340.jpg",540,340,true],"covernews-medium-square":["https:\/\/contextoanalisisperiodistico.com\/wp-content\/uploads\/2025\/04\/IMG-20250422-WA0078-400x250.jpg",400,250,true]},"author_info":{"display_name":"Mario Gir\u00f3n","author_link":"https:\/\/contextoanalisisperiodistico.com\/index.php\/author\/director\/"},"category_info":"<a href=\"https:\/\/contextoanalisisperiodistico.com\/index.php\/category\/salud\/\" rel=\"category tag\">Salud<\/a>","tag_info":"Salud","comment_count":"0","jetpack_featured_media_url":"https:\/\/contextoanalisisperiodistico.com\/wp-content\/uploads\/2025\/04\/IMG-20250422-WA0078.jpg","_links":{"self":[{"href":"https:\/\/contextoanalisisperiodistico.com\/index.php\/wp-json\/wp\/v2\/posts\/40324"}],"collection":[{"href":"https:\/\/contextoanalisisperiodistico.com\/index.php\/wp-json\/wp\/v2\/posts"}],"about":[{"href":"https:\/\/contextoanalisisperiodistico.com\/index.php\/wp-json\/wp\/v2\/types\/post"}],"author":[{"embeddable":true,"href":"https:\/\/contextoanalisisperiodistico.com\/index.php\/wp-json\/wp\/v2\/users\/4"}],"replies":[{"embeddable":true,"href":"https:\/\/contextoanalisisperiodistico.com\/index.php\/wp-json\/wp\/v2\/comments?post=40324"}],"version-history":[{"count":0,"href":"https:\/\/contextoanalisisperiodistico.com\/index.php\/wp-json\/wp\/v2\/posts\/40324\/revisions"}],"wp:featuredmedia":[{"embeddable":true,"href":"https:\/\/contextoanalisisperiodistico.com\/index.php\/wp-json\/wp\/v2\/media\/40322"}],"wp:attachment":[{"href":"https:\/\/contextoanalisisperiodistico.com\/index.php\/wp-json\/wp\/v2\/media?parent=40324"}],"wp:term":[{"taxonomy":"category","embeddable":true,"href":"https:\/\/contextoanalisisperiodistico.com\/index.php\/wp-json\/wp\/v2\/categories?post=40324"},{"taxonomy":"post_tag","embeddable":true,"href":"https:\/\/contextoanalisisperiodistico.com\/index.php\/wp-json\/wp\/v2\/tags?post=40324"}],"curies":[{"name":"wp","href":"https:\/\/api.w.org\/{rel}","templated":true}]}}