{"id":40320,"date":"2025-04-22T12:43:32","date_gmt":"2025-04-22T18:43:32","guid":{"rendered":"https:\/\/contextoanalisisperiodistico.com\/index.php\/2025\/04\/22\/aprueban-recinto-oficial-para-sesion-solemne-por-el-493-aniversario-de-oaxaca-de-juarez\/"},"modified":"2025-04-22T12:46:54","modified_gmt":"2025-04-22T18:46:54","slug":"aprueban-recinto-oficial-para-sesion-solemne-por-el-493-aniversario-de-oaxaca-de-juarez","status":"publish","type":"post","link":"https:\/\/contextoanalisisperiodistico.com\/index.php\/2025\/04\/22\/aprueban-recinto-oficial-para-sesion-solemne-por-el-493-aniversario-de-oaxaca-de-juarez\/","title":{"rendered":"Aprueban recinto oficial para sesi\u00f3n solemne por el 493 aniversario de Oaxaca de Ju\u00e1rez"},"content":{"rendered":"<div id=\"fb-root\"><\/div>\n\n<ul class=\"wp-block-list\">\n<li>Cabildo municipal tambi\u00e9n dio seguimiento al informe de 100 d\u00edas y temas de protecci\u00f3n civil<\/li>\n<\/ul>\n\n\n\n<figure class=\"wp-block-image size-large\"><img fetchpriority=\"high\" decoding=\"async\" width=\"1024\" height=\"684\" src=\"https:\/\/contextoanalisisperiodistico.com\/wp-content\/uploads\/2025\/04\/img-20250422-wa00626842703575296827016-1024x684.jpg\" alt=\"\" class=\"wp-image-40318\" srcset=\"https:\/\/contextoanalisisperiodistico.com\/wp-content\/uploads\/2025\/04\/img-20250422-wa00626842703575296827016-1024x684.jpg 1024w, https:\/\/contextoanalisisperiodistico.com\/wp-content\/uploads\/2025\/04\/img-20250422-wa00626842703575296827016-300x200.jpg 300w, https:\/\/contextoanalisisperiodistico.com\/wp-content\/uploads\/2025\/04\/img-20250422-wa00626842703575296827016-768x513.jpg 768w, https:\/\/contextoanalisisperiodistico.com\/wp-content\/uploads\/2025\/04\/img-20250422-wa00626842703575296827016-1536x1026.jpg 1536w, https:\/\/contextoanalisisperiodistico.com\/wp-content\/uploads\/2025\/04\/img-20250422-wa00626842703575296827016.jpg 1557w\" sizes=\"(max-width: 1024px) 100vw, 1024px\" \/><\/figure>\n\n\n\n<figure class=\"wp-block-image\"><img decoding=\"async\" width=\"1024\" height=\"619\" src=\"https:\/\/contextoanalisisperiodistico.com\/wp-content\/uploads\/2025\/04\/img-20250422-wa00645338799877031299930-1024x619.jpg\" alt=\"\" class=\"wp-image-40319\" srcset=\"https:\/\/contextoanalisisperiodistico.com\/wp-content\/uploads\/2025\/04\/img-20250422-wa00645338799877031299930-1024x619.jpg 1024w, https:\/\/contextoanalisisperiodistico.com\/wp-content\/uploads\/2025\/04\/img-20250422-wa00645338799877031299930-300x181.jpg 300w, https:\/\/contextoanalisisperiodistico.com\/wp-content\/uploads\/2025\/04\/img-20250422-wa00645338799877031299930-768x464.jpg 768w, https:\/\/contextoanalisisperiodistico.com\/wp-content\/uploads\/2025\/04\/img-20250422-wa00645338799877031299930.jpg 1507w\" sizes=\"(max-width: 1024px) 100vw, 1024px\" \/><\/figure>\n\n\n\n<p>Oaxaca de Ju\u00e1rez, Oax. 22 de abril de 2025.\u2013 En sesi\u00f3n de Cabildo, el Honorable Ayuntamiento de Oaxaca de Ju\u00e1rez aprob\u00f3 el punto de acuerdo presentado por el presidente municipal Ray Chagoya, mediante el cual se habilita al Teatro Macedonio Alcal\u00e1 como recinto oficial para celebrar la sesi\u00f3n solemne con motivo del 493 aniversario de la elevaci\u00f3n de la entonces Villa de Antequera al rango de ciudad, a realizarse el pr\u00f3ximo 25 de abril a las 10:00 horas.<\/p>\n\n\n\n<p>Durante la sesi\u00f3n, tambi\u00e9n se present\u00f3 un balance de los primeros 100 d\u00edas de gobierno del presidente municipal, destacando logros en servicios p\u00fablicos, recuperaci\u00f3n de espacios, seguridad, atenci\u00f3n ciudadana y estabilidad financiera. El edil reafirm\u00f3 el compromiso de seguir trabajando con resultados y cercan\u00eda con la gente.<\/p>\n\n\n\n<p>Asimismo, se realiz\u00f3 una invitaci\u00f3n a la ciudadan\u00eda para participar en las actividades conmemorativas del aniversario de la ciudad, que iniciar\u00e1n desde temprana hora con las tradicionales ma\u00f1anitas, el reparto de tamales y una cartelera art\u00edstica en el marco del Festival Primavera Rodolfo Morales.<\/p>\n\n\n\n<p>En el rubro de protecci\u00f3n civil, se propuso identificar los puntos cr\u00edticos en distintas zonas del municipio que podr\u00edan presentar afectaciones ante las lluvias recientes, por lo que se reforzar\u00e1n las acciones de monitoreo y prevenci\u00f3n para garantizar la seguridad de las y los capitalinos.<\/p>\n\n\n\n<p>Con estas acciones, el Cabildo reafirma su compromiso con la gobernanza responsable, la memoria hist\u00f3rica de la ciudad y la protecci\u00f3n del bienestar colectivo.<\/p>\n","protected":false},"excerpt":{"rendered":"<p>Oaxaca de Ju\u00e1rez, Oax. 22 de abril de 2025.\u2013 En sesi\u00f3n de Cabildo, el Honorable&#8230;<\/p>\n","protected":false},"author":4,"featured_media":40317,"comment_status":"closed","ping_status":"open","sticky":false,"template":"","format":"standard","meta":{"footnotes":""},"categories":[9],"tags":[178,235,234,45],"jetpack_sharing_enabled":true,"featured_image_urls":{"full":["https:\/\/contextoanalisisperiodistico.com\/wp-content\/uploads\/2025\/04\/IMG-20250422-WA0063.jpg",1616,1080,false],"thumbnail":["https:\/\/contextoanalisisperiodistico.com\/wp-content\/uploads\/2025\/04\/IMG-20250422-WA0063-150x150.jpg",150,150,true],"medium":["https:\/\/contextoanalisisperiodistico.com\/wp-content\/uploads\/2025\/04\/IMG-20250422-WA0063-300x200.jpg",300,200,true],"medium_large":["https:\/\/contextoanalisisperiodistico.com\/wp-content\/uploads\/2025\/04\/IMG-20250422-WA0063-768x513.jpg",640,428,true],"large":["https:\/\/contextoanalisisperiodistico.com\/wp-content\/uploads\/2025\/04\/IMG-20250422-WA0063-1024x684.jpg",640,428,true],"1536x1536":["https:\/\/contextoanalisisperiodistico.com\/wp-content\/uploads\/2025\/04\/IMG-20250422-WA0063-1536x1027.jpg",1536,1027,true],"2048x2048":["https:\/\/contextoanalisisperiodistico.com\/wp-content\/uploads\/2025\/04\/IMG-20250422-WA0063.jpg",1616,1080,false],"covernews-slider-full":["https:\/\/contextoanalisisperiodistico.com\/wp-content\/uploads\/2025\/04\/IMG-20250422-WA0063-1115x715.jpg",1115,715,true],"covernews-slider-center":["https:\/\/contextoanalisisperiodistico.com\/wp-content\/uploads\/2025\/04\/IMG-20250422-WA0063-800x500.jpg",800,500,true],"covernews-featured":["https:\/\/contextoanalisisperiodistico.com\/wp-content\/uploads\/2025\/04\/IMG-20250422-WA0063-1024x684.jpg",1024,684,true],"covernews-medium":["https:\/\/contextoanalisisperiodistico.com\/wp-content\/uploads\/2025\/04\/IMG-20250422-WA0063-540x340.jpg",540,340,true],"covernews-medium-square":["https:\/\/contextoanalisisperiodistico.com\/wp-content\/uploads\/2025\/04\/IMG-20250422-WA0063-400x250.jpg",400,250,true]},"author_info":{"display_name":"Mario Gir\u00f3n","author_link":"https:\/\/contextoanalisisperiodistico.com\/index.php\/author\/director\/"},"category_info":"<a href=\"https:\/\/contextoanalisisperiodistico.com\/index.php\/category\/politica\/\" rel=\"category tag\">Pol\u00edtica<\/a>","tag_info":"Pol\u00edtica","comment_count":"0","jetpack_featured_media_url":"https:\/\/contextoanalisisperiodistico.com\/wp-content\/uploads\/2025\/04\/IMG-20250422-WA0063.jpg","_links":{"self":[{"href":"https:\/\/contextoanalisisperiodistico.com\/index.php\/wp-json\/wp\/v2\/posts\/40320"}],"collection":[{"href":"https:\/\/contextoanalisisperiodistico.com\/index.php\/wp-json\/wp\/v2\/posts"}],"about":[{"href":"https:\/\/contextoanalisisperiodistico.com\/index.php\/wp-json\/wp\/v2\/types\/post"}],"author":[{"embeddable":true,"href":"https:\/\/contextoanalisisperiodistico.com\/index.php\/wp-json\/wp\/v2\/users\/4"}],"replies":[{"embeddable":true,"href":"https:\/\/contextoanalisisperiodistico.com\/index.php\/wp-json\/wp\/v2\/comments?post=40320"}],"version-history":[{"count":1,"href":"https:\/\/contextoanalisisperiodistico.com\/index.php\/wp-json\/wp\/v2\/posts\/40320\/revisions"}],"predecessor-version":[{"id":40321,"href":"https:\/\/contextoanalisisperiodistico.com\/index.php\/wp-json\/wp\/v2\/posts\/40320\/revisions\/40321"}],"wp:featuredmedia":[{"embeddable":true,"href":"https:\/\/contextoanalisisperiodistico.com\/index.php\/wp-json\/wp\/v2\/media\/40317"}],"wp:attachment":[{"href":"https:\/\/contextoanalisisperiodistico.com\/index.php\/wp-json\/wp\/v2\/media?parent=40320"}],"wp:term":[{"taxonomy":"category","embeddable":true,"href":"https:\/\/contextoanalisisperiodistico.com\/index.php\/wp-json\/wp\/v2\/categories?post=40320"},{"taxonomy":"post_tag","embeddable":true,"href":"https:\/\/contextoanalisisperiodistico.com\/index.php\/wp-json\/wp\/v2\/tags?post=40320"}],"curies":[{"name":"wp","href":"https:\/\/api.w.org\/{rel}","templated":true}]}}