{"id":40267,"date":"2025-04-21T15:28:33","date_gmt":"2025-04-21T21:28:33","guid":{"rendered":"https:\/\/contextoanalisisperiodistico.com\/index.php\/2025\/04\/21\/presentan-el-menu-primavera-en-el-marco-del-festival-rodolfo-morales\/"},"modified":"2025-04-21T15:28:33","modified_gmt":"2025-04-21T21:28:33","slug":"presentan-el-menu-primavera-en-el-marco-del-festival-rodolfo-morales","status":"publish","type":"post","link":"https:\/\/contextoanalisisperiodistico.com\/index.php\/2025\/04\/21\/presentan-el-menu-primavera-en-el-marco-del-festival-rodolfo-morales\/","title":{"rendered":"Presentan el Men\u00fa Primavera, en el marco del Festival Rodolfo Morales"},"content":{"rendered":"<div id=\"fb-root\"><\/div>\n\n<p>\u2022 Una celebraci\u00f3n gastron\u00f3mica que florece con el sabor y el coraz\u00f3n de nuestra tierra<\/p>\n\n\n\n<figure class=\"wp-block-image size-large\"><img fetchpriority=\"high\" decoding=\"async\" width=\"1024\" height=\"684\" src=\"https:\/\/contextoanalisisperiodistico.com\/wp-content\/uploads\/2025\/04\/img-20250421-wa00752331532139111020988-1024x684.jpg\" alt=\"\" class=\"wp-image-40264\" srcset=\"https:\/\/contextoanalisisperiodistico.com\/wp-content\/uploads\/2025\/04\/img-20250421-wa00752331532139111020988-1024x684.jpg 1024w, https:\/\/contextoanalisisperiodistico.com\/wp-content\/uploads\/2025\/04\/img-20250421-wa00752331532139111020988-300x200.jpg 300w, https:\/\/contextoanalisisperiodistico.com\/wp-content\/uploads\/2025\/04\/img-20250421-wa00752331532139111020988-768x513.jpg 768w, https:\/\/contextoanalisisperiodistico.com\/wp-content\/uploads\/2025\/04\/img-20250421-wa00752331532139111020988.jpg 1280w\" sizes=\"(max-width: 1024px) 100vw, 1024px\" \/><\/figure>\n\n\n\n<figure class=\"wp-block-image\"><img decoding=\"async\" width=\"1024\" height=\"684\" src=\"https:\/\/contextoanalisisperiodistico.com\/wp-content\/uploads\/2025\/04\/img-20250421-wa00767189677398411557275-1024x684.jpg\" alt=\"\" class=\"wp-image-40265\" srcset=\"https:\/\/contextoanalisisperiodistico.com\/wp-content\/uploads\/2025\/04\/img-20250421-wa00767189677398411557275-1024x684.jpg 1024w, https:\/\/contextoanalisisperiodistico.com\/wp-content\/uploads\/2025\/04\/img-20250421-wa00767189677398411557275-300x200.jpg 300w, https:\/\/contextoanalisisperiodistico.com\/wp-content\/uploads\/2025\/04\/img-20250421-wa00767189677398411557275-768x513.jpg 768w, https:\/\/contextoanalisisperiodistico.com\/wp-content\/uploads\/2025\/04\/img-20250421-wa00767189677398411557275.jpg 1280w\" sizes=\"(max-width: 1024px) 100vw, 1024px\" \/><\/figure>\n\n\n\n<figure class=\"wp-block-image\"><img decoding=\"async\" width=\"1024\" height=\"684\" src=\"https:\/\/contextoanalisisperiodistico.com\/wp-content\/uploads\/2025\/04\/img-20250421-wa00776142587745636324494-1024x684.jpg\" alt=\"\" class=\"wp-image-40266\" srcset=\"https:\/\/contextoanalisisperiodistico.com\/wp-content\/uploads\/2025\/04\/img-20250421-wa00776142587745636324494-1024x684.jpg 1024w, https:\/\/contextoanalisisperiodistico.com\/wp-content\/uploads\/2025\/04\/img-20250421-wa00776142587745636324494-300x200.jpg 300w, https:\/\/contextoanalisisperiodistico.com\/wp-content\/uploads\/2025\/04\/img-20250421-wa00776142587745636324494-768x513.jpg 768w, https:\/\/contextoanalisisperiodistico.com\/wp-content\/uploads\/2025\/04\/img-20250421-wa00776142587745636324494.jpg 1280w\" sizes=\"(max-width: 1024px) 100vw, 1024px\" \/><\/figure>\n\n\n\n<p>Oaxaca de Ju\u00e1rez, Oax.21 de abril de 2025.\u2013 En el marco del Festival Primavera Rodolfo Morales 2025, se present\u00f3 el Men\u00fa Primavera, una iniciativa que del 20 al 30 de abril re\u00fane a 20 restaurantes de la ciudad para ofrecer men\u00fas especiales elaborados con ingredientes locales y recetas tradicionales que reflejan el alma de la cocina oaxaque\u00f1a.<\/p>\n\n\n\n<p>Este proyecto nace con una misi\u00f3n clara: fomentar el consumo local y celebrar la riqueza de nuestra gastronom\u00eda, honrando a los productores, cocineras y chefs que dan vida a los sabores de Oaxaca. A trav\u00e9s de esta colaboraci\u00f3n con Canirac Oaxaca, los restaurantes participantes ponen en alto la diversidad culinaria que distingue a nuestra tierra.<\/p>\n\n\n\n<p>Durante el acto inaugural, Gabriela Garc\u00eda Fern\u00e1ndez del Campo, Presidenta del DIF Municipal, Alicia Bueno Velasco, Secretaria de Turismo Municipal y Andrea S\u00e1nchez, Presidenta de Canirac Oaxaca, destacaron que la cocina oaxaque\u00f1a es un elemento identitario que debe proyectarse al mundo con orgullo. \u201cEn cada plato hay historia, hay familia, hay comunidad. Cocinamos con coraz\u00f3n y con orgullo\u201d, afirm\u00f3 S\u00e1nchez.<\/p>\n\n\n\n<p>Participan en esta edici\u00f3n:<br \/>Humito Cocina, Casa El Elfo, El Sol y la Luna, XHEN, MasaPan, Las Rosas Restaurant, Los Soles, El Tendaj\u00f3n, Caf\u00e9 Talante, Expendio Tradici\u00f3n, Los Adobes, Los Andantes, Hotel Azul, Hook de Casa de Adobe, Tres Bistr\u00f3, entre otros.<\/p>\n\n\n\n<p>El Festival Primavera invita a todas y todos a degustar, compartir y apoyar lo nuestro, porque consumir local no es una tendencia, sino un acto de responsabilidad, identidad y amor por Oaxaca.<\/p>\n","protected":false},"excerpt":{"rendered":"<p>\u2022 Una celebraci\u00f3n gastron\u00f3mica que florece con el sabor y el coraz\u00f3n de nuestra tierra&#8230;<\/p>\n","protected":false},"author":4,"featured_media":40263,"comment_status":"","ping_status":"open","sticky":false,"template":"","format":"standard","meta":{"footnotes":""},"categories":[9],"tags":[178,235,234,45],"jetpack_sharing_enabled":true,"featured_image_urls":{"full":["https:\/\/contextoanalisisperiodistico.com\/wp-content\/uploads\/2025\/04\/IMG-20250421-WA0074.jpg",1280,855,false],"thumbnail":["https:\/\/contextoanalisisperiodistico.com\/wp-content\/uploads\/2025\/04\/IMG-20250421-WA0074-150x150.jpg",150,150,true],"medium":["https:\/\/contextoanalisisperiodistico.com\/wp-content\/uploads\/2025\/04\/IMG-20250421-WA0074-300x200.jpg",300,200,true],"medium_large":["https:\/\/contextoanalisisperiodistico.com\/wp-content\/uploads\/2025\/04\/IMG-20250421-WA0074-768x513.jpg",640,428,true],"large":["https:\/\/contextoanalisisperiodistico.com\/wp-content\/uploads\/2025\/04\/IMG-20250421-WA0074-1024x684.jpg",640,428,true],"1536x1536":["https:\/\/contextoanalisisperiodistico.com\/wp-content\/uploads\/2025\/04\/IMG-20250421-WA0074.jpg",1280,855,false],"2048x2048":["https:\/\/contextoanalisisperiodistico.com\/wp-content\/uploads\/2025\/04\/IMG-20250421-WA0074.jpg",1280,855,false],"covernews-slider-full":["https:\/\/contextoanalisisperiodistico.com\/wp-content\/uploads\/2025\/04\/IMG-20250421-WA0074-1115x715.jpg",1115,715,true],"covernews-slider-center":["https:\/\/contextoanalisisperiodistico.com\/wp-content\/uploads\/2025\/04\/IMG-20250421-WA0074-800x500.jpg",800,500,true],"covernews-featured":["https:\/\/contextoanalisisperiodistico.com\/wp-content\/uploads\/2025\/04\/IMG-20250421-WA0074-1024x684.jpg",1024,684,true],"covernews-medium":["https:\/\/contextoanalisisperiodistico.com\/wp-content\/uploads\/2025\/04\/IMG-20250421-WA0074-540x340.jpg",540,340,true],"covernews-medium-square":["https:\/\/contextoanalisisperiodistico.com\/wp-content\/uploads\/2025\/04\/IMG-20250421-WA0074-400x250.jpg",400,250,true]},"author_info":{"display_name":"Mario Gir\u00f3n","author_link":"https:\/\/contextoanalisisperiodistico.com\/index.php\/author\/director\/"},"category_info":"<a href=\"https:\/\/contextoanalisisperiodistico.com\/index.php\/category\/politica\/\" rel=\"category tag\">Pol\u00edtica<\/a>","tag_info":"Pol\u00edtica","comment_count":"0","jetpack_featured_media_url":"https:\/\/contextoanalisisperiodistico.com\/wp-content\/uploads\/2025\/04\/IMG-20250421-WA0074.jpg","_links":{"self":[{"href":"https:\/\/contextoanalisisperiodistico.com\/index.php\/wp-json\/wp\/v2\/posts\/40267"}],"collection":[{"href":"https:\/\/contextoanalisisperiodistico.com\/index.php\/wp-json\/wp\/v2\/posts"}],"about":[{"href":"https:\/\/contextoanalisisperiodistico.com\/index.php\/wp-json\/wp\/v2\/types\/post"}],"author":[{"embeddable":true,"href":"https:\/\/contextoanalisisperiodistico.com\/index.php\/wp-json\/wp\/v2\/users\/4"}],"replies":[{"embeddable":true,"href":"https:\/\/contextoanalisisperiodistico.com\/index.php\/wp-json\/wp\/v2\/comments?post=40267"}],"version-history":[{"count":0,"href":"https:\/\/contextoanalisisperiodistico.com\/index.php\/wp-json\/wp\/v2\/posts\/40267\/revisions"}],"wp:featuredmedia":[{"embeddable":true,"href":"https:\/\/contextoanalisisperiodistico.com\/index.php\/wp-json\/wp\/v2\/media\/40263"}],"wp:attachment":[{"href":"https:\/\/contextoanalisisperiodistico.com\/index.php\/wp-json\/wp\/v2\/media?parent=40267"}],"wp:term":[{"taxonomy":"category","embeddable":true,"href":"https:\/\/contextoanalisisperiodistico.com\/index.php\/wp-json\/wp\/v2\/categories?post=40267"},{"taxonomy":"post_tag","embeddable":true,"href":"https:\/\/contextoanalisisperiodistico.com\/index.php\/wp-json\/wp\/v2\/tags?post=40267"}],"curies":[{"name":"wp","href":"https:\/\/api.w.org\/{rel}","templated":true}]}}