{"id":40261,"date":"2025-04-21T15:21:56","date_gmt":"2025-04-21T21:21:56","guid":{"rendered":"https:\/\/contextoanalisisperiodistico.com\/index.php\/2025\/04\/21\/exhorta-sso-a-vacunar-a-la-poblacion-infantil-contra-la-tos-ferina\/"},"modified":"2025-04-21T15:22:57","modified_gmt":"2025-04-21T21:22:57","slug":"exhorta-sso-a-vacunar-a-la-poblacion-infantil-contra-la-tos-ferina","status":"publish","type":"post","link":"https:\/\/contextoanalisisperiodistico.com\/index.php\/2025\/04\/21\/exhorta-sso-a-vacunar-a-la-poblacion-infantil-contra-la-tos-ferina\/","title":{"rendered":"Exhorta SSO a vacunar a la poblaci\u00f3n infantil contra la tos ferina"},"content":{"rendered":"<div id=\"fb-root\"><\/div>\n\n<p>\u2022 Existe suficiente abasto de biol\u00f3gicos en las unidades m\u00e9dicas<\/p>\n\n\n\n<p>Oaxaca de Ju\u00e1rez, Oax. 21 de abril de 2025.- Durante la conferencia matutina del Gobernador Salom\u00f3n Jara Cruz, el titular de Servicios de Salud de Oaxaca (SSO), Efr\u00e9n Emmanuel Jarqu\u00edn Gonz\u00e1lez inform\u00f3 que, al corte de la semana epidemiol\u00f3gica n\u00famero 15, se han registrado 26 casos de tos ferina en la entidad.<\/p>\n\n\n\n<p>A nivel nacional, la Secretar\u00eda de Salud ha confirmado 696 casos de la enfermedad y 37 defunciones, una de ellas en Oaxaca el 22 de enero de 2025, correspondiente a una persona menor de 1 a\u00f1o, originaria de Santiago Ap\u00f3stol.<\/p>\n\n\n\n<p>Ante este escenario, el Secretario de Salud de Oaxaca exhort\u00f3 a madres y padres de familia, as\u00ed como a personas cuidadoras, revisar las cartillas de vacunaci\u00f3n de ni\u00f1as y ni\u00f1os para completar sus esquemas al acudir a su centro de salud m\u00e1s cercano, a fin de protegerlos de esta bacteria.<\/p>\n\n\n\n<p>Precis\u00f3 que SSO cuentan con abasto suficiente de biol\u00f3gicos necesarios para proteger a la poblaci\u00f3n infantil, principalmente: la vacuna hexavalente (difteria, t\u00e9tanos, tos ferina, poliomielitis, Haemophilus influenzae tipo b y hepatitis B), que debe ser aplicada en cuatro dosis a los 2, 4, 6 y 18 meses de edad.<\/p>\n\n\n\n<p>As\u00ed como de la vacuna DPT (difteria, tos ferina y t\u00e9tanos), que es un esquema de refuerzo a partir de los 4 a\u00f1os; la Tdpa (t\u00e9tanos, difteria y tos ferina) es una dosis \u00fanica recomendada a todas las embarazadas despu\u00e9s de 20 semanas de gestaci\u00f3n.<\/p>\n\n\n\n<p>El funcionario subray\u00f3 que se trabaja de manera coordinada con la Secretar\u00eda de Salud federal y la Coordinaci\u00f3n Estatal del IMSS-Bienestar para mantener el suministro de vacunas y medicamentos en toda la red hospitalaria.<\/p>\n\n\n\n<p>Asimismo, explic\u00f3 que las seis Jurisdicciones Sanitarias del estado realizan monitoreo semanal de demanda y de existencias en clave, con el prop\u00f3sito de garantizar el abasto oportuno y cubrir puntualmente las necesidades de cada regi\u00f3n.<\/p>\n\n\n\n<p>Por indicaci\u00f3n del Gobernador Salom\u00f3n Jara Cruz, SSO permanecen atentos a las prioridades de la poblaci\u00f3n, reforzando acciones para consolidar un sistema de salud s\u00f3lido y accesible, que proteja la vida y el bienestar de las familias oaxaque\u00f1as.<\/p>\n\n\n\n<p>-0-<\/p>\n","protected":false},"excerpt":{"rendered":"<p>\u2022 Existe suficiente abasto de biol\u00f3gicos en las unidades m\u00e9dicas Oaxaca de Ju\u00e1rez, Oax. 21&#8230;<\/p>\n","protected":false},"author":4,"featured_media":40260,"comment_status":"closed","ping_status":"open","sticky":false,"template":"","format":"standard","meta":{"footnotes":""},"categories":[92],"tags":[],"jetpack_sharing_enabled":true,"featured_image_urls":{"full":["https:\/\/contextoanalisisperiodistico.com\/wp-content\/uploads\/2025\/04\/IMG-20250421-WA0102.jpg",1600,1066,false],"thumbnail":["https:\/\/contextoanalisisperiodistico.com\/wp-content\/uploads\/2025\/04\/IMG-20250421-WA0102-150x150.jpg",150,150,true],"medium":["https:\/\/contextoanalisisperiodistico.com\/wp-content\/uploads\/2025\/04\/IMG-20250421-WA0102-300x200.jpg",300,200,true],"medium_large":["https:\/\/contextoanalisisperiodistico.com\/wp-content\/uploads\/2025\/04\/IMG-20250421-WA0102-768x512.jpg",640,427,true],"large":["https:\/\/contextoanalisisperiodistico.com\/wp-content\/uploads\/2025\/04\/IMG-20250421-WA0102-1024x682.jpg",640,426,true],"1536x1536":["https:\/\/contextoanalisisperiodistico.com\/wp-content\/uploads\/2025\/04\/IMG-20250421-WA0102-1536x1023.jpg",1536,1023,true],"2048x2048":["https:\/\/contextoanalisisperiodistico.com\/wp-content\/uploads\/2025\/04\/IMG-20250421-WA0102.jpg",1600,1066,false],"covernews-slider-full":["https:\/\/contextoanalisisperiodistico.com\/wp-content\/uploads\/2025\/04\/IMG-20250421-WA0102-1115x715.jpg",1115,715,true],"covernews-slider-center":["https:\/\/contextoanalisisperiodistico.com\/wp-content\/uploads\/2025\/04\/IMG-20250421-WA0102-800x500.jpg",800,500,true],"covernews-featured":["https:\/\/contextoanalisisperiodistico.com\/wp-content\/uploads\/2025\/04\/IMG-20250421-WA0102-1024x682.jpg",1024,682,true],"covernews-medium":["https:\/\/contextoanalisisperiodistico.com\/wp-content\/uploads\/2025\/04\/IMG-20250421-WA0102-540x340.jpg",540,340,true],"covernews-medium-square":["https:\/\/contextoanalisisperiodistico.com\/wp-content\/uploads\/2025\/04\/IMG-20250421-WA0102-400x250.jpg",400,250,true]},"author_info":{"display_name":"Mario Gir\u00f3n","author_link":"https:\/\/contextoanalisisperiodistico.com\/index.php\/author\/director\/"},"category_info":"<a href=\"https:\/\/contextoanalisisperiodistico.com\/index.php\/category\/salud\/\" rel=\"category tag\">Salud<\/a>","tag_info":"Salud","comment_count":"0","jetpack_featured_media_url":"https:\/\/contextoanalisisperiodistico.com\/wp-content\/uploads\/2025\/04\/IMG-20250421-WA0102.jpg","_links":{"self":[{"href":"https:\/\/contextoanalisisperiodistico.com\/index.php\/wp-json\/wp\/v2\/posts\/40261"}],"collection":[{"href":"https:\/\/contextoanalisisperiodistico.com\/index.php\/wp-json\/wp\/v2\/posts"}],"about":[{"href":"https:\/\/contextoanalisisperiodistico.com\/index.php\/wp-json\/wp\/v2\/types\/post"}],"author":[{"embeddable":true,"href":"https:\/\/contextoanalisisperiodistico.com\/index.php\/wp-json\/wp\/v2\/users\/4"}],"replies":[{"embeddable":true,"href":"https:\/\/contextoanalisisperiodistico.com\/index.php\/wp-json\/wp\/v2\/comments?post=40261"}],"version-history":[{"count":1,"href":"https:\/\/contextoanalisisperiodistico.com\/index.php\/wp-json\/wp\/v2\/posts\/40261\/revisions"}],"predecessor-version":[{"id":40262,"href":"https:\/\/contextoanalisisperiodistico.com\/index.php\/wp-json\/wp\/v2\/posts\/40261\/revisions\/40262"}],"wp:featuredmedia":[{"embeddable":true,"href":"https:\/\/contextoanalisisperiodistico.com\/index.php\/wp-json\/wp\/v2\/media\/40260"}],"wp:attachment":[{"href":"https:\/\/contextoanalisisperiodistico.com\/index.php\/wp-json\/wp\/v2\/media?parent=40261"}],"wp:term":[{"taxonomy":"category","embeddable":true,"href":"https:\/\/contextoanalisisperiodistico.com\/index.php\/wp-json\/wp\/v2\/categories?post=40261"},{"taxonomy":"post_tag","embeddable":true,"href":"https:\/\/contextoanalisisperiodistico.com\/index.php\/wp-json\/wp\/v2\/tags?post=40261"}],"curies":[{"name":"wp","href":"https:\/\/api.w.org\/{rel}","templated":true}]}}