{"id":40117,"date":"2025-04-18T14:07:20","date_gmt":"2025-04-18T20:07:20","guid":{"rendered":"https:\/\/contextoanalisisperiodistico.com\/index.php\/2025\/04\/18\/concierto-de-musica-sacra-llena-de-espiritualidad-el-corazon-de-oaxaca\/"},"modified":"2025-04-18T14:07:20","modified_gmt":"2025-04-18T20:07:20","slug":"concierto-de-musica-sacra-llena-de-espiritualidad-el-corazon-de-oaxaca","status":"publish","type":"post","link":"https:\/\/contextoanalisisperiodistico.com\/index.php\/2025\/04\/18\/concierto-de-musica-sacra-llena-de-espiritualidad-el-corazon-de-oaxaca\/","title":{"rendered":"Concierto de m\u00fasica sacra llena de espiritualidad el coraz\u00f3n de Oaxaca"},"content":{"rendered":"<div id=\"fb-root\"><\/div>\n\n<p>\u2022 La Camerata Oaxaca ofreci\u00f3 una emotiva velada en emblem\u00e1tico recinto, como parte de las celebraciones de Semana Santa 2025<\/p>\n\n\n\n<figure class=\"wp-block-image size-large\"><img fetchpriority=\"high\" decoding=\"async\" width=\"1024\" height=\"683\" src=\"https:\/\/contextoanalisisperiodistico.com\/wp-content\/uploads\/2025\/04\/img-20250418-wa00666780279540196141797-1024x683.jpg\" alt=\"\" class=\"wp-image-40113\" srcset=\"https:\/\/contextoanalisisperiodistico.com\/wp-content\/uploads\/2025\/04\/img-20250418-wa00666780279540196141797-1024x683.jpg 1024w, https:\/\/contextoanalisisperiodistico.com\/wp-content\/uploads\/2025\/04\/img-20250418-wa00666780279540196141797-300x200.jpg 300w, https:\/\/contextoanalisisperiodistico.com\/wp-content\/uploads\/2025\/04\/img-20250418-wa00666780279540196141797-768x512.jpg 768w, https:\/\/contextoanalisisperiodistico.com\/wp-content\/uploads\/2025\/04\/img-20250418-wa00666780279540196141797-1536x1025.jpg 1536w, https:\/\/contextoanalisisperiodistico.com\/wp-content\/uploads\/2025\/04\/img-20250418-wa00666780279540196141797.jpg 2000w\" sizes=\"(max-width: 1024px) 100vw, 1024px\" \/><\/figure>\n\n\n\n<figure class=\"wp-block-image\"><img decoding=\"async\" width=\"1024\" height=\"683\" src=\"https:\/\/contextoanalisisperiodistico.com\/wp-content\/uploads\/2025\/04\/img-20250418-wa00707384261416790036000-1024x683.jpg\" alt=\"\" class=\"wp-image-40112\" srcset=\"https:\/\/contextoanalisisperiodistico.com\/wp-content\/uploads\/2025\/04\/img-20250418-wa00707384261416790036000-1024x683.jpg 1024w, https:\/\/contextoanalisisperiodistico.com\/wp-content\/uploads\/2025\/04\/img-20250418-wa00707384261416790036000-300x200.jpg 300w, https:\/\/contextoanalisisperiodistico.com\/wp-content\/uploads\/2025\/04\/img-20250418-wa00707384261416790036000-768x512.jpg 768w, https:\/\/contextoanalisisperiodistico.com\/wp-content\/uploads\/2025\/04\/img-20250418-wa00707384261416790036000-1536x1025.jpg 1536w, https:\/\/contextoanalisisperiodistico.com\/wp-content\/uploads\/2025\/04\/img-20250418-wa00707384261416790036000.jpg 2000w\" sizes=\"(max-width: 1024px) 100vw, 1024px\" \/><\/figure>\n\n\n\n<figure class=\"wp-block-image\"><img decoding=\"async\" width=\"1024\" height=\"683\" src=\"https:\/\/contextoanalisisperiodistico.com\/wp-content\/uploads\/2025\/04\/img-20250418-wa00692630940714146431237-1024x683.jpg\" alt=\"\" class=\"wp-image-40116\" srcset=\"https:\/\/contextoanalisisperiodistico.com\/wp-content\/uploads\/2025\/04\/img-20250418-wa00692630940714146431237-1024x683.jpg 1024w, https:\/\/contextoanalisisperiodistico.com\/wp-content\/uploads\/2025\/04\/img-20250418-wa00692630940714146431237-300x200.jpg 300w, https:\/\/contextoanalisisperiodistico.com\/wp-content\/uploads\/2025\/04\/img-20250418-wa00692630940714146431237-768x512.jpg 768w, https:\/\/contextoanalisisperiodistico.com\/wp-content\/uploads\/2025\/04\/img-20250418-wa00692630940714146431237-1536x1025.jpg 1536w, https:\/\/contextoanalisisperiodistico.com\/wp-content\/uploads\/2025\/04\/img-20250418-wa00692630940714146431237.jpg 2000w\" sizes=\"(max-width: 1024px) 100vw, 1024px\" \/><\/figure>\n\n\n\n<figure class=\"wp-block-image\"><img loading=\"lazy\" decoding=\"async\" width=\"1024\" height=\"683\" src=\"https:\/\/contextoanalisisperiodistico.com\/wp-content\/uploads\/2025\/04\/img-20250418-wa00687468436872758078289-1024x683.jpg\" alt=\"\" class=\"wp-image-40115\" srcset=\"https:\/\/contextoanalisisperiodistico.com\/wp-content\/uploads\/2025\/04\/img-20250418-wa00687468436872758078289-1024x683.jpg 1024w, https:\/\/contextoanalisisperiodistico.com\/wp-content\/uploads\/2025\/04\/img-20250418-wa00687468436872758078289-300x200.jpg 300w, https:\/\/contextoanalisisperiodistico.com\/wp-content\/uploads\/2025\/04\/img-20250418-wa00687468436872758078289-768x512.jpg 768w, https:\/\/contextoanalisisperiodistico.com\/wp-content\/uploads\/2025\/04\/img-20250418-wa00687468436872758078289-1536x1025.jpg 1536w, https:\/\/contextoanalisisperiodistico.com\/wp-content\/uploads\/2025\/04\/img-20250418-wa00687468436872758078289.jpg 2000w\" sizes=\"(max-width: 1024px) 100vw, 1024px\" \/><\/figure>\n\n\n\n<figure class=\"wp-block-image\"><img loading=\"lazy\" decoding=\"async\" width=\"1024\" height=\"683\" src=\"https:\/\/contextoanalisisperiodistico.com\/wp-content\/uploads\/2025\/04\/img-20250418-wa00654861595569101985242-1024x683.jpg\" alt=\"\" class=\"wp-image-40114\" srcset=\"https:\/\/contextoanalisisperiodistico.com\/wp-content\/uploads\/2025\/04\/img-20250418-wa00654861595569101985242-1024x683.jpg 1024w, https:\/\/contextoanalisisperiodistico.com\/wp-content\/uploads\/2025\/04\/img-20250418-wa00654861595569101985242-300x200.jpg 300w, https:\/\/contextoanalisisperiodistico.com\/wp-content\/uploads\/2025\/04\/img-20250418-wa00654861595569101985242-768x512.jpg 768w, https:\/\/contextoanalisisperiodistico.com\/wp-content\/uploads\/2025\/04\/img-20250418-wa00654861595569101985242-1536x1025.jpg 1536w, https:\/\/contextoanalisisperiodistico.com\/wp-content\/uploads\/2025\/04\/img-20250418-wa00654861595569101985242.jpg 2000w\" sizes=\"(max-width: 1024px) 100vw, 1024px\" \/><\/figure>\n\n\n\n<p>Oaxaca de Ju\u00e1rez, Oax., 18 de abril de 2025.\u2013 En el marco de las actividades culturales por la Semana Santa 2025, la Camerata Oaxaca ofreci\u00f3 un concierto de m\u00fasica sacra en el sal\u00f3n \u201cLa Capilla\u201d del emblem\u00e1tico Hotel Quinta Real. La velada, de gran solemnidad y sensibilidad art\u00edstica, reuni\u00f3 a oaxaque\u00f1as, oaxaque\u00f1os y visitantes que acudieron para vivir una experiencia musical cargada de fe y emoci\u00f3n.<\/p>\n\n\n\n<p>Bajo la direcci\u00f3n del maestro Samuel L\u00f3pez y con la participaci\u00f3n del ensamble vocal de Camerata Oaxaca, se interpret\u00f3 el Stabat Mater de Antonio Vivaldi, una obra cl\u00e1sica del barroco sacro que retrata el dolor de la Virgen Mar\u00eda al pie de la cruz. La actriz Male Villegas tambi\u00e9n particip\u00f3 en la interpretaci\u00f3n esc\u00e9nica del programa, dotando al concierto de una dimensi\u00f3n narrativa \u00fanica.<\/p>\n\n\n\n<p>En la segunda parte del programa se present\u00f3 Las horas de desolaci\u00f3n de Mar\u00eda, composici\u00f3n del maestro Jos\u00e9 Mar\u00eda de Carlo, que retrata momentos de introspecci\u00f3n y duelo posteriores a la crucifixi\u00f3n de Cristo. La interpretaci\u00f3n musical estuvo a cargo de un ensamble de cuerdas, piano y voces que conmovieron al p\u00fablico presente.<\/p>\n\n\n\n<p>Este concierto reafirma el compromiso del municipio de Oaxaca de Ju\u00e1rez, a trav\u00e9s de su Secretar\u00eda de Turismo con la promoci\u00f3n de las expresiones art\u00edsticas que enriquecen la espiritualidad en estas fechas. Asimismo, posiciona a la ciudad como un destino cultural de primer nivel durante las celebraciones religiosas.<\/p>\n\n\n\n<p>La Camerata Oaxaca, con m\u00e1s de siete a\u00f1os de trayectoria, contin\u00faa consolid\u00e1ndose como una de las agrupaciones musicales m\u00e1s representativas del estado, ofreciendo repertorios que van desde la m\u00fasica cl\u00e1sica hasta la contempor\u00e1nea, con especial \u00e9nfasis en la tradici\u00f3n y talento oaxaque\u00f1o.<\/p>\n","protected":false},"excerpt":{"rendered":"<p>\u2022 La Camerata Oaxaca ofreci\u00f3 una emotiva velada en emblem\u00e1tico recinto, como parte de las&#8230;<\/p>\n","protected":false},"author":4,"featured_media":40111,"comment_status":"","ping_status":"open","sticky":false,"template":"","format":"standard","meta":{"footnotes":""},"categories":[4],"tags":[178,235,234,45],"jetpack_sharing_enabled":true,"featured_image_urls":{"full":["https:\/\/contextoanalisisperiodistico.com\/wp-content\/uploads\/2025\/04\/IMG-20250418-WA0067-scaled.jpg",2560,1706,false],"thumbnail":["https:\/\/contextoanalisisperiodistico.com\/wp-content\/uploads\/2025\/04\/IMG-20250418-WA0067-150x150.jpg",150,150,true],"medium":["https:\/\/contextoanalisisperiodistico.com\/wp-content\/uploads\/2025\/04\/IMG-20250418-WA0067-300x200.jpg",300,200,true],"medium_large":["https:\/\/contextoanalisisperiodistico.com\/wp-content\/uploads\/2025\/04\/IMG-20250418-WA0067-768x512.jpg",640,427,true],"large":["https:\/\/contextoanalisisperiodistico.com\/wp-content\/uploads\/2025\/04\/IMG-20250418-WA0067-1024x683.jpg",640,427,true],"1536x1536":["https:\/\/contextoanalisisperiodistico.com\/wp-content\/uploads\/2025\/04\/IMG-20250418-WA0067-1536x1024.jpg",1536,1024,true],"2048x2048":["https:\/\/contextoanalisisperiodistico.com\/wp-content\/uploads\/2025\/04\/IMG-20250418-WA0067-2048x1365.jpg",2048,1365,true],"covernews-slider-full":["https:\/\/contextoanalisisperiodistico.com\/wp-content\/uploads\/2025\/04\/IMG-20250418-WA0067-1115x715.jpg",1115,715,true],"covernews-slider-center":["https:\/\/contextoanalisisperiodistico.com\/wp-content\/uploads\/2025\/04\/IMG-20250418-WA0067-800x500.jpg",800,500,true],"covernews-featured":["https:\/\/contextoanalisisperiodistico.com\/wp-content\/uploads\/2025\/04\/IMG-20250418-WA0067-scaled.jpg",1024,682,false],"covernews-medium":["https:\/\/contextoanalisisperiodistico.com\/wp-content\/uploads\/2025\/04\/IMG-20250418-WA0067-scaled.jpg",510,340,false],"covernews-medium-square":["https:\/\/contextoanalisisperiodistico.com\/wp-content\/uploads\/2025\/04\/IMG-20250418-WA0067-scaled.jpg",375,250,false]},"author_info":{"display_name":"Mario Gir\u00f3n","author_link":"https:\/\/contextoanalisisperiodistico.com\/index.php\/author\/director\/"},"category_info":"<a href=\"https:\/\/contextoanalisisperiodistico.com\/index.php\/category\/cultura\/\" rel=\"category tag\">Cultura<\/a>","tag_info":"Cultura","comment_count":"0","jetpack_featured_media_url":"https:\/\/contextoanalisisperiodistico.com\/wp-content\/uploads\/2025\/04\/IMG-20250418-WA0067-scaled.jpg","_links":{"self":[{"href":"https:\/\/contextoanalisisperiodistico.com\/index.php\/wp-json\/wp\/v2\/posts\/40117"}],"collection":[{"href":"https:\/\/contextoanalisisperiodistico.com\/index.php\/wp-json\/wp\/v2\/posts"}],"about":[{"href":"https:\/\/contextoanalisisperiodistico.com\/index.php\/wp-json\/wp\/v2\/types\/post"}],"author":[{"embeddable":true,"href":"https:\/\/contextoanalisisperiodistico.com\/index.php\/wp-json\/wp\/v2\/users\/4"}],"replies":[{"embeddable":true,"href":"https:\/\/contextoanalisisperiodistico.com\/index.php\/wp-json\/wp\/v2\/comments?post=40117"}],"version-history":[{"count":0,"href":"https:\/\/contextoanalisisperiodistico.com\/index.php\/wp-json\/wp\/v2\/posts\/40117\/revisions"}],"wp:featuredmedia":[{"embeddable":true,"href":"https:\/\/contextoanalisisperiodistico.com\/index.php\/wp-json\/wp\/v2\/media\/40111"}],"wp:attachment":[{"href":"https:\/\/contextoanalisisperiodistico.com\/index.php\/wp-json\/wp\/v2\/media?parent=40117"}],"wp:term":[{"taxonomy":"category","embeddable":true,"href":"https:\/\/contextoanalisisperiodistico.com\/index.php\/wp-json\/wp\/v2\/categories?post=40117"},{"taxonomy":"post_tag","embeddable":true,"href":"https:\/\/contextoanalisisperiodistico.com\/index.php\/wp-json\/wp\/v2\/tags?post=40117"}],"curies":[{"name":"wp","href":"https:\/\/api.w.org\/{rel}","templated":true}]}}