{"id":40110,"date":"2025-04-18T13:57:22","date_gmt":"2025-04-18T19:57:22","guid":{"rendered":"https:\/\/contextoanalisisperiodistico.com\/index.php\/2025\/04\/18\/preservan-la-imagen-urbana-del-centro-historico-con-acciones-de-limpieza-y-mantenimiento\/"},"modified":"2025-04-18T13:57:22","modified_gmt":"2025-04-18T19:57:22","slug":"preservan-la-imagen-urbana-del-centro-historico-con-acciones-de-limpieza-y-mantenimiento","status":"publish","type":"post","link":"https:\/\/contextoanalisisperiodistico.com\/index.php\/2025\/04\/18\/preservan-la-imagen-urbana-del-centro-historico-con-acciones-de-limpieza-y-mantenimiento\/","title":{"rendered":"Preservan la imagen urbana del Centro Hist\u00f3rico con acciones de limpieza y mantenimiento"},"content":{"rendered":"<div id=\"fb-root\"><\/div>\n\n<p>\u2022 El Gobierno de Ray Chagoya impulsa labores para mantener una ciudad limpia, segura y ordenada<\/p>\n\n\n\n<figure class=\"wp-block-image size-large\"><img fetchpriority=\"high\" decoding=\"async\" width=\"768\" height=\"1024\" src=\"https:\/\/contextoanalisisperiodistico.com\/wp-content\/uploads\/2025\/04\/img-20250418-wa00536050749163914130858-768x1024.jpg\" alt=\"\" class=\"wp-image-40104\" srcset=\"https:\/\/contextoanalisisperiodistico.com\/wp-content\/uploads\/2025\/04\/img-20250418-wa00536050749163914130858-768x1024.jpg 768w, https:\/\/contextoanalisisperiodistico.com\/wp-content\/uploads\/2025\/04\/img-20250418-wa00536050749163914130858-225x300.jpg 225w, https:\/\/contextoanalisisperiodistico.com\/wp-content\/uploads\/2025\/04\/img-20250418-wa00536050749163914130858.jpg 960w\" sizes=\"(max-width: 768px) 100vw, 768px\" \/><\/figure>\n\n\n\n<figure class=\"wp-block-image\"><img decoding=\"async\" width=\"576\" height=\"1024\" src=\"https:\/\/contextoanalisisperiodistico.com\/wp-content\/uploads\/2025\/04\/img-20250418-wa00484951773817123466638-576x1024.jpg\" alt=\"\" class=\"wp-image-40107\" srcset=\"https:\/\/contextoanalisisperiodistico.com\/wp-content\/uploads\/2025\/04\/img-20250418-wa00484951773817123466638-576x1024.jpg 576w, https:\/\/contextoanalisisperiodistico.com\/wp-content\/uploads\/2025\/04\/img-20250418-wa00484951773817123466638-169x300.jpg 169w, https:\/\/contextoanalisisperiodistico.com\/wp-content\/uploads\/2025\/04\/img-20250418-wa00484951773817123466638-768x1365.jpg 768w, https:\/\/contextoanalisisperiodistico.com\/wp-content\/uploads\/2025\/04\/img-20250418-wa00484951773817123466638-864x1536.jpg 864w, https:\/\/contextoanalisisperiodistico.com\/wp-content\/uploads\/2025\/04\/img-20250418-wa00484951773817123466638.jpg 900w\" sizes=\"(max-width: 576px) 100vw, 576px\" \/><\/figure>\n\n\n\n<figure class=\"wp-block-image\"><img decoding=\"async\" width=\"576\" height=\"1024\" src=\"https:\/\/contextoanalisisperiodistico.com\/wp-content\/uploads\/2025\/04\/img-20250418-wa0052135623130856869191-576x1024.jpg\" alt=\"\" class=\"wp-image-40105\" srcset=\"https:\/\/contextoanalisisperiodistico.com\/wp-content\/uploads\/2025\/04\/img-20250418-wa0052135623130856869191-576x1024.jpg 576w, https:\/\/contextoanalisisperiodistico.com\/wp-content\/uploads\/2025\/04\/img-20250418-wa0052135623130856869191-169x300.jpg 169w, https:\/\/contextoanalisisperiodistico.com\/wp-content\/uploads\/2025\/04\/img-20250418-wa0052135623130856869191.jpg 720w\" sizes=\"(max-width: 576px) 100vw, 576px\" \/><\/figure>\n\n\n\n<figure class=\"wp-block-image\"><img loading=\"lazy\" decoding=\"async\" width=\"576\" height=\"1024\" src=\"https:\/\/contextoanalisisperiodistico.com\/wp-content\/uploads\/2025\/04\/img-20250418-wa00496241443233711368387-576x1024.jpg\" alt=\"\" class=\"wp-image-40106\" srcset=\"https:\/\/contextoanalisisperiodistico.com\/wp-content\/uploads\/2025\/04\/img-20250418-wa00496241443233711368387-576x1024.jpg 576w, https:\/\/contextoanalisisperiodistico.com\/wp-content\/uploads\/2025\/04\/img-20250418-wa00496241443233711368387-169x300.jpg 169w, https:\/\/contextoanalisisperiodistico.com\/wp-content\/uploads\/2025\/04\/img-20250418-wa00496241443233711368387-768x1366.jpg 768w, https:\/\/contextoanalisisperiodistico.com\/wp-content\/uploads\/2025\/04\/img-20250418-wa00496241443233711368387-864x1536.jpg 864w, https:\/\/contextoanalisisperiodistico.com\/wp-content\/uploads\/2025\/04\/img-20250418-wa00496241443233711368387.jpg 899w\" sizes=\"(max-width: 576px) 100vw, 576px\" \/><\/figure>\n\n\n\n<figure class=\"wp-block-image\"><img loading=\"lazy\" decoding=\"async\" width=\"576\" height=\"1024\" src=\"https:\/\/contextoanalisisperiodistico.com\/wp-content\/uploads\/2025\/04\/img-20250418-wa00514802925068524096874-576x1024.jpg\" alt=\"\" class=\"wp-image-40108\" srcset=\"https:\/\/contextoanalisisperiodistico.com\/wp-content\/uploads\/2025\/04\/img-20250418-wa00514802925068524096874-576x1024.jpg 576w, https:\/\/contextoanalisisperiodistico.com\/wp-content\/uploads\/2025\/04\/img-20250418-wa00514802925068524096874-169x300.jpg 169w, https:\/\/contextoanalisisperiodistico.com\/wp-content\/uploads\/2025\/04\/img-20250418-wa00514802925068524096874.jpg 720w\" sizes=\"(max-width: 576px) 100vw, 576px\" \/><\/figure>\n\n\n\n<figure class=\"wp-block-image\"><img loading=\"lazy\" decoding=\"async\" width=\"576\" height=\"1024\" src=\"https:\/\/contextoanalisisperiodistico.com\/wp-content\/uploads\/2025\/04\/img-20250418-wa00477202332303121100684-576x1024.jpg\" alt=\"\" class=\"wp-image-40109\" srcset=\"https:\/\/contextoanalisisperiodistico.com\/wp-content\/uploads\/2025\/04\/img-20250418-wa00477202332303121100684-576x1024.jpg 576w, https:\/\/contextoanalisisperiodistico.com\/wp-content\/uploads\/2025\/04\/img-20250418-wa00477202332303121100684-169x300.jpg 169w, https:\/\/contextoanalisisperiodistico.com\/wp-content\/uploads\/2025\/04\/img-20250418-wa00477202332303121100684-768x1366.jpg 768w, https:\/\/contextoanalisisperiodistico.com\/wp-content\/uploads\/2025\/04\/img-20250418-wa00477202332303121100684-864x1536.jpg 864w, https:\/\/contextoanalisisperiodistico.com\/wp-content\/uploads\/2025\/04\/img-20250418-wa00477202332303121100684.jpg 899w\" sizes=\"(max-width: 576px) 100vw, 576px\" \/><\/figure>\n\n\n\n<p>Oaxaca de Ju\u00e1rez, Oax., 18 de abril de 2025.- Como parte del compromiso por mantener en \u00f3ptimas condiciones los espacios m\u00e1s representativos de la ciudad, la cuadrilla del Centro Hist\u00f3rico de la Secretar\u00eda de Obras P\u00fablicas y Desarrollo Urbano realiz\u00f3 trabajos de limpieza y lavado sobre la calle Macedonio Alcal\u00e1, justo frente a la emblem\u00e1tica Iglesia de Santo Domingo de Guzm\u00e1n.<\/p>\n\n\n\n<p>Estas labores buscan preservar la imagen urbana del coraz\u00f3n de la capital, que es punto de encuentro para visitantes y habitantes, as\u00ed como Patrimonio Mundial por su riqueza hist\u00f3rica y arquitect\u00f3nica. Las acciones incluyeron el barrido, desazolve, remoci\u00f3n de residuos, limpieza profunda de jardineras y lavado de banquetas con agua tratada.<\/p>\n\n\n\n<p>De igual forma, con la cuadrilla de mantenimiento del Centro Hist\u00f3rico, se atendieron incidencias en calles, banquetas y espacios p\u00fablicos con especialistas en alba\u00f1iler\u00eda, carpinter\u00eda y herrer\u00eda.<\/p>\n\n\n\n<p>El presidente municipal Ray Chagoya ha instruido reforzar estos trabajos de mantenimiento como parte de una estrategia integral para dignificar los espacios p\u00fablicos y fortalecer el sentido de pertenencia de la ciudadan\u00eda. \u201cCuidar el Centro Hist\u00f3rico es cuidar la identidad de Oaxaca de Ju\u00e1rez\u201d, ha expresado.<\/p>\n\n\n\n<p>El Gobierno Municipal reitera su compromiso con una capital limpia, ordenada y viva, y continuar\u00e1 impulsando este tipo de intervenciones que transforman y embellecen el entorno urbano en beneficio de todas y todos.<\/p>\n","protected":false},"excerpt":{"rendered":"<p>\u2022 El Gobierno de Ray Chagoya impulsa labores para mantener una ciudad limpia, segura y&#8230;<\/p>\n","protected":false},"author":4,"featured_media":40103,"comment_status":"","ping_status":"open","sticky":false,"template":"","format":"standard","meta":{"footnotes":""},"categories":[9],"tags":[178,235,234,45],"jetpack_sharing_enabled":true,"featured_image_urls":{"full":["https:\/\/contextoanalisisperiodistico.com\/wp-content\/uploads\/2025\/04\/IMG-20250418-WA0050.jpg",960,1280,false],"thumbnail":["https:\/\/contextoanalisisperiodistico.com\/wp-content\/uploads\/2025\/04\/IMG-20250418-WA0050-150x150.jpg",150,150,true],"medium":["https:\/\/contextoanalisisperiodistico.com\/wp-content\/uploads\/2025\/04\/IMG-20250418-WA0050-225x300.jpg",225,300,true],"medium_large":["https:\/\/contextoanalisisperiodistico.com\/wp-content\/uploads\/2025\/04\/IMG-20250418-WA0050-768x1024.jpg",640,853,true],"large":["https:\/\/contextoanalisisperiodistico.com\/wp-content\/uploads\/2025\/04\/IMG-20250418-WA0050-768x1024.jpg",640,853,true],"1536x1536":["https:\/\/contextoanalisisperiodistico.com\/wp-content\/uploads\/2025\/04\/IMG-20250418-WA0050.jpg",960,1280,false],"2048x2048":["https:\/\/contextoanalisisperiodistico.com\/wp-content\/uploads\/2025\/04\/IMG-20250418-WA0050.jpg",960,1280,false],"covernews-slider-full":["https:\/\/contextoanalisisperiodistico.com\/wp-content\/uploads\/2025\/04\/IMG-20250418-WA0050-960x715.jpg",960,715,true],"covernews-slider-center":["https:\/\/contextoanalisisperiodistico.com\/wp-content\/uploads\/2025\/04\/IMG-20250418-WA0050-800x500.jpg",800,500,true],"covernews-featured":["https:\/\/contextoanalisisperiodistico.com\/wp-content\/uploads\/2025\/04\/IMG-20250418-WA0050.jpg",960,1280,false],"covernews-medium":["https:\/\/contextoanalisisperiodistico.com\/wp-content\/uploads\/2025\/04\/IMG-20250418-WA0050-540x340.jpg",540,340,true],"covernews-medium-square":["https:\/\/contextoanalisisperiodistico.com\/wp-content\/uploads\/2025\/04\/IMG-20250418-WA0050-400x250.jpg",400,250,true]},"author_info":{"display_name":"Mario Gir\u00f3n","author_link":"https:\/\/contextoanalisisperiodistico.com\/index.php\/author\/director\/"},"category_info":"<a href=\"https:\/\/contextoanalisisperiodistico.com\/index.php\/category\/politica\/\" rel=\"category tag\">Pol\u00edtica<\/a>","tag_info":"Pol\u00edtica","comment_count":"0","jetpack_featured_media_url":"https:\/\/contextoanalisisperiodistico.com\/wp-content\/uploads\/2025\/04\/IMG-20250418-WA0050.jpg","_links":{"self":[{"href":"https:\/\/contextoanalisisperiodistico.com\/index.php\/wp-json\/wp\/v2\/posts\/40110"}],"collection":[{"href":"https:\/\/contextoanalisisperiodistico.com\/index.php\/wp-json\/wp\/v2\/posts"}],"about":[{"href":"https:\/\/contextoanalisisperiodistico.com\/index.php\/wp-json\/wp\/v2\/types\/post"}],"author":[{"embeddable":true,"href":"https:\/\/contextoanalisisperiodistico.com\/index.php\/wp-json\/wp\/v2\/users\/4"}],"replies":[{"embeddable":true,"href":"https:\/\/contextoanalisisperiodistico.com\/index.php\/wp-json\/wp\/v2\/comments?post=40110"}],"version-history":[{"count":0,"href":"https:\/\/contextoanalisisperiodistico.com\/index.php\/wp-json\/wp\/v2\/posts\/40110\/revisions"}],"wp:featuredmedia":[{"embeddable":true,"href":"https:\/\/contextoanalisisperiodistico.com\/index.php\/wp-json\/wp\/v2\/media\/40103"}],"wp:attachment":[{"href":"https:\/\/contextoanalisisperiodistico.com\/index.php\/wp-json\/wp\/v2\/media?parent=40110"}],"wp:term":[{"taxonomy":"category","embeddable":true,"href":"https:\/\/contextoanalisisperiodistico.com\/index.php\/wp-json\/wp\/v2\/categories?post=40110"},{"taxonomy":"post_tag","embeddable":true,"href":"https:\/\/contextoanalisisperiodistico.com\/index.php\/wp-json\/wp\/v2\/tags?post=40110"}],"curies":[{"name":"wp","href":"https:\/\/api.w.org\/{rel}","templated":true}]}}